{"id":22466,"date":"2020-06-09T10:20:52","date_gmt":"2020-06-09T10:20:52","guid":{"rendered":"http:\/\/fram.is\/?p=22466"},"modified":"2020-06-09T10:20:52","modified_gmt":"2020-06-09T10:20:52","slug":"tiu-fra-fram-i-aefingahopi-islands-u16","status":"publish","type":"post","link":"https:\/\/fram.is\/is\/2020\/06\/09\/tiu-fra-fram-i-aefingahopi-islands-u16\/","title":{"rendered":"T\u00edu fr\u00e1 Fram \u00ed \u00e6fingah\u00f3pi \u00cdslands U16"},"content":{"rendered":"<div class=\"wp-block-image\"><figure class=\"alignright is-resized\"><img fetchpriority=\"high\" decoding=\"async\" src=\"http:\/\/fram.is\/wp-content\/uploads\/2020\/06\/Str\u00e1kar-U16-g\u00f3\u00f0.jpg\" alt=\"\" class=\"wp-image-22482\" width=\"316\" height=\"364\"\/><\/figure><\/div><p>Landsli\u00f0s\u00fej\u00e1lfarar \u00cdslands U16 \u00ed handbolta \u00feeir, Halld\u00f3r J\u00f3hann Sigf\u00fasson og K\u00e1ri Gar\u00f0arsson hafi vali\u00f0 tvo h\u00f3pa til \u00e6finga helgina 12. &#8211; 14. j\u00fan\u00ed.\u00a0 H\u00f3parnir eru aldursskiptir, drengir f\u00e6ddir 2004 og drengir f\u00e6ddir 2005.<br><br>Vi\u00f0 Framarar erum stoltir af \u00fev\u00ed a\u00f0 eiga t\u00edu drengi \u00ed \u00feessu \u00e6fingah\u00f3pi \u00cdslands en \u00feeir sem voru valdir fr\u00e1 FRAM a\u00f0 \u00feessu sinni eru:<br><\/p><p><br> Breki Hrafn \u00c1rnason\u00a0\u00a0\u00a0\u00a0\u00a0\u00a0\u00a0\u00a0\u00a0\u00a0\u00a0\u00a0\u00a0\u00a0\u00a0\u00a0\u00a0\u00a0\u00a0\u00a0\u00a0\u00a0 Fram<br> Kjartan J\u00fal\u00edusson\u00a0\u00a0\u00a0\u00a0\u00a0\u00a0\u00a0\u00a0\u00a0\u00a0\u00a0\u00a0\u00a0\u00a0\u00a0\u00a0\u00a0\u00a0\u00a0\u00a0\u00a0\u00a0\u00a0\u00a0\u00a0\u00a0\u00a0\u00a0\u00a0 Fram\u00a0<br> Kristj\u00e1n \u00d6rn Stef\u00e1nsson\u00a0\u00a0\u00a0\u00a0\u00a0\u00a0\u00a0\u00a0\u00a0\u00a0\u00a0\u00a0\u00a0\u00a0\u00a0\u00a0 Fram<br> Tindur Ing\u00f3lfsson\u00a0\u00a0\u00a0\u00a0\u00a0\u00a0\u00a0\u00a0\u00a0\u00a0\u00a0\u00a0\u00a0\u00a0\u00a0\u00a0\u00a0\u00a0\u00a0\u00a0\u00a0\u00a0\u00a0\u00a0\u00a0\u00a0\u00a0\u00a0 Fram<br> Veigar M\u00e1r Har\u00f0arson\u00a0\u00a0\u00a0\u00a0\u00a0\u00a0\u00a0\u00a0\u00a0\u00a0\u00a0\u00a0\u00a0\u00a0\u00a0\u00a0\u00a0\u00a0\u00a0 Fram<br> Alexander Arnarsson\u00a0\u00a0\u00a0\u00a0\u00a0\u00a0\u00a0\u00a0\u00a0\u00a0\u00a0\u00a0\u00a0\u00a0\u00a0\u00a0\u00a0\u00a0\u00a0\u00a0 Fram<br> Ei\u00f0ur Rafn Valsson\u00a0\u00a0\u00a0\u00a0\u00a0\u00a0\u00a0\u00a0\u00a0\u00a0\u00a0\u00a0\u00a0\u00a0\u00a0\u00a0\u00a0\u00a0\u00a0\u00a0\u00a0\u00a0\u00a0\u00a0\u00a0 Fram<br> El\u00ed Traustason\u00a0\u00a0\u00a0\u00a0\u00a0\u00a0\u00a0\u00a0\u00a0\u00a0\u00a0\u00a0\u00a0\u00a0\u00a0\u00a0\u00a0\u00a0\u00a0\u00a0\u00a0\u00a0\u00a0\u00a0\u00a0\u00a0\u00a0\u00a0\u00a0\u00a0\u00a0\u00a0\u00a0\u00a0 Fram<br> \u00d3liver Bent Hjaltal\u00edn\u00a0\u00a0\u00a0\u00a0\u00a0\u00a0\u00a0\u00a0\u00a0\u00a0\u00a0\u00a0\u00a0\u00a0\u00a0\u00a0\u00a0\u00a0\u00a0\u00a0\u00a0\u00a0 Fram<br> Reynir \u00de\u00f3r Stef\u00e1nsson\u00a0\u00a0\u00a0\u00a0\u00a0\u00a0\u00a0\u00a0\u00a0\u00a0\u00a0\u00a0\u00a0\u00a0\u00a0\u00a0\u00a0\u00a0\u00a0 Fram<br><br>\u00c1 myndina vantar Alexander og \u00d3liver<\/p><p>Gangi ykkur vel. <\/p><p>\u00c1FRAM FRAM <\/p>","protected":false},"excerpt":{"rendered":"<p>Landsli\u00f0s\u00fej\u00e1lfarar \u00cdslands U16 \u00ed handbolta \u00feeir, Halld\u00f3r J\u00f3hann Sigf\u00fasson og K\u00e1ri Gar\u00f0arsson hafi vali\u00f0 tvo h\u00f3pa til \u00e6finga helgina 12. &#8211; 14. j\u00fan\u00ed.\u00a0 H\u00f3parnir eru aldursskiptir, drengir f\u00e6ddir 2004 og [&hellip;]<\/p>","protected":false},"author":4,"featured_media":22483,"comment_status":"open","ping_status":"open","sticky":false,"template":"","format":"standard","meta":{"_monsterinsights_skip_tracking":false,"_monsterinsights_sitenote_active":false,"_monsterinsights_sitenote_note":"","_monsterinsights_sitenote_category":0,"_jetpack_memberships_contains_paid_content":false,"footnotes":""},"categories":[7,6],"tags":[],"class_list":["post-22466","post","type-post","status-publish","format-standard","has-post-thumbnail","hentry","category-yngri-flokkar","category-handbolti"],"jetpack_sharing_enabled":true,"jetpack_featured_media_url":"https:\/\/fram.is\/wp-content\/uploads\/2020\/06\/U16-str\u00e1kar-j\u00fan\u00ed-2020-vefur.jpg","_links":{"self":[{"href":"https:\/\/fram.is\/is\/wp-json\/wp\/v2\/posts\/22466","targetHints":{"allow":["GET"]}}],"collection":[{"href":"https:\/\/fram.is\/is\/wp-json\/wp\/v2\/posts"}],"about":[{"href":"https:\/\/fram.is\/is\/wp-json\/wp\/v2\/types\/post"}],"author":[{"embeddable":true,"href":"https:\/\/fram.is\/is\/wp-json\/wp\/v2\/users\/4"}],"replies":[{"embeddable":true,"href":"https:\/\/fram.is\/is\/wp-json\/wp\/v2\/comments?post=22466"}],"version-history":[{"count":0,"href":"https:\/\/fram.is\/is\/wp-json\/wp\/v2\/posts\/22466\/revisions"}],"wp:featuredmedia":[{"embeddable":true,"href":"https:\/\/fram.is\/is\/wp-json\/wp\/v2\/media\/22483"}],"wp:attachment":[{"href":"https:\/\/fram.is\/is\/wp-json\/wp\/v2\/media?parent=22466"}],"wp:term":[{"taxonomy":"category","embeddable":true,"href":"https:\/\/fram.is\/is\/wp-json\/wp\/v2\/categories?post=22466"},{"taxonomy":"post_tag","embeddable":true,"href":"https:\/\/fram.is\/is\/wp-json\/wp\/v2\/tags?post=22466"}],"curies":[{"name":"wp","href":"https:\/\/api.w.org\/{rel}","templated":true}]}}