{"id":22511,"date":"2020-06-15T14:47:36","date_gmt":"2020-06-15T14:47:36","guid":{"rendered":"http:\/\/fram.is\/?p=22511"},"modified":"2020-06-15T14:47:36","modified_gmt":"2020-06-15T14:47:36","slug":"reykjavikururvalid-20-drengir-fra-fram","status":"publish","type":"post","link":"https:\/\/fram.is\/is\/2020\/06\/15\/reykjavikururvalid-20-drengir-fra-fram\/","title":{"rendered":"Reykjav\u00edkur\u00farvali\u00f0, 20 drengir fr\u00e1 Fram"},"content":{"rendered":"<div class=\"wp-block-image\"><figure class=\"alignright is-resized\"><img fetchpriority=\"high\" decoding=\"async\" src=\"http:\/\/fram.is\/wp-content\/uploads\/2020\/06\/FRAM.jpg\" alt=\"\" class=\"wp-image-22512\" width=\"325\" height=\"216\"\/><\/figure><\/div><p>HKRR hefur vali\u00f0 Reykjav\u00edkur\u00farval, &nbsp;h\u00f3p drengja f\u00e6ddar 2004-2006 sem kemur sama\ntil \u00e6finga \u00ed j\u00fan\u00ed 2020. \u00c6fingarnar fara fram helgina 19. &#8211; 21. j\u00fan\u00ed og fara\nfram \u00ed Reykjav\u00edk. <br>\n<br>\nVi\u00f0 FRAMarar eru stoltir af \u00fev\u00ed a\u00f0 eiga 20 drengi sem voru valdir \u00ed \u00feessa\n\u00fartaksh\u00f3pa Reykjav\u00edkur en \u00fe\u00e6r sem voru valdar fr\u00e1 Fram a\u00f0 \u00feessu sinni eru: <\/p><p>\u00c6fingah\u00f3pur 2004-drengjaBreki Hrafn \u00c1rnason\u00a0 Fram <br>El\u00edas Hergeirsson\u00a0 Fram <br>\u00cdsak \u00cdsfeld\u00a0\u00a0\u00a0 Fram <br>Kjartan J\u00fal\u00edusson\u00a0 Fram <br>Kristj\u00e1n \u00d6rn Stef\u00e1nsson\u00a0 Fram <br>Sigur\u00f0ur Bjarki J\u00f3nsson\u00a0 Fram <br>Tindur Ing\u00f3lfsson\u00a0 Fram <br>Veigar Har\u00f0arson\u00a0 Fram<\/p><p>\u00c6fingah\u00f3pur 2005-drengja<br>Arn\u00fe\u00f3r S\u00e6varsson\u00a0 Fram <br>Aron Arnarsson\u00a0\u00a0 Fram <br>Dan\u00edel Stef\u00e1n Reynisson Fram <br>Eggert \u00d3lafsson\u00a0\u00a0 Fram <br>Gabr\u00edel \u00c6gisson\u00a0\u00a0 Fram <br>Garpur Gylfason\u00a0 Fram <br>Halld\u00f3r Tristan J\u00f3nsson\u00a0 Fram <br>\u00de\u00f3rbergur Hlynsson\u00a0 Fram <\/p><p>\u00c6fingah\u00f3pur 2006-drengja<br>J\u00f3hann \u00c6gisson\u00a0\u00a0 Fram <br>Marel Baldvinsson\u00a0 Fram <br>\u00deorri Stef\u00e1n \u00deorbj\u00f6rnsson Fram <br>\u00deorsteinn \u00d6rn Kjartansson Fram<\/p><p>Gr\u00ed\u00f0arlega flottur h\u00f3pur drengja, gangi ykkur vel. <\/p><p>\u00c1FRAM FRAM <\/p>","protected":false},"excerpt":{"rendered":"<p>HKRR hefur vali\u00f0 Reykjav\u00edkur\u00farval, &nbsp;h\u00f3p drengja f\u00e6ddar 2004-2006 sem kemur sama til \u00e6finga \u00ed j\u00fan\u00ed 2020. \u00c6fingarnar fara fram helgina 19. &#8211; 21. j\u00fan\u00ed og fara fram \u00ed Reykjav\u00edk. Vi\u00f0 [&hellip;]<\/p>","protected":false},"author":4,"featured_media":22513,"comment_status":"open","ping_status":"open","sticky":false,"template":"","format":"standard","meta":{"_monsterinsights_skip_tracking":false,"_monsterinsights_sitenote_active":false,"_monsterinsights_sitenote_note":"","_monsterinsights_sitenote_category":0,"_jetpack_memberships_contains_paid_content":false,"footnotes":""},"categories":[7,6],"tags":[],"class_list":["post-22511","post","type-post","status-publish","format-standard","has-post-thumbnail","hentry","category-yngri-flokkar","category-handbolti"],"jetpack_sharing_enabled":true,"jetpack_featured_media_url":"https:\/\/fram.is\/wp-content\/uploads\/2020\/06\/FRAM-vefur.jpg","_links":{"self":[{"href":"https:\/\/fram.is\/is\/wp-json\/wp\/v2\/posts\/22511","targetHints":{"allow":["GET"]}}],"collection":[{"href":"https:\/\/fram.is\/is\/wp-json\/wp\/v2\/posts"}],"about":[{"href":"https:\/\/fram.is\/is\/wp-json\/wp\/v2\/types\/post"}],"author":[{"embeddable":true,"href":"https:\/\/fram.is\/is\/wp-json\/wp\/v2\/users\/4"}],"replies":[{"embeddable":true,"href":"https:\/\/fram.is\/is\/wp-json\/wp\/v2\/comments?post=22511"}],"version-history":[{"count":0,"href":"https:\/\/fram.is\/is\/wp-json\/wp\/v2\/posts\/22511\/revisions"}],"wp:featuredmedia":[{"embeddable":true,"href":"https:\/\/fram.is\/is\/wp-json\/wp\/v2\/media\/22513"}],"wp:attachment":[{"href":"https:\/\/fram.is\/is\/wp-json\/wp\/v2\/media?parent=22511"}],"wp:term":[{"taxonomy":"category","embeddable":true,"href":"https:\/\/fram.is\/is\/wp-json\/wp\/v2\/categories?post=22511"},{"taxonomy":"post_tag","embeddable":true,"href":"https:\/\/fram.is\/is\/wp-json\/wp\/v2\/tags?post=22511"}],"curies":[{"name":"wp","href":"https:\/\/api.w.org\/{rel}","templated":true}]}}