{"id":22621,"date":"2020-06-27T00:14:31","date_gmt":"2020-06-27T00:14:31","guid":{"rendered":"http:\/\/fram.is\/?p=22621"},"modified":"2020-06-27T00:14:31","modified_gmt":"2020-06-27T00:14:31","slug":"jafnt-gegn-ir-a-heimavelli","status":"publish","type":"post","link":"https:\/\/fram.is\/is\/2020\/06\/27\/jafnt-gegn-ir-a-heimavelli\/","title":{"rendered":"Jafnt gegn \u00cdR \u00e1 heimavelli"},"content":{"rendered":"<div class=\"wp-block-image\"><figure class=\"alignright is-resized\"><img fetchpriority=\"high\" decoding=\"async\" src=\"http:\/\/fram.is\/wp-content\/uploads\/2020\/06\/Mark-gegn-\u00cdR-aukaspyrna-beint-\u00ed-neti\u00f0-nr.-7.--1024x683.jpg\" alt=\"\" class=\"wp-image-22622\" width=\"319\" height=\"212\"\/><figcaption>Aukaspyrnan \u00ed mark<\/figcaption><\/figure><\/div><p>Stelpurnar okkar\n\u00ed f\u00f3tboltanum l\u00e9ku \u00ed kv\u00f6ld sinn fyrsta heimaleik \u00e1 \u00cdslandsm\u00f3tinu og \u00feann fyrsta\n\u00e1 heimavelli okkar \u00ed mj\u00f6g langan t\u00edma. Ef vi\u00f0 teljum bikarleikinn ekki\nme\u00f0.&nbsp; \u00dea\u00f0 var gaman a\u00f0 m\u00e6ta aftur \u00ed\nSafam\u00fdrina og horfa \u00e1 stelpurnar spila, mj\u00f6g vel m\u00e6tt \u00e1 leikinn, sennilega\nn\u00e1l\u00e6gt 100 manns sem voru \u00e1 sv\u00e6\u00f0inu \u00feegar mest var, sem er fr\u00e1b\u00e6rt. <\/p><p>Vi\u00f0 byrju\u00f0um\nleikinn frekar r\u00f3lega og \u00fea\u00f0 vanta\u00f0i sm\u00e1 r\u00f3 og yfirvegun \u00ed li\u00f0i\u00f0 a\u00f0 m\u00e9r fannst.\nVi\u00f0 a\u00f0 reyna a\u00f0 spila boltanum en n\u00e1\u00f0um l\u00edti\u00f0 a\u00f0 tengja okkur saman.&nbsp; \u00dea\u00f0 var p\u00ednu stress \u00ed li\u00f0inu og \u00fe\u00f3 \u00e9g \u00feekki okkar\nleikmenn ekki vel, \u00fe\u00e1 fannst m\u00e9r \u00fe\u00e6r eitthva\u00f0 \u00f3\u00f6ruggar \u00ed byrjun. <br>\n<br>\n\u00dea\u00f0 f\u00f3r svo \u00feannig a\u00f0 vi\u00f0 fengum \u00e1 okkur tv\u00f6 m\u00f6rk \u00e1 mj\u00f6g stuttum t\u00edma, b\u00e6\u00f0i upp\n\u00far engu e\u00f0a allavega litlu. &nbsp;Skot utan af\nvelli sem sigldu \u00ed neti\u00f0, \u00fe\u00f3 var \u00fea\u00f0 s\u00ed\u00f0ara h\u00f6rkumark sem var erfitt a\u00f0 eiga\nvi\u00f0. Sta\u00f0an eftir um 25. m\u00edn. 0-2.&nbsp; Eftir\nmarki\u00f0 jafna\u00f0ist leikurinn og vi\u00f0 n\u00e1\u00f0um betri t\u00f3kum \u00e1 leiknum.&nbsp; Fengum v\u00edti \u00e1 c.a 40. m\u00edn. sem var vari\u00f0.&nbsp; Sta\u00f0an \u00ed h\u00e1lfleik 0-2. <br>\nFr\u00e9ttaritari var eins og Stef\u00e1n P\u00e1ls ekki me\u00f0 penna og er ekki alveg me\u00f0\nt\u00edmasetningar \u00e1 hreinu. P\u00ednu s\u00fart a\u00f0 setja ekki mark \u00ed \u00feessum h\u00e1lfleik en mikil\nbatamerki \u00e1 li\u00f0inu \u00feegar lei\u00f0 \u00e1 leikinn. <\/p><p>Chris \u00fej\u00e1lfari\nger\u00f0i tv\u00e6r breytingar \u00ed h\u00e1lfleik og \u00fea\u00f0 m\u00e6tti algj\u00f6rlega n\u00fdtt li\u00f0 til leiks \u00ed\n\u00feeim s\u00ed\u00f0ari, bullandi bar\u00e1tta \u00ed li\u00f0inu, vi\u00f0 settum strax pressu \u00e1 andst\u00e6\u00f0inginn\nog n\u00e1\u00f0um algj\u00f6rum yfirbur\u00f0um. Leikurinn f\u00f3r algj\u00f6rlega fram \u00e1 \u00f6\u00f0rum helmingi vallarins\nen vi\u00f0 n\u00e1\u00f0um samt ekki a\u00f0 skapa miki\u00f0, &nbsp;vorum a\u00f0 reyna miki\u00f0 a\u00f0 erfi\u00f0um skotum utan teigs.&nbsp; En me\u00f0 vinnusemi n\u00e1\u00f0um vi\u00f0 a\u00f0 skapa fleiri\nf\u00e6ri og fengum algj\u00f6rt dau\u00f0af\u00e6ri sem vi\u00f0 n\u00fdttum ekki, r\u00e9tt \u00e1\u00f0ur en vi\u00f0 fengum \u00e1\nokkur \u00feri\u00f0ja marki\u00f0 sem kom algj\u00f6rlega gegn gangi leiksins \u00e1 78 m\u00edn.&nbsp; Algj\u00f6rt r\u00f6th\u00f6gg a\u00f0 f\u00e1 \u00feetta mark \u00e1 sig,\nsta\u00f0an 0-3, l\u00edti\u00f0 eftir og leikurinn tapa\u00f0ur.&nbsp;\n<\/p><p>En \u00feannig litu\nstelpurnar ekki \u00e1 m\u00e1li\u00f0, sem er verulega j\u00e1kv\u00e6tt, \u00fev\u00ed vi\u00f0 sem s\u00e1tum \u00ed st\u00fakunni\nvorum b\u00fainn a\u00f0 j\u00e1ta okkur sigra\u00f0a.&nbsp;&nbsp; \u00de\u00e6r\nb\u00e6ttu bara \u00ed, pressu\u00f0u st\u00edft og \u00fea\u00f0 skila\u00f0i \u00feremur m\u00f6rkum \u00e1 mj\u00f6g stuttum t\u00edma. Mag\u00f0alena\n\u00d3lafsd\u00f3ttir ger\u00f0i fyrsta marki\u00f0 beint \u00far aukaspyrnu vel utan teigs, flott mark,\n1-3. &nbsp;Stuttu s\u00ed\u00f0ar settum vi\u00f0 mark af\nstuttu f\u00e6ri og var \u00fea\u00f0 Salka \u00c1rmannsd\u00f3ttir, gott mark eftir f\u00ednan undirb\u00faning\nog \u00fea\u00f0 s\u00ed\u00f0asta kom eftir tv\u00f6 h\u00f6rku skot sem markv\u00f6r\u00f0ur \u00cdR n\u00e1\u00f0i a\u00f0 verja en a\u00f0\nlokum setti Ald\u00eds Au\u00f0bj\u00f6rg Gar\u00f0arsd\u00f3ttir boltan \u00ed neti\u00f0 og sta\u00f0an or\u00f0in 3-3.\nVirkilega flottur kafli hj\u00e1 okkar stelpum, sem voru \u00f3tr\u00falega einbeittar og flottar.&nbsp; Leikurinn var \u00e1fram fj\u00f6rugur en engin alv\u00f6ru\nf\u00e6ri \u00fea\u00f0 sem eftir lif\u00f0i leiks. Lokat\u00f6lur \u00ed Safam\u00fdrinni 3-3. <\/p><p>Eftir svona leik\neru kannski allir \u00f3s\u00e1ttir, vi\u00f0 p\u00ednu svekktar a\u00f0 hafa ekki sett meiri pressu \u00e1\n\u00cdR li\u00f0i\u00f0 fyrr og teki\u00f0 leikinn yfir fyrr.&nbsp;&nbsp;\nLeikurinn var n\u00e1nast tapa\u00f0ur \u00e1 78 m\u00edn. \u00ed st\u00f6\u00f0unni 0-3 \u00feannig a\u00f0 \u00feessi\n\u00farslit er fr\u00e1b\u00e6r fyrir okkar stelpur og \u00e9g myndi halda a\u00f0 \u00feetta g\u00e6fi okkur\nsj\u00e1lfstraust fyrir n\u00e6stu leiki. \u00dea\u00f0 b\u00fdr meira \u00ed okkur li\u00f0i, \u00e9g tek hatt minn ofan\nfyrir bar\u00e1ttunni \u00ed li\u00f0inu og m\u00f6gnu\u00f0um karakter a\u00f0 kl\u00e1ra leikinn \u00ed frekar vondri\nst\u00f6\u00f0u.&nbsp; <\/p><p>Vel gert stelpur,\n\u00e9g skemmti m\u00e9r vel \u00e1 \u00feessum fyrsta leik sem \u00e9g s\u00e9 me\u00f0 li\u00f0inu, framhaldi\u00f0 ver\u00f0ur\nkl\u00e1rlega \u00e1hugavert og \u00e9g mun m\u00e6ta aftur. <\/p><p>N\u00e6sti leikur er gegn\n\u00c1lftanesi \u00e1 forsetavellinum, hver ver\u00f0ur forseti \u00fe\u00e1 vitum vi\u00f0 ekki en f\u00f6rum\nyfir \u00fea\u00f0 s\u00ed\u00f0ar, leikurinn \u00e1 fimmtudag kl. 19:15, muni\u00f0 a\u00f0 kj\u00f3sa. <\/p><p>\u00c1FRAM FRAM <\/p><p>Myndir fr\u00e1 Kidda Trausta h\u00e9r <a href=\"https:\/\/www.flickr.com\/photos\/99255499@N07\/albums\/72157714872767353\" target=\"_blank\" rel=\"noopener\">https:\/\/www.flickr.com\/photos\/99255499@N07\/albums\/72157714872767353<\/a><\/p>","protected":false},"excerpt":{"rendered":"<p>Stelpurnar okkar \u00ed f\u00f3tboltanum l\u00e9ku \u00ed kv\u00f6ld sinn fyrsta heimaleik \u00e1 \u00cdslandsm\u00f3tinu og \u00feann fyrsta \u00e1 heimavelli okkar \u00ed mj\u00f6g langan t\u00edma. Ef vi\u00f0 teljum bikarleikinn ekki me\u00f0.&nbsp; \u00dea\u00f0 var [&hellip;]<\/p>","protected":false},"author":4,"featured_media":22623,"comment_status":"open","ping_status":"open","sticky":false,"template":"","format":"standard","meta":{"_monsterinsights_skip_tracking":false,"_monsterinsights_sitenote_active":false,"_monsterinsights_sitenote_note":"","_monsterinsights_sitenote_category":0,"_jetpack_memberships_contains_paid_content":false,"footnotes":""},"categories":[12,9],"tags":[],"class_list":["post-22621","post","type-post","status-publish","format-standard","has-post-thumbnail","hentry","category-mflkvenna","category-fotbolti"],"jetpack_sharing_enabled":true,"jetpack_featured_media_url":"https:\/\/fram.is\/wp-content\/uploads\/2020\/06\/Fagna\u00f0-gegn-\u00cdR-scaled.jpg","_links":{"self":[{"href":"https:\/\/fram.is\/is\/wp-json\/wp\/v2\/posts\/22621","targetHints":{"allow":["GET"]}}],"collection":[{"href":"https:\/\/fram.is\/is\/wp-json\/wp\/v2\/posts"}],"about":[{"href":"https:\/\/fram.is\/is\/wp-json\/wp\/v2\/types\/post"}],"author":[{"embeddable":true,"href":"https:\/\/fram.is\/is\/wp-json\/wp\/v2\/users\/4"}],"replies":[{"embeddable":true,"href":"https:\/\/fram.is\/is\/wp-json\/wp\/v2\/comments?post=22621"}],"version-history":[{"count":0,"href":"https:\/\/fram.is\/is\/wp-json\/wp\/v2\/posts\/22621\/revisions"}],"wp:featuredmedia":[{"embeddable":true,"href":"https:\/\/fram.is\/is\/wp-json\/wp\/v2\/media\/22623"}],"wp:attachment":[{"href":"https:\/\/fram.is\/is\/wp-json\/wp\/v2\/media?parent=22621"}],"wp:term":[{"taxonomy":"category","embeddable":true,"href":"https:\/\/fram.is\/is\/wp-json\/wp\/v2\/categories?post=22621"},{"taxonomy":"post_tag","embeddable":true,"href":"https:\/\/fram.is\/is\/wp-json\/wp\/v2\/tags?post=22621"}],"curies":[{"name":"wp","href":"https:\/\/api.w.org\/{rel}","templated":true}]}}