{"id":22652,"date":"2020-07-08T08:08:53","date_gmt":"2020-07-08T08:08:53","guid":{"rendered":"http:\/\/fram.is\/?p=22652"},"modified":"2020-07-08T08:08:53","modified_gmt":"2020-07-08T08:08:53","slug":"lygarnar","status":"publish","type":"post","link":"https:\/\/fram.is\/is\/2020\/07\/08\/lygarnar\/","title":{"rendered":"Lygarnar"},"content":{"rendered":"<div class=\"wp-block-image\"><figure class=\"alignright is-resized\"><img fetchpriority=\"high\" decoding=\"async\" src=\"http:\/\/fram.is\/wp-content\/uploads\/2020\/07\/Fagn-819x1024.jpg\" alt=\"\" class=\"wp-image-22653\" width=\"272\" height=\"340\"\/><\/figure><\/div><p>Ekki treysta afgrei\u00f0slust\u00falkunni \u00e1 veitingah\u00fasinu Hrauni \u00e1\n\u00d3lafsv\u00edk, \u00fer\u00e1tt fyrir l\u00edflegt fas og sakleysislegt yfirbrag\u00f0. H\u00fan l\u00fdgur. \u00deegar\nfr\u00e9ttaritari Frams\u00ed\u00f0unnar og skjaldsveinninn tr\u00fafasti Valur Nor\u00f0ri m\u00e6ttu m\u00f3\u00f0ir\nog m\u00e1sandi, alltof sk\u00f6mmu fyrir leikinn mikilv\u00e6ga \u00e1 \u00d3lafsv\u00edkurvelli og spur\u00f0u\nhversu l\u00f6ng bi\u00f0 v\u00e6ri eftir kv\u00f6ldver\u00f0i svara\u00f0i h\u00fan a\u00f0 pizzur g\u00e6tu veri\u00f0 tilb\u00fanar\n\u00e1 sex m\u00edn\u00fatum. \u00dea\u00f0 var ekki satt. M\u00edn\u00faturnar voru n\u00e6r \u00fev\u00ed a\u00f0 vera tuttugu.\nAflei\u00f0ingin var\u00f0 m\u00f3\u00f0ir alls kapp\u00e1ts, \u00feegar flatb\u00f6kurnar sem b\u00e1ru \u00fea\u00f0 l\u00fdsandi\nheiti \u201eKj\u00f6t\u201c komu \u00e1 bor\u00f0i\u00f0.<\/p><p>\u00d3lafsv\u00edkingar halda \u00ed \u00fe\u00e1 g\u00f3\u00f0u \u00edslensku hef\u00f0 a\u00f0 nota\nnautahakk \u00e1 pizzur en a\u00f0 \u00f6\u00f0ru leyti var uppista\u00f0a \u00e1leggsins mismunandi afbrig\u00f0i\naf unnum sv\u00ednaafur\u00f0um. \u00deetta var \u00e9ti\u00f0 \u00e1 \u00f6rskotsstundu og a\u00f0rir gestir\nmatsalarins sneru s\u00e9r vi\u00f0 \u00ed forundran \u00feegar vi\u00f0 f\u00e9lagarnir spruttum \u00e1 f\u00e6tur\nmettir og s\u00e6llegir f\u00e1einum andart\u00f6kum eftir a\u00f0 maturinn var \u00e1 bor\u00f0 borinn.\nEp\u00edsk s\u00f6gulj\u00f3\u00f0 hafa veri\u00f0 samin um minni afrek.<\/p><p>H\u00e1lflama\u00f0ir af kj\u00f6tsvima gengu fr\u00e9ttaritarinn og sessunautur\nupp a\u00f0 hinu d\u00e1fagra vallarst\u00e6\u00f0i V\u00edkinga. \u00dear blasti vi\u00f0 lygi n\u00famer tv\u00f6.\nSamkv\u00e6mt m\u00f3taskr\u00e1 KS\u00cd \u00e1tti leikurinn a\u00f0 hefjast kl. 19:15, en d\u00f3mari leiksins\nflauta\u00f0i til leiks kl. 19:08. \u00dea\u00f0 voru \u00fev\u00ed \u00feegar um t\u00f3lf m\u00edn\u00fatur li\u00f0nar af\nkappleiknum \u00feegar fr\u00e9ttaritarinn n\u00e1\u00f0i fyrst a\u00f0 munda penna sinn.<\/p><p>Enn er \u00fe\u00f3 \u00f3talin st\u00e6rsta og lj\u00f3tasta lygin: ve\u00f0ursp\u00e1in\nsj\u00e1lf. \u00dea\u00f0 var s\u00f3l og bl\u00ed\u00f0a \u00ed Reykjav\u00edk \u00feegar Framarar l\u00f6g\u00f0u land undir f\u00f3t og\nekki minnka\u00f0i h\u00fan \u00e1 M\u00fdrunum, \u00ed Hnappadalss\u00fdslunni e\u00f0a \u00e1 sunnanver\u00f0u Sn\u00e6fellsnesinu,\nen \u00e1 mi\u00f0ri Fr\u00f3\u00f0arhei\u00f0inni t\u00f3k skyndilega a\u00f0 \u00feykkna \u00ed lofti, hitinn f\u00e9ll hratt\nog \u00fea\u00f0 t\u00f3k a\u00f0 bl\u00e1sa. L\u00e9ttkl\u00e6ddur fr\u00e9ttaritari \u00ed f\u00edna gr\u00e6na stuttermabolnum og\nappels\u00ednugula vestinu s\u00ednu sem var v\u00edst keypt \u00ed erlendu t\u00edskuh\u00fasi \u00feurfti a\u00f0\nfiska upp ullarpeysu og var samt \u00f6rl\u00edti\u00f0 napurt. Var huggum harmi gegn a\u00f0 \u00d3lsarar\nvir\u00f0a tilm\u00e6li Landl\u00e6knis og fundu r\u00famlega 60 manna stu\u00f0ningssveit Framara sta\u00f0\n\u00ed s\u00f3ttvarnarh\u00f3lfi \u00e1 skj\u00f3ls\u00e6lum sta\u00f0 en skulfu sj\u00e1lfir \u00ed n\u00e6\u00f0ingnum.<\/p><p>Byrjunarli\u00f0 Fram t\u00f3k mi\u00f0 af mei\u00f0slum lykilmanna \u00ed s\u00ed\u00f0ustu\nleikjum. \u00d3lafur var vitaskuld \u00ed markinu en fyrir framan hann var varnarl\u00ednan\nJ\u00f6kull, Hlynur Atli, Arn\u00f3r Da\u00f0i og Haraldur. Var gaman a\u00f0 sj\u00e1 Hlyn fyrirli\u00f0a\nsn\u00faa aftur \u00ed byrjunarli\u00f0i\u00f0 eftir mei\u00f0slin sem hann var\u00f0 fyrir \u00e1 d\u00f6gunum. Unnar\nvar aftastur \u00e1 mi\u00f0junni me\u00f0 Albert fyrir framan sig og \u00fe\u00e1 Fred og M\u00e1 \u00e1\nk\u00f6ntunum. Alexander og \u00de\u00f3rir voru \u00ed fremstu vigilnu.<\/p><p>V\u00edkingar erum me\u00f0 gott og vel skipa\u00f0 li\u00f0. Mi\u00f0var\u00f0apari\u00f0 er\n\u00f6flugt en bakver\u00f0irnir \u00f6rl\u00edti\u00f0 veikari hlekkir. Nonni \u00fej\u00e1lfari hefur s\u00fdnt a\u00f0\nhann er snjall \u00ed a\u00f0 greina veikleika andst\u00e6\u00f0inganna og lag\u00f0i greinilega upp me\u00f0\na\u00f0 pressa framarlega \u00e1 V\u00edkingsli\u00f0i\u00f0 og s\u00e6kja grimmt upp kantana. \u00dea\u00f0 var gj\u00f6ful\nleika\u00f0fer\u00f0.<\/p><p>Eftir r\u00e9tt um stundarfj\u00f3r\u00f0ungsleik kom stungusending inn \u00e1\nM\u00e1 sem l\u00e9k bakv\u00f6r\u00f0 \u00d3lsara gr\u00e1tt, spila\u00f0i sig \u00ed gegnum v\u00f6rnina og \u00feruma\u00f0i \u00ed\nneti\u00f0. Sta\u00f0an or\u00f0in 0:1 og hin fj\u00f6lmenna sveit Framara \u00e1 p\u00f6llunum fagna\u00f0i vel.\nFr\u00e9ttaritarinn hefur margoft fari\u00f0 til \u00d3lafsv\u00edkur a\u00f0 horfa \u00e1 f\u00f3tbolta, en\naldrei s\u00e9\u00f0 vi\u00f0l\u00edka fj\u00f6lda okkar f\u00f3lks. Raunar voru Framarar n\u00e1lega eins margir\n\u00e1 vellinum og heimamenn, sem er magna\u00f0. Vonandi er \u00feetta enn ein\nbirtingarmyndin af \u00feeirri j\u00e1kv\u00e6\u00f0u bylgju sem er a\u00f0 myndast \u00ed kringum li\u00f0i\u00f0, \u00fear\nsem jafnvel gamlir f\u00fdlupokar eins og s\u00e1 sem \u00feetta ritar hr\u00edfast me\u00f0.<\/p><p>Heimam\u00f6nnum gekk afleitlega a\u00f0 n\u00e1 neinu spili af viti\nmestallan fyrri h\u00e1lfleikinn en Framarar pressu\u00f0u st\u00edft og ger\u00f0u sig alltaf\nl\u00edklega til a\u00f0 refsa fyrir minnstu mist\u00f6k, \u00feannig komst Alexander \u00ed h\u00f6rkugott\nf\u00e6ri eftir t\u00e6plega h\u00e1lft\u00edma leik eftir misheppna\u00f0 samspil varnarmanna V\u00edkings.\n\u00c1 35. m\u00edn\u00fatu \u00e1ttu \u00feeir M\u00e1r og Fred f\u00ednan samleik sem n\u00e6rri \u00fev\u00ed lauk me\u00f0 marki.\nHeimamenn voru \u00ed st\u00f6kustu vandr\u00e6\u00f0um og m\u00e1tti lesa angist og skelfingu \u00far\nandlitum \u00feeirra \u00ed hvert sinn sem Fred br\u00e1 \u00e1 leik.<\/p><p>Fram f\u00e9kk nokkur h\u00e1lff\u00e6ri \u00ed fyrri h\u00e1lfleiknum en f\u00e6rri\ndau\u00f0af\u00e6ri. \u00c1 lokam\u00edn\u00fatunni jukum vi\u00f0 hins vegar forskoti\u00f0 \u00ed 0:2 eftir fr\u00e1b\u00e6ran\nsamleik \u00de\u00f3ris og Fred sem lauk me\u00f0 bylmingsskoti \u00feess s\u00ed\u00f0arnefnda \u00ed marki\u00f0.<\/p><p>\u00dea\u00f0 voru k\u00e1tir Framarar sem fylktu li\u00f0i inn \u00ed \u00ed\u00fer\u00f3ttami\u00f0st\u00f6\u00f0\nSn\u00e6fellsb\u00e6jar og ger\u00f0u skil kaffi sem st\u00f3\u00f0 undir v\u00e6ntingum og r\u00famlega \u00fea\u00f0.\nTveir af \u00feremur Gu\u00f0j\u00f3nssonum voru m\u00e6ttir og g\u00e1fu frammist\u00f6\u00f0unni fyrir hl\u00e9 bestu\nme\u00f0m\u00e6li, sem er ekki amalegt fr\u00e1 \u00feessum h\u00f6r\u00f0u d\u00f3murum.<\/p><p>Seinni h\u00e1lfleikur h\u00f3fst eins og s\u00e1 fyrri enda\u00f0i \u00e1 \u00fev\u00ed a\u00f0\nFramarar voru fastir fyrir \u00ed v\u00f6rninni og s\u00f3ttu af krafti \u00feess \u00e1 milli. Strax \u00ed\nbl\u00e1byrjun m\u00e1tti litlu muna a\u00f0 M\u00e1r yki forystuna \u00ed \u00ferj\u00fa m\u00f6rk eftir f\u00ednan samleik\nvi\u00f0 \u00de\u00f3ri, sem \u00e1tti svo g\u00f3\u00f0an skalla r\u00e9tt yfir m\u00edn\u00fatu s\u00ed\u00f0ar.<\/p><p>\u00deegar um t\u00edu m\u00edn\u00fatur voru li\u00f0nar af seinni h\u00e1lfleik t\u00f3kst\nheimam\u00f6nnum hins vegar a\u00f0 splundra Framv\u00f6rninni me\u00f0 vel \u00fatf\u00e6r\u00f0ri skyndis\u00f3kn og\nminnka muninn \u00ed 1:2, n\u00e1nast upp \u00far engu. M\u00f6rk breyta leikjum er margtuggin\nklisja, en s\u00f6nn fyrir \u00fev\u00ed. Vi\u00f0 marki\u00f0 var sem lifna\u00f0i yfir heimam\u00f6nnum en f\u00e1t\nkomst \u00e1 Framli\u00f0i\u00f0. Tveimum m\u00edn\u00fatum s\u00ed\u00f0ar m\u00e1tti minnstu muna a\u00f0 boltinn l\u00e6gi \u00ed\nFramnetinu \u00e1 n\u00fd.<\/p><p>N\u00e6stu t\u00edu til fimmt\u00e1n m\u00edn\u00faturnar \u00e1ttu V\u00edkingar allnokkrar\ns\u00f3knir og \u00d3lafur markv\u00f6r\u00f0ur \u00feurfti \u00ed tv\u00edgang a\u00f0 taka \u00e1 honum st\u00f3ra s\u00ednum. \u00c1\n\u00feessum t\u00edma f\u00f3r a\u00f0 ver\u00f0a vart vi\u00f0 h\u00e1lsr\u00edginn alr\u00e6mda, sem \u00e1\u00f0ur hefur veri\u00f0\nfjalla\u00f0 um \u00ed pistlum \u00e1 \u00feessum vettvangi. \u00c1st\u00e6\u00f0an er s\u00fa a\u00f0 \u00e1 \u00d3lafsv\u00edkurvelli er\nvallarklukkunni komi\u00f0 fyrir \u00e1 \u00feeim s\u00e9rkennilega sta\u00f0 a\u00f0 h\u00fan hangir utan \u00e1 efri\nst\u00faku vallarins. \u00dea\u00f0 \u00fe\u00fd\u00f0ir a\u00f0 ef fr\u00e1 eru taldir varamenn beggja li\u00f0a, sj\u00e1 engir\n\u00e1 klukkuna, nema \u00feeir sem sitja \u00e1 ne\u00f0ra \u00e1horfendasv\u00e6\u00f0inu og sn\u00faa s\u00e9r \u00ed\nh\u00e1lfhring. \u00dea\u00f0 er fyrst me\u00f0 \u00fev\u00ed a\u00f0 hafa vallarklukku \u00e1 sl\u00edkum sta\u00f0 a\u00f0 \u00f3athugull\n\u00e1horfandi \u00e1ttar sig \u00e1 \u00fev\u00ed hversu oft \u00ed leik hann gj\u00f3ar augunum a\u00f0 klukkunni.<\/p><p>Hilmar kom inn \u00e1 fyrir Alexander \u00e1 sj\u00f6tugustu m\u00edn\u00fatu \u00ed varnarsinna\u00f0ri\nskiptingu. \u00c1hyggjufullir Framarar \u00e1 p\u00f6llunum \u00f3ttu\u00f0ust \u00fe\u00f3 a\u00f0 ekki v\u00e6ri n\u00f3g a\u00f0\ngert og \u00feegar fimmt\u00e1n m\u00edn\u00fatur lif\u00f0u af venjulegum leikt\u00edma hripa\u00f0i\nfr\u00e9ttaritarinn \u00ed minnisb\u00f3k s\u00edna a\u00f0 j\u00f6fnunarmark heimamanna l\u00e6gi \u00ed loftinu.\nNokkrum m\u00edn\u00fatum s\u00ed\u00f0ar f\u00f3r Fred meiddur af velli fyrir Magn\u00fas eftir lj\u00f3tt brot\nsem ekkert var \u00fe\u00f3 d\u00e6mt \u00e1. Hann haltra\u00f0i \u00ed leikslok og var me\u00f0 st\u00f3ran \u00edsmolasekk\nbundinn vi\u00f0 hn\u00e9\u00f0 \u2013 en \u00feetta er \u00fe\u00f3 eflaust eitthva\u00f0 sem snjall sj\u00fakra\u00fej\u00e1lfari\ngetur p\u00fakka\u00f0 upp \u00e1 fyrir n\u00e6stu helgi\u2026<\/p><p>Vi\u00f0 lok venjulegs leikt\u00edma f\u00f3r \u00de\u00f3rir einnig meiddur af\nvelli, en \u00fe\u00e1 haf\u00f0i veri\u00f0 mj\u00f6g af honum dregi\u00f0 s\u00ed\u00f0ustu tuttugu m\u00edn\u00faturnar. Aron\nSn\u00e6r leysti hann af h\u00f3lmi. Enn lif\u00f0i \u00fe\u00f3 n\u00f3gu langur t\u00edmi til a\u00f0 V\u00edkingar fengju\neitt lokaf\u00e6ri en \u00d3lafur var\u00f0i vel.<\/p><p>Mikill f\u00f6gnu\u00f0ur braust \u00fat vi\u00f0 lokaflauti\u00f0 og Alex Freyr t\u00f3k\na\u00f0 s\u00e9r a\u00f0 lei\u00f0a ziggi-zaggann \u00fer\u00e1tt fyrir a\u00f0 vera ekki \u00e1 leiksk\u00fdrslu (m\u00e1 \u00fea\u00f0?)\nLi\u00f0i\u00f0 m\u00e1 allt vera \u00e1n\u00e6gt me\u00f0 frammist\u00f6\u00f0una. V\u00f6rnin var gr\u00ed\u00f0arlega \u00f6flug \u00fer\u00e1tt\nfyrir \u00feetta eina mark. Innkoma Hlyns var mikilv\u00e6g og Haraldur \u00f6flugur. M\u00e1r var\ngr\u00ed\u00f0arlega vinnusamur, einkum framan af og Fred mj\u00f6g \u00f3gnandi. T\u00f3lf stig eftir\nfj\u00f3rar umfer\u00f0ir er fr\u00e1b\u00e6r \u00e1rangur og gott veganesti \u00ed st\u00e6rstu pr\u00f3fraun\nsumarsins til \u00feessa \u00e1 m\u00f3ti Reykjav\u00edkur Leikni \u00ed Sambam\u00fdri \u00e1 laugardag.<\/p><p>Stef\u00e1n P\u00e1lsson<\/p>","protected":false},"excerpt":{"rendered":"<p>Ekki treysta afgrei\u00f0slust\u00falkunni \u00e1 veitingah\u00fasinu Hrauni \u00e1 \u00d3lafsv\u00edk, \u00fer\u00e1tt fyrir l\u00edflegt fas og sakleysislegt yfirbrag\u00f0. H\u00fan l\u00fdgur. \u00deegar fr\u00e9ttaritari Frams\u00ed\u00f0unnar og skjaldsveinninn tr\u00fafasti Valur Nor\u00f0ri m\u00e6ttu m\u00f3\u00f0ir og m\u00e1sandi, alltof [&hellip;]<\/p>","protected":false},"author":4,"featured_media":22654,"comment_status":"open","ping_status":"open","sticky":false,"template":"","format":"standard","meta":{"_monsterinsights_skip_tracking":false,"_monsterinsights_sitenote_active":false,"_monsterinsights_sitenote_note":"","_monsterinsights_sitenote_category":0,"_jetpack_memberships_contains_paid_content":false,"footnotes":""},"categories":[11,9],"tags":[],"class_list":["post-22652","post","type-post","status-publish","format-standard","has-post-thumbnail","hentry","category-mflkarla","category-fotbolti"],"jetpack_sharing_enabled":true,"jetpack_featured_media_url":"https:\/\/fram.is\/wp-content\/uploads\/2020\/07\/Ferd-mark.jpg","_links":{"self":[{"href":"https:\/\/fram.is\/is\/wp-json\/wp\/v2\/posts\/22652","targetHints":{"allow":["GET"]}}],"collection":[{"href":"https:\/\/fram.is\/is\/wp-json\/wp\/v2\/posts"}],"about":[{"href":"https:\/\/fram.is\/is\/wp-json\/wp\/v2\/types\/post"}],"author":[{"embeddable":true,"href":"https:\/\/fram.is\/is\/wp-json\/wp\/v2\/users\/4"}],"replies":[{"embeddable":true,"href":"https:\/\/fram.is\/is\/wp-json\/wp\/v2\/comments?post=22652"}],"version-history":[{"count":0,"href":"https:\/\/fram.is\/is\/wp-json\/wp\/v2\/posts\/22652\/revisions"}],"wp:featuredmedia":[{"embeddable":true,"href":"https:\/\/fram.is\/is\/wp-json\/wp\/v2\/media\/22654"}],"wp:attachment":[{"href":"https:\/\/fram.is\/is\/wp-json\/wp\/v2\/media?parent=22652"}],"wp:term":[{"taxonomy":"category","embeddable":true,"href":"https:\/\/fram.is\/is\/wp-json\/wp\/v2\/categories?post=22652"},{"taxonomy":"post_tag","embeddable":true,"href":"https:\/\/fram.is\/is\/wp-json\/wp\/v2\/tags?post=22652"}],"curies":[{"name":"wp","href":"https:\/\/api.w.org\/{rel}","templated":true}]}}