{"id":22670,"date":"2020-07-09T13:57:07","date_gmt":"2020-07-09T13:57:07","guid":{"rendered":"http:\/\/fram.is\/?p=22670"},"modified":"2020-07-09T13:57:07","modified_gmt":"2020-07-09T13:57:07","slug":"knattspyrnudeild-fram-auglysir-eftir-thjalfurum","status":"publish","type":"post","link":"https:\/\/fram.is\/is\/2020\/07\/09\/knattspyrnudeild-fram-auglysir-eftir-thjalfurum\/","title":{"rendered":"Knattspyrnudeild Fram augl\u00fdsir eftir \u00fej\u00e1lfurum"},"content":{"rendered":"<div class=\"wp-block-image\"><figure class=\"alignright is-resized\"><img fetchpriority=\"high\" decoding=\"async\" src=\"http:\/\/fram.is\/wp-content\/uploads\/2020\/07\/\u00dej\u00e1lfarar-Fram.jpg\" alt=\"\" class=\"wp-image-22674\" width=\"225\" height=\"337\"\/><\/figure><\/div><p>Knattspyrnudeild Fram leitar a\u00f0 \u00f6flugum knattspyrnu\u00fej\u00e1lfurum og markmanns\u00fej\u00e1lfara fyrir yngri flokka f\u00e9lagsins<\/p>\n<p>Knattspyrnudeild Fram leitar a\u00f0 \u00f6flugum og \u00e1hugas\u00f6mum \u00fej\u00e1lfurum yngri flokka til starfa hj\u00e1 f\u00e9laginu n\u00e6sta t\u00edmabil. Einnig leitum vi\u00f0 a\u00f0 markmanns\u00fej\u00e1lfara. Vi\u00f0komandi \u00fej\u00e1lfarar heyra undir yfir\u00fej\u00e1lfara knattspyrnudeildar. Vi\u00f0 hvetjum konur jafnt sem karla til a\u00f0 s\u00e6kja um.<\/p>\n<p>Starfssvi\u00f0<\/p>\n<ul>\n<li>Umsj\u00f3n me\u00f0 skipulagningu \u00e6finga og leikja hj\u00e1 vi\u00f0komandi flokki e\u00f0a flokkum<\/li>\n<li>Umsj\u00f3n me\u00f0 \u00fe\u00e1ttt\u00f6ku \u00ed m\u00f3tum vi\u00f0komandi flokks e\u00f0a flokka<\/li>\n<li>Samskipti vi\u00f0 foreldra \u00ed gegnum Sportabler<\/li>\n<li>Samskipti vi\u00f0 foreldrar\u00e1\u00f0 vi\u00f0komandi flokka vegna skipulagningu m\u00f3ta og\/e\u00f0a keppnisfer\u00f0a<\/li>\n<li>Samstarf vi\u00f0 \u00fej\u00e1lfara f\u00e9lagsins<\/li>\n<li>Tryggja a\u00f0 \u00e1herslur knattspyrnudeildar Fram s\u00e9u uppfylltar \u00e1 \u00e6fingum, leikjum og m\u00f3tum<\/li>\n<\/ul>\n<p>Menntunar- og h\u00e6fniskr\u00f6fur<\/p>\n<ul>\n<li>\u00dej\u00e1lfaramenntun skilyr\u00f0i e\u00f0a \u00e1\u00e6tlun um a\u00f0 mennta sig sem \u00fej\u00e1lfari<\/li>\n<li>G\u00f3\u00f0ir samskiptah\u00e6fileikar<\/li>\n<li>J\u00e1kv\u00e6\u00f0ni, drifkraftur og frumkv\u00e6\u00f0i<\/li>\n<li>\u00c1hugi \u00e1 a\u00f0 takast \u00e1 vi\u00f0 n\u00fdjungar og margv\u00edsleg verkefni<\/li>\n<li>Almenn t\u00f6lvuf\u00e6rni og h\u00e6fni til a\u00f0 tj\u00e1 sig \u00ed ritu\u00f0u og t\u00f6lu\u00f0u m\u00e1li<\/li>\n<li>Hreint sakavottor\u00f0 er skilyr\u00f0i<\/li>\n<\/ul>\n<p>Ums\u00f3knir berist til Ingveldar Ragnarsd\u00f3ttur formanns barna- og unglingar\u00e1\u00f0s Fram \u00e1 netfangi\u00f0 <a href=\"mailto:ingveldurragnars@gmail.com\">ingveldurragnars@gmail.com<\/a>. Frekari uppl\u00fdsingar m\u00e1 f\u00e1 me\u00f0 \u00fev\u00ed a\u00f0 senda \u00e1 sama netfang e\u00f0a hafa samband vi\u00f0 Da\u00f0a Gu\u00f0mundsson rekstrarstj\u00f3ra knattspyrnudeildar \u00e1 netfangi\u00f0 <a href=\"mailto:dadi@fram.is\">dadi@fram.is<\/a> e\u00f0a hringja \u00ed s\u00edma 868-4954.<\/p>\n<p>Ums\u00f3knarfrestur er til og me\u00f0 24. j\u00fal\u00ed.<\/p><p><\/p>","protected":false},"excerpt":{"rendered":"<p>Knattspyrnudeild Fram leitar a\u00f0 \u00f6flugum knattspyrnu\u00fej\u00e1lfurum og markmanns\u00fej\u00e1lfara fyrir yngri flokka f\u00e9lagsins Knattspyrnudeild Fram leitar a\u00f0 \u00f6flugum og \u00e1hugas\u00f6mum \u00fej\u00e1lfurum yngri flokka til starfa hj\u00e1 f\u00e9laginu n\u00e6sta t\u00edmabil. Einnig leitum [&hellip;]<\/p>","protected":false},"author":6,"featured_media":22676,"comment_status":"open","ping_status":"open","sticky":false,"template":"","format":"standard","meta":{"_monsterinsights_skip_tracking":false,"_monsterinsights_sitenote_active":false,"_monsterinsights_sitenote_note":"","_monsterinsights_sitenote_category":0,"_jetpack_memberships_contains_paid_content":false,"footnotes":""},"categories":[9,13],"tags":[],"class_list":["post-22670","post","type-post","status-publish","format-standard","has-post-thumbnail","hentry","category-fotbolti","category-yngriflokkar"],"jetpack_sharing_enabled":true,"jetpack_featured_media_url":"https:\/\/fram.is\/wp-content\/uploads\/2020\/07\/Kvennaflokkar-vefur.jpg","_links":{"self":[{"href":"https:\/\/fram.is\/is\/wp-json\/wp\/v2\/posts\/22670","targetHints":{"allow":["GET"]}}],"collection":[{"href":"https:\/\/fram.is\/is\/wp-json\/wp\/v2\/posts"}],"about":[{"href":"https:\/\/fram.is\/is\/wp-json\/wp\/v2\/types\/post"}],"author":[{"embeddable":true,"href":"https:\/\/fram.is\/is\/wp-json\/wp\/v2\/users\/6"}],"replies":[{"embeddable":true,"href":"https:\/\/fram.is\/is\/wp-json\/wp\/v2\/comments?post=22670"}],"version-history":[{"count":0,"href":"https:\/\/fram.is\/is\/wp-json\/wp\/v2\/posts\/22670\/revisions"}],"wp:featuredmedia":[{"embeddable":true,"href":"https:\/\/fram.is\/is\/wp-json\/wp\/v2\/media\/22676"}],"wp:attachment":[{"href":"https:\/\/fram.is\/is\/wp-json\/wp\/v2\/media?parent=22670"}],"wp:term":[{"taxonomy":"category","embeddable":true,"href":"https:\/\/fram.is\/is\/wp-json\/wp\/v2\/categories?post=22670"},{"taxonomy":"post_tag","embeddable":true,"href":"https:\/\/fram.is\/is\/wp-json\/wp\/v2\/tags?post=22670"}],"curies":[{"name":"wp","href":"https:\/\/api.w.org\/{rel}","templated":true}]}}