{"id":22678,"date":"2020-07-11T20:57:23","date_gmt":"2020-07-11T20:57:23","guid":{"rendered":"http:\/\/fram.is\/?p=22678"},"modified":"2020-08-12T10:52:31","modified_gmt":"2020-08-12T10:52:31","slug":"hefnd-thraelanna","status":"publish","type":"post","link":"https:\/\/fram.is\/is\/2020\/07\/11\/hefnd-thraelanna\/","title":{"rendered":"Hefnd \u00fer\u00e6lanna"},"content":{"rendered":"<p>\u00cd Hei\u00f0arv\u00edgas\u00f6gu er fjalla\u00f0 um r\u00e9ttleysi farandverkaf\u00f3lks \u00e1 \u00cdslandi \u00e1 s\u00f6gu\u00f6ld. \u00dear segir fr\u00e1 s\u00e6nsku berserkjunum Leikni og Halla sem fengnir eru til a\u00f0 ry\u00f0ja veg um Berserkjahraun \u00ed grennd vi\u00f0 Bjarnarh\u00f6fn. A\u00f0 verki loknu b\u00fd\u00f0ur verkkaupinn, V\u00edga-Styr \u00feeim f\u00e9l\u00f6gunum a\u00f0 hv\u00edlast \u00ed gufuba\u00f0i, en drepur \u00fe\u00e1 \u00fev\u00edn\u00e6st me\u00f0 k\u00f6ldu bl\u00f3\u00f0i. Um margar aldir litu \u00cdslendingar svo \u00e1 a\u00f0 V\u00edga-Styr v\u00e6ri hetjan \u00ed s\u00f6gunni, dr\u00e1pi\u00f0 hafi ekki veri\u00f0 n\u00f3i\u00f0ingsverk heldur vel til fundi\u00f0 og \u00ed rauninni bara gott \u00e1 \u00fe\u00e1 Halla og Leikni fyrir a\u00f0 stunda f\u00e9lagsleg undirbo\u00f0, i\u00f0ka l\u00edkams\u00ferif og vera s\u00e6nskir.<\/p>\n<p>L\u00f6ngu s\u00ed\u00f0ar, n\u00e1nar tilteki\u00f0 \u00e1ri\u00f0 1973, stofnu\u00f0u ungir menn \u00ed\u00fer\u00f3ttaf\u00e9lag \u00ed vinnusk\u00far vi\u00f0 I\u00f0ufell. Sam\u00fa\u00f0 hinna ungu Brei\u00f0hyltinga l\u00e1 ekki me\u00f0 hinum svikula V\u00edga-Styr heldur f\u00f3rnarl\u00f6mbum vinnumansalsins og kenndu sig vi\u00f0 hi\u00f0 hlunnfarna s\u00e6nska rustamenni. Kj\u00e1nalegri g\u00e6tu n\u00f6fnin svo sem veri\u00f0 og v\u00edst er a\u00f0 ekki geta allir veri\u00f0 eins heppnir og vi\u00f0 me\u00f0 \u00fev\u00ed a\u00f0 heita atviksor\u00f0i.<\/p>\n<p>\u00dea\u00f0 myndi gera miki\u00f0 fyrir \u00feennan inngangskafla og fyrirs\u00f6gn pistilsins ef h\u00e6gt v\u00e6ri me\u00f0 g\u00f3\u00f0u m\u00f3ti a\u00f0 r\u00f6ksty\u00f0ja a\u00f0 Knattspyrnuf\u00e9lagi\u00f0 Fram s\u00e9 einhvers konar arftaki V\u00edga-Styrs \u00ed eiginlegri e\u00f0a \u00f3eiginlegri merkingu. En svo er ekki. Vi\u00f0 h\u00f6fum ekki sta\u00f0i\u00f0 fyrir gatnager\u00f0 og sviki\u00f0 verktaka og \u00fev\u00ed s\u00ed\u00f0ur er okkur \u00ed n\u00f6p vi\u00f0 gufuba\u00f0sfer\u00f0ir. \u00devert \u00e1 m\u00f3ti h\u00f6f\u00f0u Framarar strax \u00ed \u00e1rdaga f\u00e9lagsins or\u00f0 \u00e1 s\u00e9r fyrir a\u00f0 vera snyrtimenni og kvennagull \u00e1 me\u00f0an t.d. KR-ingar voru li\u00f0 sem l\u00e1 \u00ed fiskinetum. Og okkur er ekkert illa vi\u00f0 Sv\u00eda. Margir okkar bestu vina eru Sv\u00edar og einu sinni \u00e1tti fr\u00e9ttaritari Frams\u00ed\u00f0unnar Volvo. L\u00e1tum \u00feessi litlu sm\u00e1atri\u00f0i \u00fe\u00f3 ekki ey\u00f0ileggja fyrir okkur g\u00f3\u00f0a tengingu. Mor\u00f0sins \u00ed gufuba\u00f0inu hefur veri\u00f0 hefnt og \u00fea\u00f0 voru Framarar sem \u00feurftu a\u00f0 s\u00fapa sey\u00f0i\u00f0.<\/p>\n<p>\u201e\u00dea\u00f0 hef\u00f0i veri\u00f0 n\u00e6r a\u00f0 \u00fe\u00fa gleymdir helv\u00edtis pennanum \u00e1 \u00feessum leik!\u201c \u2013 sag\u00f0i einhver \u00e1sts\u00e6lasti d\u00f3mari landsins vi\u00f0 fr\u00e9ttaritara Frams\u00ed\u00f0unnar vi\u00f0 kl\u00f3settvaskinn \u00ed leikhl\u00e9i. Og \u00fea\u00f0 var ekki fjarri lagi. Fyrri h\u00e1lfleikurinn og raunar drj\u00fagur hluti \u00feess seinni l\u00edka, var hreinasta h\u00f6rmung. J\u00e1kv\u00e6\u00f0asti punkturinn vi\u00f0 \u00feennan s\u00faldarlega laugardagseftirmi\u00f0dag var sennilega s\u00e1 helst a\u00f0 eftir leikinn var h\u00e6gt a\u00f0 nota fer\u00f0ina til a\u00f0 fylla \u00e1 metanb\u00edl fj\u00f6lskyldunnar \u00e1 bens\u00ednst\u00f6\u00f0inni sem stendur nokkurn veginn \u00e1 sk\u00e1kinni sem vi\u00f0 seldum borginni \u00fat \u00far f\u00e9lagssv\u00e6\u00f0inu fyrir skrillj\u00f3nir fyrir margt l\u00f6ngu. Og \u00fe\u00f3tt m\u00f6rkin yr\u00f0u tv\u00f6 var enga huggun a\u00f0 f\u00e1 \u00ed markapelanum g\u00f3\u00f0a, \u00fev\u00ed f\u00e9lagi Valur Nor\u00f0ri var fastur su\u00f0ur \u00ed K\u00f3pavogi a\u00f0 horfa \u00e1 st\u00falknam\u00f3t \u00ed f\u00f3tbolta. Vonandi me\u00f0 fleyginn \u00ed vasanum\u2026<\/p>\n<p>Nonni \u00fej\u00e1lfari ger\u00f0i grein fyrir uppstillingunni fyrir leik og \u00fe\u00e1 \u00feegar var lj\u00f3st a\u00f0 stefndi \u00ed vandr\u00e6\u00f0i. Mei\u00f0sli hafa leiki\u00f0 h\u00f3pinn gr\u00e1tt og n\u00fa s\u00ed\u00f0ast t\u00f3kst \u00d3lsarafautunum a\u00f0 mei\u00f0a Fred \u00feannig a\u00f0 ekki var tali\u00f0 \u00f3h\u00e6tt a\u00f0 l\u00e1ta hann leika. \u00dea\u00f0 var skar\u00f0 fyrir skildi. Hilmar kom inn \u00ed sta\u00f0inn, en a\u00f0 \u00f6\u00f0ru leyti var li\u00f0i\u00f0 \u00f3breytt: \u00d3lafur \u00ed marki, J\u00f6kull, Hlynur, Arn\u00f3r Da\u00f0i og Haraldur \u00ed v\u00f6rninni. Unnar og Albert \u00e1 mi\u00f0junni me\u00f0 M\u00e1 og Hilmar \u00e1 k\u00f6ntunum. Alexander og \u00de\u00f3rir frammi. Leiknismenn eru sterkir og me\u00f0 nokkra mj\u00f6g sterka menn innanbor\u00f0s. Ekki skr\u00edti\u00f0 a\u00f0 \u00feeim s\u00e9 sp\u00e1\u00f0 velgengni.<\/p>\n<p>\u00dea\u00f0 var \u00farvalsf\u00f3tboltave\u00f0ur \u00feegar flauta\u00f0 var til leiks, en \u00fe\u00f3 \u00f6rl\u00edti\u00f0 svalt. Undir lokin var \u00fe\u00f3 fari\u00f0 a\u00f0 \u00feykkna upp og kominn l\u00e9ttur \u00fa\u00f0i. Leikurinn byrja\u00f0i varf\u00e6rnislega og li\u00f0in virtust h\u00e1lfr\u00f6g a\u00f0 koma s\u00e9r \u00ed f\u00e6ri. Eftir r\u00famlega \u00e1tta m\u00edn\u00fatna leik leit fyrsta marki\u00f0 lj\u00f3s og var \u00fea\u00f0 st\u00f3rfur\u00f0ulegt. Leiknir t\u00f3k aukaspyrnu \u00e1 h\u00e6gri kantinum sem \u00d3lafur virtist gr\u00edpa au\u00f0veldlega. S\u00ed\u00f0an var eins og hann v\u00e6ri keyr\u00f0ur ni\u00f0ur og fleyg\u00f0i vi\u00f0 \u00fea\u00f0 boltanum \u00ed eigi\u00f0 mark. Um auglj\u00f3st brot virtist vera a\u00f0 r\u00e6\u00f0a og \u00ed 95% tilvika er d\u00e6mt \u00feegar stugga\u00f0 er vi\u00f0 markver\u00f0i \u00ed eigin markteig, en d\u00f3marinn benti samstundis \u00e1 mi\u00f0jupunktinn. \u00cd umr\u00e6\u00f0um \u00ed leikhl\u00e9i h\u00f6llu\u00f0ust menn helst a\u00f0 \u00fev\u00ed a\u00f0 leikma\u00f0ur Leiknis hef\u00f0i hrint Hlyn \u00e1 \u00d3laf og d\u00f3marinn, sem var illa sta\u00f0settur, hafi misst af hrindingunni.<\/p>\n<p>\u00a0<\/p>\n<p>Fyrstu t\u00edu m\u00edn\u00faturnar eftir marki\u00f0 eyddu leikmenn Fram of mikilli orku \u00ed a\u00f0 ergja sig \u00e1 \u00farskur\u00f0i d\u00f3marans, sem sannast sagna haf\u00f0i litla stj\u00f3rn \u00e1 leiknum. Upp \u00far mi\u00f0jum h\u00e1lfleiknum virtist li\u00f0i\u00f0 \u00fe\u00f3 vera a\u00f0 n\u00e1 vopnum s\u00ednum og skapa\u00f0i s\u00e9r f\u00e1ein f\u00e6ri, \u00feannig sk\u00f6llu\u00f0u Leiknismenn fr\u00e1 \u00e1 markl\u00ednu, Hlynur \u00e1tti bylmingsskot a\u00f0 marki og \u00de\u00f3rir skalla r\u00e9tt fram hj\u00e1. Einhver \u00ed st\u00fakunni \u00e1lpa\u00f0ist til a\u00f0 jinxa \u00feetta me\u00f0 \u00fev\u00ed a\u00f0 hr\u00f3sa spilamennskunni \u2013 \u00fe\u00e1 var eins og vi\u00f0 manninn m\u00e6lt a\u00f0 tuttugu sek\u00fandum s\u00ed\u00f0ar l\u00e1 boltinn \u00e1 n\u00fd \u00ed Framnetinu eftir \u00ferumuskot af l\u00f6ngu f\u00e6ri, gj\u00f6rsamlega upp \u00far engu. Leiknismenn voru komnir \u00ed 0:2 eftir r\u00famlega h\u00e1lft\u00edma leik \u00far einu markskoti.<\/p>\n<p>Eftir \u00feetta hresstust gestirnir verulega og minnstu m\u00e1tti muna a\u00f0 \u00feeir ykju forystuna enn fyrir hl\u00e9, \u00fear sem \u00d3lafur \u00feurfti einu sinni a\u00f0 verja vel eftir hornspyrnu og \u00ed anna\u00f0 sinn s\u00f6ng kn\u00f6tturinn \u00ed st\u00f6nginni eftir aukaspyrnu.<\/p>\n<p>Kaffi\u00f0 st\u00f3\u00f0 undir s\u00ednu og fr\u00e9ttaritarinn f\u00e9kk s\u00e9r eitthva\u00f0 sem var anna\u00f0 hvort b\u00e6kla\u00f0ur \u00e1starpungur e\u00f0a \u00f3venjuhn\u00f6tt\u00f3tt kleina.<\/p>\n<p><a href=\"http:\/\/fram.is\/wp-content\/uploads\/2020\/07\/Maggi-Ingi.jpg\"><img fetchpriority=\"high\" decoding=\"async\" class=\"alignright size-medium wp-image-22679\" src=\"http:\/\/fram.is\/wp-content\/uploads\/2020\/07\/Maggi-Ingi-292x300.jpg\" alt=\"\" width=\"292\" height=\"300\" \/><\/a><\/p>\n<p>J\u00f3n Sveinsson ger\u00f0i tv\u00f6falda skiptingu \u00feegar seinni h\u00e1lfleikur byrja\u00f0i. \u00de\u00f3rir og Hilmar f\u00f3ru af velli fyrir \u00fe\u00e1 Tryggva og Magn\u00fas. Kristj\u00e1n vallar\u00feulur uppl\u00fdsti a\u00f0 \u00e1horfendur v\u00e6ru 354, sem er eins og naskir lesendur \u00e1tta sig \u00e1 s\u00edmsv\u00e6\u00f0isn\u00fameri\u00f0 fyrir \u00cdsland! Eigum vi\u00f0 a\u00f0 stefna a\u00f0 \u00fev\u00ed \u00ed sumar a\u00f0 l\u00e1ta \u00e1horfendat\u00f6lurnar alltaf vera merkingarb\u00e6rar?<\/p>\n<p>Ungu str\u00e1karnir komu fr\u00edskir inn \u00ed spili\u00f0 og Framarar virtust a\u00f0eins vera a\u00f0 komast aftur inn \u00ed leikinn \u00feegar Leiknismenn skoru\u00f0u \u00feri\u00f0ja marki\u00f0 \u00e1 54. m\u00edn\u00fatu og \u00fea\u00f0 fj\u00f3r\u00f0a \u00feremur m\u00edn\u00fatum s\u00ed\u00f0ar \u2013 \u00ed b\u00e6\u00f0i skiptin eftir a\u00f0 Framarar misstu boltann \u00e1 h\u00e6ttulegum sta\u00f0. Sta\u00f0an or\u00f0in 0:4 og stemningin or\u00f0in mj\u00f6g \u00feung me\u00f0al Framara.<\/p>\n<p>\u00deessi mikli munur var \u00feeim mun ergilegri \u00ed lj\u00f3si \u00feess a\u00f0 gestirnir \u00far Brei\u00f0holtinu voru fjarri \u00fev\u00ed a\u00f0 s\u00fdna neinn stj\u00f6rnuleik og \u00ed hvert sinn sem Framarar reyndu a\u00f0 pressa \u00e1 Leiknisv\u00f6rnina sk\u00f6pu\u00f0ust t\u00e6kif\u00e6ri. Alexander var n\u00e6rri \u00fev\u00ed a\u00f0 minnka muninn stuttu eftir fj\u00f3r\u00f0a marki\u00f0 me\u00f0 \u00e1g\u00e6tum skalla og flj\u00f3tlega \u00fear \u00e1 eftir t\u00f3kst Magn\u00fasi a\u00f0 koma okkur \u00e1 bla\u00f0 \u00feegar hann renndi boltanum \u00ed t\u00f3mt neti\u00f0 eftir klaufaleg mist\u00f6k Leiknismarkvar\u00f0arins.<\/p>\n<p>\u00deegar seinni h\u00e1lfleikurinn var akk\u00farat h\u00e1lfna\u00f0ur misstu Leiknismenn boltann r\u00e9tt vi\u00f0 mi\u00f0l\u00ednu, Albert bar hann upp v\u00f6llinn og stakk loks inn \u00e1 Magn\u00fas sem skora\u00f0i anna\u00f0 mark sitt. \u00d6rl\u00edtill vonarneisti kvikna\u00f0i \u00e1 p\u00f6llunum.<\/p>\n<p>\u00c1 sj\u00f6tugustu m\u00edn\u00fatu f\u00f3r Albert \u00fat af fyrir Orra Gunnarsson sem sn\u00fdr aftur eftir mei\u00f0sli. Siptingin var nokku\u00f0 \u00f3v\u00e6nt \u00fear sem Albert haf\u00f0i veri\u00f0 lipur, en Orri \u00e1tti raunar eftir a\u00f0 standa sig vel s\u00ed\u00f0stu tuttugu m\u00edn\u00faturnar.<\/p>\n<p>Allar vonir um fr\u00e6ga endurkomu f\u00f3ru fyrir l\u00edti\u00f0. Flj\u00f3tlega eftir skiptinguna \u00feegar Brei\u00f0hyltingar skoru\u00f0u fimmta marki\u00f0 og sem fyrr upp \u00far engu, \u00fear sem Framv\u00f6rnin svaf \u00e1 ver\u00f0inum. \u00deokkalegt skot fr\u00e1 Tryggva var svo vari\u00f0 hinu megin \u00e1 vellinum m\u00edn\u00fatu s\u00ed\u00f0ar \u2013 sem endurspegla\u00f0i leikinn \u00e1g\u00e6tlega.<\/p>\n<p>Framarar fengu 1-2 f\u00e6ri undir lokin. Var \u00fe\u00e1 b\u00fai\u00f0 a\u00f0 gera tv\u00f6falda skiptingu, \u00fear sem Hlynur og Haraldur f\u00f3ru af velli en Aron Sn\u00e6r og Tumi komu inn\u00e1. Lokat\u00f6lur 2:5, sem gefa \u00fe\u00f3 l\u00edklega til kynna meira fj\u00f6r en raun bar vitni.<\/p>\n<p>Hversu f\u00falt var \u00feetta tap \u00e1 skalanum 1-10, \u00fear sem 1 er a\u00f0 f\u00e1 st\u00f6\u00f0um\u00e6lasekt eftir a\u00f0 hafa gleymt a\u00f0 nota leggja-appi\u00f0 og 10 er a\u00f0 vera s\u00e6nskur vegager\u00f0arma\u00f0ur sem er drepinn \u00ed gufunni me\u00f0 sinaskei\u00f0ab\u00f3lgu eftir a\u00f0 hafa rutt hraundr\u00f6ngum me\u00f0 h\u00f6kum og trj\u00e1drumbum? \u00c9g myndi segja 7,5. \u2013 En \u00e1fram gakk, n\u00e6st er bara a\u00f0 halda \u00e1 sl\u00f3\u00f0ir jar\u00f0skj\u00e1lftanna miklu \u00ed Grindav\u00edk \u00e1 f\u00f6studaginn kemur og s\u00e6kja \u00ferj\u00fa stig.<\/p>\n<p>Stef\u00e1n P\u00e1lsson<\/p><p><\/p>","protected":false},"excerpt":{"rendered":"<p>\u00cd Hei\u00f0arv\u00edgas\u00f6gu er fjalla\u00f0 um r\u00e9ttleysi farandverkaf\u00f3lks \u00e1 \u00cdslandi \u00e1 s\u00f6gu\u00f6ld. \u00dear segir fr\u00e1 s\u00e6nsku berserkjunum Leikni og Halla sem fengnir eru til a\u00f0 ry\u00f0ja veg um Berserkjahraun \u00ed grennd [&hellip;]<\/p>","protected":false},"author":6,"featured_media":23104,"comment_status":"open","ping_status":"open","sticky":false,"template":"","format":"standard","meta":{"_monsterinsights_skip_tracking":false,"_monsterinsights_sitenote_active":false,"_monsterinsights_sitenote_note":"","_monsterinsights_sitenote_category":0,"_jetpack_memberships_contains_paid_content":false,"footnotes":""},"categories":[11,10,20,9],"tags":[],"class_list":["post-22678","post","type-post","status-publish","format-standard","has-post-thumbnail","hentry","category-mflkarla","category-frettir","category-framiceland","category-fotbolti"],"jetpack_sharing_enabled":true,"jetpack_featured_media_url":"https:\/\/fram.is\/wp-content\/uploads\/2020\/07\/M\u00e1r.jpg","_links":{"self":[{"href":"https:\/\/fram.is\/is\/wp-json\/wp\/v2\/posts\/22678","targetHints":{"allow":["GET"]}}],"collection":[{"href":"https:\/\/fram.is\/is\/wp-json\/wp\/v2\/posts"}],"about":[{"href":"https:\/\/fram.is\/is\/wp-json\/wp\/v2\/types\/post"}],"author":[{"embeddable":true,"href":"https:\/\/fram.is\/is\/wp-json\/wp\/v2\/users\/6"}],"replies":[{"embeddable":true,"href":"https:\/\/fram.is\/is\/wp-json\/wp\/v2\/comments?post=22678"}],"version-history":[{"count":2,"href":"https:\/\/fram.is\/is\/wp-json\/wp\/v2\/posts\/22678\/revisions"}],"predecessor-version":[{"id":23192,"href":"https:\/\/fram.is\/is\/wp-json\/wp\/v2\/posts\/22678\/revisions\/23192"}],"wp:featuredmedia":[{"embeddable":true,"href":"https:\/\/fram.is\/is\/wp-json\/wp\/v2\/media\/23104"}],"wp:attachment":[{"href":"https:\/\/fram.is\/is\/wp-json\/wp\/v2\/media?parent=22678"}],"wp:term":[{"taxonomy":"category","embeddable":true,"href":"https:\/\/fram.is\/is\/wp-json\/wp\/v2\/categories?post=22678"},{"taxonomy":"post_tag","embeddable":true,"href":"https:\/\/fram.is\/is\/wp-json\/wp\/v2\/tags?post=22678"}],"curies":[{"name":"wp","href":"https:\/\/api.w.org\/{rel}","templated":true}]}}