{"id":22899,"date":"2012-09-30T11:35:00","date_gmt":"2012-09-30T11:35:00","guid":{"rendered":"http:\/\/fram.is\/?p=263"},"modified":"2012-09-30T11:35:00","modified_gmt":"2012-09-30T11:35:00","slug":"kristinn-ingi-og-jona-olafs-valin-best","status":"publish","type":"post","link":"https:\/\/fram.is\/is\/2012\/09\/30\/kristinn-ingi-og-jona-olafs-valin-best\/","title":{"rendered":"Kristinn Ingi og J\u00f3na \u00d3lafs valin best"},"content":{"rendered":"<p>Lokah\u00f3f Knattspyrnudeildar FRAM f\u00f3r fram \u00ed g\u00f3\u00f0u yfirl\u00e6ti \u00e1 K\u00f3ngnum \u00ed Grafarholti \u00ed g\u00e6rkv\u00f6ld. <\/p>\n<p>\u00dear voru saman komnir allir \u00feeir a\u00f0ilar sem hafa komi\u00f0 a\u00f0 starfi deildarinnar \u00e1 l\u00ed\u00f0andi keppnist\u00edmabili.<\/p>\n<p>Kosning f\u00f3r fram \u00e1 Bestu og Efnilegustu leikm\u00f6nnum flokkanna \u00e1samt \u00fev\u00ed a\u00f0 markak\u00f3ngar voru hei\u00f0ra\u00f0ir.<\/p>\n<p><a href=\"http:\/\/fram.is\/is\/2012\/09\/kristinn-ingi-og-jona-olafs-valin-best\/2-fl\/\" rel=\"attachment wp-att-266\"><img fetchpriority=\"high\" decoding=\"async\" src=\"http:\/\/fram.is\/uploads\/2012\/10\/2-fl.jpg\" alt=\"\" title=\"2 fl\" width=\"300\" height=\"300\" class=\"alignnone size-full wp-image-266\" \/><\/a><br \/>\n\u00cd 2. flokki var Baldvin \u00c1smundsson kosinn efnilegastur og Andri Freyr Sveinsson bestur.<\/p>\n<p><a href=\"http:\/\/fram.is\/is\/2012\/09\/kristinn-ingi-og-jona-olafs-valin-best\/mfl-kvk\/\" rel=\"attachment wp-att-267\"><img decoding=\"async\" src=\"http:\/\/fram.is\/uploads\/2012\/10\/mfl-kvk.jpg\" alt=\"\" title=\"mfl kvk\" width=\"300\" height=\"300\" class=\"alignnone size-full wp-image-267\" \/><\/a><br \/>\n\u00cd meistaraflokki kvenna var Sara Lissy kosin efnilegust og J\u00f3na \u00d3lafsd\u00f3ttir best \u00e1samt \u00fev\u00ed var R\u00f3sa<br \/>\nHauksd\u00f3ttir markdrottning.<\/p>\n<p><a href=\"http:\/\/fram.is\/is\/2012\/09\/kristinn-ingi-og-jona-olafs-valin-best\/mfl-kk\/\" rel=\"attachment wp-att-268\"><img decoding=\"async\" src=\"http:\/\/fram.is\/uploads\/2012\/10\/mfl-kk.jpg\" alt=\"\" title=\"mfl kk\" width=\"300\" height=\"300\" class=\"alignnone size-full wp-image-268\" \/><\/a><br \/>\n\u00cd meistaraflokki karla var Orri Gunnarsson kosinn efnilegastur og Kristinn Ingi Halld\u00f3rsson bestur en hann var jafnframt markak\u00f3ngur.<\/p>\n<p>Sannarlega gl\u00e6silegur h\u00f3pur og \u00f3skar KND \u00feeim sem og \u00f6llum \u00f6\u00f0rum til hamingju me\u00f0 sumari\u00f0.<\/p>","protected":false},"excerpt":{"rendered":"<p>Lokah\u00f3f Knattspyrnudeildar FRAM f\u00f3r fram \u00ed g\u00f3\u00f0u yfirl\u00e6ti \u00e1 K\u00f3ngnum \u00ed Grafarholti \u00ed g\u00e6rkv\u00f6ld. \u00dear voru saman komnir allir \u00feeir a\u00f0ilar sem hafa komi\u00f0 a\u00f0 starfi deildarinnar \u00e1 l\u00ed\u00f0andi keppnist\u00edmabili. [&hellip;]<\/p>","protected":false},"author":3,"featured_media":1468,"comment_status":"open","ping_status":"open","sticky":false,"template":"","format":"standard","meta":{"_monsterinsights_skip_tracking":false,"_monsterinsights_sitenote_active":false,"_monsterinsights_sitenote_note":"","_monsterinsights_sitenote_category":0,"_jetpack_memberships_contains_paid_content":false,"footnotes":""},"categories":[12,9],"tags":[],"class_list":["post-22899","post","type-post","status-publish","format-standard","has-post-thumbnail","hentry","category-mflkvenna","category-fotbolti"],"jetpack_sharing_enabled":true,"jetpack_featured_media_url":"https:\/\/fram.is\/wp-content\/uploads\/2012\/09\/Best-2012.jpg","_links":{"self":[{"href":"https:\/\/fram.is\/is\/wp-json\/wp\/v2\/posts\/22899","targetHints":{"allow":["GET"]}}],"collection":[{"href":"https:\/\/fram.is\/is\/wp-json\/wp\/v2\/posts"}],"about":[{"href":"https:\/\/fram.is\/is\/wp-json\/wp\/v2\/types\/post"}],"author":[{"embeddable":true,"href":"https:\/\/fram.is\/is\/wp-json\/wp\/v2\/users\/3"}],"replies":[{"embeddable":true,"href":"https:\/\/fram.is\/is\/wp-json\/wp\/v2\/comments?post=22899"}],"version-history":[{"count":0,"href":"https:\/\/fram.is\/is\/wp-json\/wp\/v2\/posts\/22899\/revisions"}],"wp:featuredmedia":[{"embeddable":true,"href":"https:\/\/fram.is\/is\/wp-json\/wp\/v2\/media\/1468"}],"wp:attachment":[{"href":"https:\/\/fram.is\/is\/wp-json\/wp\/v2\/media?parent=22899"}],"wp:term":[{"taxonomy":"category","embeddable":true,"href":"https:\/\/fram.is\/is\/wp-json\/wp\/v2\/categories?post=22899"},{"taxonomy":"post_tag","embeddable":true,"href":"https:\/\/fram.is\/is\/wp-json\/wp\/v2\/tags?post=22899"}],"curies":[{"name":"wp","href":"https:\/\/api.w.org\/{rel}","templated":true}]}}