{"id":2333,"date":"2013-03-07T15:11:54","date_gmt":"2013-03-07T15:11:54","guid":{"rendered":"http:\/\/fram.is\/?p=2333"},"modified":"2013-03-07T15:11:54","modified_gmt":"2013-03-07T15:11:54","slug":"breytingar-a-dagskra-lengjubikarsins","status":"publish","type":"post","link":"https:\/\/fram.is\/is\/2013\/03\/07\/breytingar-a-dagskra-lengjubikarsins\/","title":{"rendered":"Breytingar \u00e1 dagskr\u00e1 Lengjubikarsins"},"content":{"rendered":"<p><a href=\"http:\/\/fram.is\/wp-content\/uploads\/2013\/03\/FramKR.jpg\"><img fetchpriority=\"high\" decoding=\"async\" class=\"alignright size-medium wp-image-2334\" alt=\"FramKR\" src=\"http:\/\/fram.is\/wp-content\/uploads\/2013\/03\/FramKR-300x199.jpg\" width=\"300\" height=\"199\" \/><\/a>\u00derj\u00e1r breytingar hafa veri\u00f0 ger\u00f0ar \u00e1 Lengjubikardagskr\u00e1 karlali\u00f0s FRAM \u00ed knattspyrnu. \u00a0Leikur Brei\u00f0abliks og FRAM hefur veri\u00f0 f\u00e6r\u00f0ur fram um einn dag og fluttur \u00far K\u00f3rnum \u00e1 FRAMv\u00f6llinn \u00ed \u00dalfars\u00e1rdal, leikur FRAM og Vals hefur veri\u00f0 f\u00e6r\u00f0ur fram um \u00ferj\u00e1r vikur og leikur FRAM og Selfoss hefur veri\u00f0 f\u00e6r\u00f0ur aftur um einn dag.<\/p>\n<p>Eftir \u00feessar breytingar l\u00edtur dagskr\u00e1 FRAMli\u00f0sins \u00ed Lengjubikarnum svona \u00fat:<br \/>\nLau. 9.mars kl. 13.00 | Brei\u00f0ablik &#8211; FRAM | \u00dalfars\u00e1rdalur<br \/>\nMi\u00f0. 13.mars kl. 19.00 | FRAM &#8211; Valur | \u00dalfars\u00e1rdalur<br \/>\nLau. 16.mars kl. 13.00 | FRAM &#8211; Selfoss | \u00dalfars\u00e1rdalur<br \/>\nLau. 23.mars kl. 12.00 | \u00cdA &#8211; FRAM | Akranesh\u00f6ll<br \/>\nF\u00f6s. 12.apr\u00edl kl. 20.00 | V\u00edkingur &#8211; FRAM | V\u00edkingsv\u00f6llur<\/p>","protected":false},"excerpt":{"rendered":"<p>\u00derj\u00e1r breytingar hafa veri\u00f0 ger\u00f0ar \u00e1 Lengjubikardagskr\u00e1 karlali\u00f0s FRAM \u00ed knattspyrnu. \u00a0Leikur Brei\u00f0abliks og FRAM hefur veri\u00f0 f\u00e6r\u00f0ur fram um einn dag og fluttur \u00far K\u00f3rnum \u00e1 FRAMv\u00f6llinn \u00ed \u00dalfars\u00e1rdal, [&hellip;]<\/p>","protected":false},"author":3,"featured_media":2334,"comment_status":"open","ping_status":"open","sticky":false,"template":"","format":"standard","meta":{"_monsterinsights_skip_tracking":false,"_monsterinsights_sitenote_active":false,"_monsterinsights_sitenote_note":"","_monsterinsights_sitenote_category":0,"_jetpack_memberships_contains_paid_content":false,"footnotes":""},"categories":[11,9],"tags":[],"class_list":["post-2333","post","type-post","status-publish","format-standard","has-post-thumbnail","hentry","category-mflkarla","category-fotbolti"],"jetpack_sharing_enabled":true,"jetpack_featured_media_url":"https:\/\/fram.is\/wp-content\/uploads\/2013\/03\/FramKR.jpg","_links":{"self":[{"href":"https:\/\/fram.is\/is\/wp-json\/wp\/v2\/posts\/2333","targetHints":{"allow":["GET"]}}],"collection":[{"href":"https:\/\/fram.is\/is\/wp-json\/wp\/v2\/posts"}],"about":[{"href":"https:\/\/fram.is\/is\/wp-json\/wp\/v2\/types\/post"}],"author":[{"embeddable":true,"href":"https:\/\/fram.is\/is\/wp-json\/wp\/v2\/users\/3"}],"replies":[{"embeddable":true,"href":"https:\/\/fram.is\/is\/wp-json\/wp\/v2\/comments?post=2333"}],"version-history":[{"count":0,"href":"https:\/\/fram.is\/is\/wp-json\/wp\/v2\/posts\/2333\/revisions"}],"wp:featuredmedia":[{"embeddable":true,"href":"https:\/\/fram.is\/is\/wp-json\/wp\/v2\/media\/2334"}],"wp:attachment":[{"href":"https:\/\/fram.is\/is\/wp-json\/wp\/v2\/media?parent=2333"}],"wp:term":[{"taxonomy":"category","embeddable":true,"href":"https:\/\/fram.is\/is\/wp-json\/wp\/v2\/categories?post=2333"},{"taxonomy":"post_tag","embeddable":true,"href":"https:\/\/fram.is\/is\/wp-json\/wp\/v2\/tags?post=2333"}],"curies":[{"name":"wp","href":"https:\/\/api.w.org\/{rel}","templated":true}]}}