{"id":2360,"date":"2013-03-09T20:42:59","date_gmt":"2013-03-09T20:42:59","guid":{"rendered":"http:\/\/fram.is\/?p=2360"},"modified":"2013-03-09T20:42:59","modified_gmt":"2013-03-09T20:42:59","slug":"fram-valur-bikarurslitadagurinn-lattu-sja-thig","status":"publish","type":"post","link":"https:\/\/fram.is\/is\/2013\/03\/09\/fram-valur-bikarurslitadagurinn-lattu-sja-thig\/","title":{"rendered":"FRAM &#8211; Valur &#8220;Bikar\u00farslitadagurinn&#8221; l\u00e1ttu sj\u00e1 \u00feig,  3 FRAM leikir \u00ed &#8220;H\u00f6llinni&#8221;"},"content":{"rendered":"<p align=\"center\"><b>Bikarh\u00e1ti\u00f0 \u00ed H\u00f6llinni\u00a0<\/b><b>S\u00edmabikarinn 2013<\/b><\/p>\n<p>\u00a0Mi\u00f0aver\u00f0 \u00e1 \u00farslitaleikinn er\u00a0kr. 1.500 fyrir fullor\u00f0na, 13 \u00e1ra og eldri.<\/p>\n<p><em id=\"__mceDel\"> Fr\u00edtt fyrir 12 \u00e1ra og yngri.<\/em><\/p>\n<p><b>FORSALA!<br \/>\n\u00cd\u00fer\u00f3ttah\u00fasi FRAM \u00ed Safam\u00fdri kl. 12:00-15:00\u00a0 sunnudag.<br \/>\n<\/b><b>\u00cd FRAMB\u00cdLNUM FYRIR\u00a0 UTAN LAUGARDALSH\u00d6LL KL. 15:00-16:00<\/b><\/p>\n<p>Ef \u00fe\u00fa kaupir S\u00edmabikarmi\u00f0a af FRAM \u00ed fors\u00f6lu<br \/>\nrennur a\u00f0gangseyrir a\u00f0 \u00f6llu leyti til FRAM.<\/p>\n<p>Kaupum mi\u00f0a \u00ed fors\u00f6lu og sty\u00f0jum FRAM.<\/p>\n<p><b><span style=\"text-decoration: underline;\">Sunnudagur 10 mars \u00a0FRAMarar m\u00e6ta \u00ed H\u00f6llina<\/span><\/b><\/p>\n<p><b>Kl.11:00 \u00a0\u00a0\u00a0\u00a0\u00a0\u00a0\u00a0\u00a0\u00a0\u00a0\u00a0\u00a0\u00a0\u00a0 \u00darslitaleikur \u00ed 4. fl.ka.\u00a0 FRAM \u2013 Selfoss \u00ed Laugardalsh\u00f6ll<\/b><\/p>\n<p><b><span style=\"text-decoration: underline;\">Dagskr\u00e1 \u00ed \u00cd\u00fer\u00f3ttah\u00fasi Fram, sunnudaginn 10. mars<\/span><\/b><\/p>\n<p><b>Kl. 14:00<\/b>\u00a0\u00a0\u00a0\u00a0\u00a0\u00a0\u00a0\u00a0\u00a0\u00a0\u00a0\u00a0\u00a0\u00a0H\u00fasi\u00f0 opnar, Framarar koma saman, skemmta s\u00e9r og \u00f6\u00f0rum, hita upp fyrir leikinn.\u00a0\u00a0\u00a0 Andlitsm\u00e1lun \u00a0 \u00a0 \u00a0 \u00a0 fyrir b\u00f6rnin og handbolta\u00ferautir \u00ed \u00ed\u00fer\u00f3ttasalnum.\u00a0 L\u00e9ttar veitingar \u00e1 v\u00e6gu ver\u00f0i\u00a0 fyrir alla aldursh\u00f3pa. Allir \u00ed bl\u00e1u. Kaupa mi\u00f0a og sty\u00f0ja FRAM.<\/p>\n<p><b>Kl. 15:15<\/b>\u00a0\u00a0\u00a0\u00a0\u00a0\u00a0\u00a0\u00a0\u00a0\u00a0\u00a0\u00a0\u00a0\u00a0Allir koma s\u00e9r\u00a0 ni\u00f0ur \u00ed Laugardalsh\u00f6ll, stu\u00f0ningsmenn Fram koma s\u00e9r fyrir vestanmegin \u00ed st\u00fakunni,\u00a0<b>allir \u00ed bl\u00e1u<\/b>.\u00a0 \u00c1fram Fram !!!!<\/p>\n<p><b>Kl. 16:00<\/b>\u00a0\u00a0\u00a0\u00a0\u00a0\u00a0\u00a0\u00a0\u00a0\u00a0\u00a0\u00a0\u00a0\u00a0\u00a0<b>FRAM\u00a0 &#8211;\u00a0 Valur\u00a0 \u00darslitaleikurinn \u00ed meistaraflokki kvenna<\/b><\/p>\n<p><b>Kl. 20:00\u00a0\u00a0\u00a0\u00a0\u00a0\u00a0\u00a0\u00a0\u00a0\u00a0\u00a0\u00a0\u00a0\u00a0 \u00darslitaleikur \u00ed 3. fl.kv.\u00a0 FRAM \u2013 Selfoss \u00ed Laugardalsh\u00f6ll<\/b><\/p>\n<p align=\"center\"><b>\u00deETTA VER\u00d0A ALLIR A\u00d0 SJ\u00c1 !<\/b><\/p>\n<p><b>M\u00c6TUM OG HVETJUM\u00a0 FRAM\u00a0 TIL SIGURS !<\/b><\/p>\n<p align=\"center\"><b>\u00c1Fram Fram\u00a0 Reykjav\u00edkur stolti\u00f0 !<\/b><\/p>\n<p>&nbsp;<\/p>\n<p>&nbsp;<\/p>","protected":false},"excerpt":{"rendered":"<p>Bikarh\u00e1ti\u00f0 \u00ed H\u00f6llinni\u00a0S\u00edmabikarinn 2013 \u00a0Mi\u00f0aver\u00f0 \u00e1 \u00farslitaleikinn er\u00a0kr. 1.500 fyrir fullor\u00f0na, 13 \u00e1ra og eldri. Fr\u00edtt fyrir 12 \u00e1ra og yngri. FORSALA! \u00cd\u00fer\u00f3ttah\u00fasi FRAM \u00ed Safam\u00fdri kl. 12:00-15:00\u00a0 sunnudag. \u00cd [&hellip;]<\/p>","protected":false},"author":4,"featured_media":2363,"comment_status":"open","ping_status":"open","sticky":false,"template":"","format":"standard","meta":{"_monsterinsights_skip_tracking":false,"_monsterinsights_sitenote_active":false,"_monsterinsights_sitenote_note":"","_monsterinsights_sitenote_category":0,"_jetpack_memberships_contains_paid_content":false,"footnotes":""},"categories":[7,10,15,6],"tags":[],"class_list":["post-2360","post","type-post","status-publish","format-standard","has-post-thumbnail","hentry","category-yngri-flokkar","category-frettir","category-mfl-kvenna","category-handbolti"],"jetpack_sharing_enabled":true,"jetpack_featured_media_url":"https:\/\/fram.is\/wp-content\/uploads\/2013\/03\/framstelpur-II.jpg","_links":{"self":[{"href":"https:\/\/fram.is\/is\/wp-json\/wp\/v2\/posts\/2360","targetHints":{"allow":["GET"]}}],"collection":[{"href":"https:\/\/fram.is\/is\/wp-json\/wp\/v2\/posts"}],"about":[{"href":"https:\/\/fram.is\/is\/wp-json\/wp\/v2\/types\/post"}],"author":[{"embeddable":true,"href":"https:\/\/fram.is\/is\/wp-json\/wp\/v2\/users\/4"}],"replies":[{"embeddable":true,"href":"https:\/\/fram.is\/is\/wp-json\/wp\/v2\/comments?post=2360"}],"version-history":[{"count":0,"href":"https:\/\/fram.is\/is\/wp-json\/wp\/v2\/posts\/2360\/revisions"}],"wp:featuredmedia":[{"embeddable":true,"href":"https:\/\/fram.is\/is\/wp-json\/wp\/v2\/media\/2363"}],"wp:attachment":[{"href":"https:\/\/fram.is\/is\/wp-json\/wp\/v2\/media?parent=2360"}],"wp:term":[{"taxonomy":"category","embeddable":true,"href":"https:\/\/fram.is\/is\/wp-json\/wp\/v2\/categories?post=2360"},{"taxonomy":"post_tag","embeddable":true,"href":"https:\/\/fram.is\/is\/wp-json\/wp\/v2\/tags?post=2360"}],"curies":[{"name":"wp","href":"https:\/\/api.w.org\/{rel}","templated":true}]}}