{"id":2388,"date":"2013-03-12T10:22:09","date_gmt":"2013-03-12T10:22:09","guid":{"rendered":"http:\/\/fram.is\/?p=2388"},"modified":"2013-03-12T10:22:09","modified_gmt":"2013-03-12T10:22:09","slug":"adalfundur-taekwondodeildar-fram","status":"publish","type":"post","link":"https:\/\/fram.is\/is\/2013\/03\/12\/adalfundur-taekwondodeildar-fram\/","title":{"rendered":"A\u00f0alfundur Taekwondodeildar FRAM"},"content":{"rendered":"<p align=\"center\"><b>\u00a0<\/b><b><span style=\"text-decoration: underline;\">A\u00d0ALFUNDUR <\/span><\/b><b><span style=\"text-decoration: underline;\">\u00a0<\/span><\/b><\/p>\n<p style=\"text-align: left;\" align=\"center\"><b><\/b><b>A\u00d0ALFUNDUR TAEKWONDODEILDAR \u00a0FRAM VER\u00d0UR HALDINN <\/b>\u00a0<b>\u00cd \u00cd\u00deR\u00d3TTAH\u00daSI FRAM<\/b><\/p>\n<p><em id=\"__mceDel\"><b>F\u00d6STUDAGINN 22. MARS<\/b> <b>KL. 18:00.<\/b><b>\u00a0<\/b><\/em><\/p>\n<p><b>Dagskr\u00e1:<\/b><b><\/b><\/p>\n<p>&#8211;\u00a0\u00a0\u00a0\u00a0\u00a0\u00a0\u00a0\u00a0 <b>Venjuleg a\u00f0alfundarst\u00f6rf <\/b><\/p>\n<p>&#8211;\u00a0\u00a0\u00a0\u00a0\u00a0\u00a0\u00a0\u00a0 <b>\u00d6nnur m\u00e1l<\/b><\/p>\n<p><b>Stj\u00f3rn Taekwondodeildar\u00a0<\/b><\/p>","protected":false},"excerpt":{"rendered":"<p>\u00a0A\u00d0ALFUNDUR \u00a0 A\u00d0ALFUNDUR TAEKWONDODEILDAR \u00a0FRAM VER\u00d0UR HALDINN \u00a0\u00cd \u00cd\u00deR\u00d3TTAH\u00daSI FRAM F\u00d6STUDAGINN 22. MARS KL. 18:00.\u00a0 Dagskr\u00e1: &#8211;\u00a0\u00a0\u00a0\u00a0\u00a0\u00a0\u00a0\u00a0 Venjuleg a\u00f0alfundarst\u00f6rf &#8211;\u00a0\u00a0\u00a0\u00a0\u00a0\u00a0\u00a0\u00a0 \u00d6nnur m\u00e1l Stj\u00f3rn Taekwondodeildar\u00a0<\/p>","protected":false},"author":4,"featured_media":1794,"comment_status":"open","ping_status":"open","sticky":false,"template":"","format":"standard","meta":{"_monsterinsights_skip_tracking":false,"_monsterinsights_sitenote_active":false,"_monsterinsights_sitenote_note":"","_monsterinsights_sitenote_category":0,"_jetpack_memberships_contains_paid_content":false,"footnotes":""},"categories":[10,18],"tags":[],"class_list":["post-2388","post","type-post","status-publish","format-standard","has-post-thumbnail","hentry","category-frettir","category-taekwondo"],"jetpack_sharing_enabled":true,"jetpack_featured_media_url":"https:\/\/fram.is\/wp-content\/uploads\/2012\/12\/taekwondo.jpg","_links":{"self":[{"href":"https:\/\/fram.is\/is\/wp-json\/wp\/v2\/posts\/2388","targetHints":{"allow":["GET"]}}],"collection":[{"href":"https:\/\/fram.is\/is\/wp-json\/wp\/v2\/posts"}],"about":[{"href":"https:\/\/fram.is\/is\/wp-json\/wp\/v2\/types\/post"}],"author":[{"embeddable":true,"href":"https:\/\/fram.is\/is\/wp-json\/wp\/v2\/users\/4"}],"replies":[{"embeddable":true,"href":"https:\/\/fram.is\/is\/wp-json\/wp\/v2\/comments?post=2388"}],"version-history":[{"count":0,"href":"https:\/\/fram.is\/is\/wp-json\/wp\/v2\/posts\/2388\/revisions"}],"wp:featuredmedia":[{"embeddable":true,"href":"https:\/\/fram.is\/is\/wp-json\/wp\/v2\/media\/1794"}],"wp:attachment":[{"href":"https:\/\/fram.is\/is\/wp-json\/wp\/v2\/media?parent=2388"}],"wp:term":[{"taxonomy":"category","embeddable":true,"href":"https:\/\/fram.is\/is\/wp-json\/wp\/v2\/categories?post=2388"},{"taxonomy":"post_tag","embeddable":true,"href":"https:\/\/fram.is\/is\/wp-json\/wp\/v2\/tags?post=2388"}],"curies":[{"name":"wp","href":"https:\/\/api.w.org\/{rel}","templated":true}]}}