{"id":24058,"date":"2020-10-08T14:32:47","date_gmt":"2020-10-08T14:32:47","guid":{"rendered":"https:\/\/fram.is\/?p=24058"},"modified":"2020-10-08T14:32:47","modified_gmt":"2020-10-08T14:32:47","slug":"fimm-framarar-a-haefileikamoti-n1-og-ksi","status":"publish","type":"post","link":"https:\/\/fram.is\/is\/2020\/10\/08\/fimm-framarar-a-haefileikamoti-n1-og-ksi\/","title":{"rendered":"Fimm Framarar \u00e1 H\u00e6fileikam\u00f3ti N1 og KS\u00cd"},"content":{"rendered":"<p>L\u00fa\u00f0v\u00edk Gunnarsson landsli\u00f0s\u00fej\u00e1lfari U15 \u00e1ra landsli\u00f0s \u00cdslands \u00ed knattspyrnu valdi n\u00fdveri\u00f0 h\u00f3p drengja til \u00fe\u00e1ttt\u00f6ku \u00e1 H\u00e6fileikam\u00f3ti N1 og KS\u00cd sem fram f\u00f3r \u00ed Egilsh\u00f6ll dagana 19. \u2013 20. september.\u00a0 Alls voru 66 leikmenn f\u00e6ddir \u00e1ri\u00f0 2006 valdir til \u00e6finga og \u00e1ttum vi\u00f0 Framarar fimm fulltr\u00faa \u00ed \u00feeim h\u00f3pi.\u00a0 A\u00f0 \u00f3sekju hef\u00f0um vi\u00f0 m\u00e1tt eiga fleiri fulltr\u00faa \u00ed h\u00f3pnum, margir sem gera tilkall og eflaust einhverjir sem munu f\u00e1 t\u00e6kif\u00e6ri \u00e1 s\u00ed\u00f0ari stigum.<\/p>\n<p>A\u00f0 \u00feessu sinni voru \u00feeir Breki Baldursson, Hei\u00f0ar Dav\u00ed\u00f0 Wathne, \u00cdvar Bj\u00f6rgvinsson, \u00deorri Stef\u00e1n \u00deorbj\u00f6rnsson og \u00deorsteinn \u00d6rn Kjartansson valdir fr\u00e1 Fram.\u00a0 Allir eru \u00feessir drengir \u00e1 yngra \u00e1ri \u00ed 3. flokki Fram og st\u00f3\u00f0u sig vel me\u00f0 \u00f6flugu li\u00f0i 4. flokks \u00ed sumar.<\/p>","protected":false},"excerpt":{"rendered":"<p>L\u00fa\u00f0v\u00edk Gunnarsson landsli\u00f0s\u00fej\u00e1lfari U15 \u00e1ra landsli\u00f0s \u00cdslands \u00ed knattspyrnu valdi n\u00fdveri\u00f0 h\u00f3p drengja til \u00fe\u00e1ttt\u00f6ku \u00e1 H\u00e6fileikam\u00f3ti N1 og KS\u00cd sem fram f\u00f3r \u00ed Egilsh\u00f6ll dagana 19. \u2013 20. september.\u00a0 [&hellip;]<\/p>","protected":false},"author":5,"featured_media":24059,"comment_status":"closed","ping_status":"closed","sticky":false,"template":"","format":"standard","meta":{"_monsterinsights_skip_tracking":false,"_monsterinsights_sitenote_active":false,"_monsterinsights_sitenote_note":"","_monsterinsights_sitenote_category":0,"_jetpack_memberships_contains_paid_content":false,"footnotes":""},"categories":[1,10,20,9,13],"tags":[],"class_list":["post-24058","post","type-post","status-publish","format-standard","has-post-thumbnail","hentry","category-uncategorized","category-frettir","category-framiceland","category-fotbolti","category-yngriflokkar"],"jetpack_sharing_enabled":true,"jetpack_featured_media_url":"https:\/\/fram.is\/wp-content\/uploads\/2020\/10\/Haefileikamot-f.-2006.jpg","_links":{"self":[{"href":"https:\/\/fram.is\/is\/wp-json\/wp\/v2\/posts\/24058","targetHints":{"allow":["GET"]}}],"collection":[{"href":"https:\/\/fram.is\/is\/wp-json\/wp\/v2\/posts"}],"about":[{"href":"https:\/\/fram.is\/is\/wp-json\/wp\/v2\/types\/post"}],"author":[{"embeddable":true,"href":"https:\/\/fram.is\/is\/wp-json\/wp\/v2\/users\/5"}],"replies":[{"embeddable":true,"href":"https:\/\/fram.is\/is\/wp-json\/wp\/v2\/comments?post=24058"}],"version-history":[{"count":4,"href":"https:\/\/fram.is\/is\/wp-json\/wp\/v2\/posts\/24058\/revisions"}],"predecessor-version":[{"id":24063,"href":"https:\/\/fram.is\/is\/wp-json\/wp\/v2\/posts\/24058\/revisions\/24063"}],"wp:featuredmedia":[{"embeddable":true,"href":"https:\/\/fram.is\/is\/wp-json\/wp\/v2\/media\/24059"}],"wp:attachment":[{"href":"https:\/\/fram.is\/is\/wp-json\/wp\/v2\/media?parent=24058"}],"wp:term":[{"taxonomy":"category","embeddable":true,"href":"https:\/\/fram.is\/is\/wp-json\/wp\/v2\/categories?post=24058"},{"taxonomy":"post_tag","embeddable":true,"href":"https:\/\/fram.is\/is\/wp-json\/wp\/v2\/tags?post=24058"}],"curies":[{"name":"wp","href":"https:\/\/api.w.org\/{rel}","templated":true}]}}