{"id":24073,"date":"2020-10-11T16:27:56","date_gmt":"2020-10-11T16:27:56","guid":{"rendered":"https:\/\/fram.is\/?p=24073"},"modified":"2020-10-11T19:51:35","modified_gmt":"2020-10-11T19:51:35","slug":"atvinnumennirnir-okkar","status":"publish","type":"post","link":"https:\/\/fram.is\/is\/2020\/10\/11\/atvinnumennirnir-okkar\/","title":{"rendered":"Atvinnumennirnir okkar!"},"content":{"rendered":"<div data-elementor-type=\"wp-post\" data-elementor-id=\"24073\" class=\"elementor elementor-24073\" data-elementor-post-type=\"post\">\n\t\t\t\t\t\t<section class=\"elementor-section elementor-top-section elementor-element elementor-element-755ef83 elementor-section-boxed elementor-section-height-default elementor-section-height-default\" data-id=\"755ef83\" data-element_type=\"section\">\n\t\t\t\t\t\t<div class=\"elementor-container elementor-column-gap-default\">\n\t\t\t\t\t<div class=\"elementor-column elementor-col-100 elementor-top-column elementor-element elementor-element-6a21423\" data-id=\"6a21423\" data-element_type=\"column\">\n\t\t\t<div class=\"elementor-widget-wrap elementor-element-populated\">\n\t\t\t\t\t\t<div class=\"elementor-element elementor-element-d8becd8 elementor-widget elementor-widget-text-editor\" data-id=\"d8becd8\" data-element_type=\"widget\" data-widget_type=\"text-editor.default\">\n\t\t\t\t<div class=\"elementor-widget-container\">\n\t\t\t\t\t\t\t\t\t<p>Vi\u00f0 Framarar getum st\u00e6rt okkur af \u00fev\u00ed a\u00f0 eiga flotta atvinnumenn \u00ed handbolta. Atvinnumennirnir okkar eru \u00feau (fr\u00e1 vinstri) R\u00fanar K\u00e1rason, Arnar Freyr Arnarsson, Gu\u00f0mundur Gu\u00f0mundsson, Hafd\u00eds Ren\u00f6tud\u00f3ttir, Arnar Birkir H\u00e1lfd\u00e1narson og Viktor G\u00edsli Hallgr\u00edmsson.<\/p>\n<p><img fetchpriority=\"high\" decoding=\"async\" class=\"size-medium wp-image-24076 alignleft\" src=\"https:\/\/fram.is\/wp-content\/uploads\/2020\/10\/480px-Runar_Karason_01-300x300.jpg\" alt=\"\" width=\"300\" height=\"300\" srcset=\"https:\/\/fram.is\/wp-content\/uploads\/2020\/10\/480px-Runar_Karason_01-300x300.jpg 300w, https:\/\/fram.is\/wp-content\/uploads\/2020\/10\/480px-Runar_Karason_01-100x100.jpg 100w, https:\/\/fram.is\/wp-content\/uploads\/2020\/10\/480px-Runar_Karason_01-150x150.jpg 150w, https:\/\/fram.is\/wp-content\/uploads\/2020\/10\/480px-Runar_Karason_01.jpg 480w\" sizes=\"(max-width: 300px) 100vw, 300px\" \/>H\u00e6gri skyttan, R\u00fanar K\u00e1rason (1988) f\u00f3r ungur \u00e1rum \u00fat til Fuchse Berlin. Hann hefur leiki\u00f0 me\u00f0 li\u00f0um \u00e1 bor\u00f0 vi\u00f0 Bergischer HV, TV Grosswallstadt, Rhein-Neckar L\u00f6wen og TSV Hannover-Burgdorf. &nbsp;\u00cd dag leikur hann me\u00f0 li\u00f0i Ribe-Esbjerg \u00ed Danm\u00f6rku. Li\u00f0i\u00f0 er eins og stendur \u00ed 11. s\u00e6ti efstu deildar me\u00f0 3 stig eftir 7 leiki.<\/p>\n<p>L\u00ednuma\u00f0urinn sterki, Arnar Freyr Arnarsson (1996) h\u00f3f sinn atvinnumannaferil \u00ed Sv\u00ed\u00fej\u00f3\u00f0 me\u00f0 IFK Kristianstad. Eftir stutt stopp \u00ed GOG handbold \u00ed Danm\u00f6rku f\u00f3r hann til MT Melsungen \u00fear sem hann leikur undir stj\u00f3rn Framarans og landsli\u00f0s\u00fej\u00e1lfarans,&nbsp;<span style=\"color: var( --e-global-color-text ); font-family: var( --e-global-typography-text-font-family ); font-weight: var( --e-global-typography-text-font-weight ); font-size: 1rem;\">Gu\u00f0mundar Gu\u00f0mundssonar. <\/span><span style=\"color: var( --e-global-color-text ); font-family: var( --e-global-typography-text-font-family ); font-weight: var( --e-global-typography-text-font-weight ); font-size: 1rem;\">&nbsp;<\/span><span style=\"color: var( --e-global-color-text ); font-family: var( --e-global-typography-text-font-family ); font-weight: var( --e-global-typography-text-font-weight ); font-size: 1rem;\">Arnar og f\u00e9lagar eru me\u00f0 fullt h\u00fas stiga eftir 2 leiki og standa me\u00f0 10 \u00f6\u00f0rum li\u00f0um \u00ed 2. til 11. s\u00e6ti \u00ed Bundisligunni.<\/span><span style=\"color: var( --e-global-color-text ); font-family: var( --e-global-typography-text-font-family ); font-weight: var( --e-global-typography-text-font-weight ); font-size: 1rem;\"><img decoding=\"async\" class=\"size-full wp-image-24079 alignright\" src=\"https:\/\/fram.is\/wp-content\/uploads\/2020\/10\/images.jpg\" alt=\"\" width=\"299\" height=\"168\"><\/span><\/p>\n<p><span style=\"color: var( --e-global-color-text ); font-family: var( --e-global-typography-text-font-family ); font-weight: var( --e-global-typography-text-font-weight );\">\u00de\u00f3 svo a\u00f0 \u00fej\u00e1lfarinn&nbsp; Gu\u00f0mundur Gu\u00f0mundsson (1960) s\u00e9 ekki uppalinn Framari getum vi\u00f0 gorta\u00f0 okkur af \u00fev\u00ed a\u00f0 \u00ed Safam\u00fdrinni \u00fej\u00e1lfa\u00f0i hann \u00ed heil 7 \u00e1r, fyrst 1995 til 1999 og s\u00ed\u00f0an 2005 til 2007. <img decoding=\"async\" class=\"size-medium wp-image-24078 alignright\" src=\"https:\/\/fram.is\/wp-content\/uploads\/2020\/10\/921469-300x200.jpg\" alt=\"\" width=\"300\" height=\"200\" srcset=\"https:\/\/fram.is\/wp-content\/uploads\/2020\/10\/921469-300x200.jpg 300w, https:\/\/fram.is\/wp-content\/uploads\/2020\/10\/921469-800x534.jpg 800w, https:\/\/fram.is\/wp-content\/uploads\/2020\/10\/921469-768x512.jpg 768w, https:\/\/fram.is\/wp-content\/uploads\/2020\/10\/921469.jpg 820w\" sizes=\"(max-width: 300px) 100vw, 300px\" \/><\/span><\/p>\n<div><span style=\"font-size: 16px;\">Eins og fyrr hefur komi\u00f0 fram \u00fej\u00e1lfar hann li\u00f0 MT Melsungen \u00ed \u00fe\u00fdska handboltanum \u00e1samt \u00fev\u00ed a\u00f0 vera \u00fej\u00e1lfari \u00edslenska landsli\u00f0sins \u00ed handbolta.<\/span><\/div>\n<div>&nbsp;<\/div>\n<div><span style=\"font-size: 16px;\"><img loading=\"lazy\" decoding=\"async\" class=\"size-medium wp-image-24080 alignleft\" src=\"https:\/\/fram.is\/wp-content\/uploads\/2020\/10\/1107488-300x200.jpg\" alt=\"\" width=\"300\" height=\"200\" srcset=\"https:\/\/fram.is\/wp-content\/uploads\/2020\/10\/1107488-300x200.jpg 300w, https:\/\/fram.is\/wp-content\/uploads\/2020\/10\/1107488-800x533.jpg 800w, https:\/\/fram.is\/wp-content\/uploads\/2020\/10\/1107488-1024x682.jpg 1024w, https:\/\/fram.is\/wp-content\/uploads\/2020\/10\/1107488-768x512.jpg 768w, https:\/\/fram.is\/wp-content\/uploads\/2020\/10\/1107488-1536x1024.jpg 1536w, https:\/\/fram.is\/wp-content\/uploads\/2020\/10\/1107488.jpg 1640w\" sizes=\"(max-width: 300px) 100vw, 300px\" \/><\/span><\/div>\n<div>\n<p>Eftir a\u00f0 hafa leiki\u00f0 erlendis \u00ed nokkur \u00e1r kom besti&nbsp; markma\u00f0ur \u00cdslands, Hafd\u00eds Ren\u00f6tud\u00f3ttir (1997) aftur til f\u00e9lagsins t\u00edmabili\u00f0 2019\/20. Hafd\u00eds \u00e1tti sinn \u00fe\u00e1tt \u00ed a\u00f0 landa bikarmeistara- og deildarmeistaratitli f\u00e9lagsins sama t\u00edmabil. Ekki st\u00f3\u00f0 anna\u00f0 til en a\u00f0 Hafd\u00eds myndi spila undir merkjum FRAM \u00e1 yfirstandandi t\u00edmabili en eftir mj\u00f6g svo stuttan a\u00f0draganda \u00e1kva\u00f0 f\u00e9lagi\u00f0 a\u00f0 hleypa henni \u00fat til Sv\u00ed\u00fej\u00f3\u00f0ar. \u00dear samdi h\u00fan vi\u00f0 Lugi HF sem situr n\u00fa \u00ed n\u00e6st ne\u00f0sta s\u00e6ti deildarinnar \u00fear ytra me\u00f0 0 stig eftir 2 leiki.<\/p>\n<p>St\u00f3rskyttan og lj\u00fafmenni\u00f0, Arnar Birkir H\u00e1lfd\u00e1narson (1993) leikur me\u00f0 li\u00f0i EHV Aue \u00ed \u00fe\u00fdsku annarri deildinni. \u00deetta er 3 t\u00edmabili\u00f0 hj\u00e1 Arnari \u00fat \u00ed atvinnumennskunni en hann l\u00e9k me\u00f0 Sonderjyske HB \u00ed danska boltanum \u00ed 2 \u00e1r \u00fear \u00e1 undan. <img loading=\"lazy\" decoding=\"async\" class=\"size-medium wp-image-24081 alignright\" src=\"https:\/\/fram.is\/wp-content\/uploads\/2020\/10\/CA201BC4189D445340386828DD217FFEF9D34077F0BD42C65A96190D177791FC_1600x900-300x169.jpg\" alt=\"\" width=\"300\" height=\"169\" srcset=\"https:\/\/fram.is\/wp-content\/uploads\/2020\/10\/CA201BC4189D445340386828DD217FFEF9D34077F0BD42C65A96190D177791FC_1600x900-300x169.jpg 300w, https:\/\/fram.is\/wp-content\/uploads\/2020\/10\/CA201BC4189D445340386828DD217FFEF9D34077F0BD42C65A96190D177791FC_1600x900-800x450.jpg 800w, https:\/\/fram.is\/wp-content\/uploads\/2020\/10\/CA201BC4189D445340386828DD217FFEF9D34077F0BD42C65A96190D177791FC_1600x900-1024x576.jpg 1024w, https:\/\/fram.is\/wp-content\/uploads\/2020\/10\/CA201BC4189D445340386828DD217FFEF9D34077F0BD42C65A96190D177791FC_1600x900-768x432.jpg 768w, https:\/\/fram.is\/wp-content\/uploads\/2020\/10\/CA201BC4189D445340386828DD217FFEF9D34077F0BD42C65A96190D177791FC_1600x900-1536x864.jpg 1536w, https:\/\/fram.is\/wp-content\/uploads\/2020\/10\/CA201BC4189D445340386828DD217FFEF9D34077F0BD42C65A96190D177791FC_1600x900.jpg 1600w\" sizes=\"(max-width: 300px) 100vw, 300px\" \/>Arnar kemur \u00far mikilli FRAM fj\u00f6lskyldu. Eldri systir hans, Gu\u00f0r\u00fan \u00de\u00f3ra l\u00e9k me\u00f0 FRAM \u00ed \u00e1rabil og \u00fe\u00e1 er yngri systir hans, Da\u00f0ey \u00c1sta a\u00f0 st\u00edga sem fyrstu skref \u00ed meistaraflokki FRAM.<\/p>\n<p>\u00cd lokin ber a\u00f0 nefna vonarstj\u00f6rnu FRAM og \u00edslenska landsli\u00f0sins, Viktor G\u00edsla Hallgr\u00edmsson (2000). \u00der\u00e1tt fyrir ungan aldur er Viktor or\u00f0inn a\u00f0almarkma\u00f0ur GOG Handbold \u00ed Danm\u00f6rku. 27. september s\u00ed\u00f0astli\u00f0inn var\u00f0 GOG danskur bikarmeistari fyrir t\u00edmabili\u00f0 19\/20 en vegna Covid haf\u00f0i honum veri\u00f0 fresta\u00f0. <img loading=\"lazy\" decoding=\"async\" class=\"size-full wp-image-24082 alignleft\" src=\"https:\/\/fram.is\/wp-content\/uploads\/2020\/10\/Viktor-Gisli-Hallgrimsson-Islande-Iceland-23910.jpg\" alt=\"\" width=\"300\" height=\"200\">Hallgr\u00edmur J\u00f3nasson fyrrum markma\u00f0ur&nbsp; og a\u00f0sto\u00f0ar\u00fej\u00e1lfari FRAM er fa\u00f0ir Viktors. GOG er \u00ed 2. s\u00e6ti \u00ed Primo tours deildinni, efstu deildar Danmerkur.<\/p>\n<p>Einn daginn vonumst vi\u00f0 eftir \u00fev\u00ed a\u00f0 sj\u00e1 alla \u00feessa leikmenn sn\u00faa heim \u00ed heimahagana, spila undir merkjum FRAM me\u00f0 gle\u00f0i og stolti. \u00deanga\u00f0 til, h\u00f6ldum vi\u00f0 \u00e1fram a\u00f0 fylgjast me\u00f0 \u00feeim standa sig \u00e1 meginlandinu!<\/p>\n<p>\u00c1fram \u00feau og \u00e1fram FRAM<\/p>\n<\/div>\t\t\t\t\t\t\t\t<\/div>\n\t\t\t\t<\/div>\n\t\t\t\t\t<\/div>\n\t\t<\/div>\n\t\t\t\t\t<\/div>\n\t\t<\/section>\n\t\t\t\t<\/div>","protected":false},"excerpt":{"rendered":"<p>Vi\u00f0 Framarar getum st\u00e6rt okkur af \u00fev\u00ed a\u00f0 eiga flotta atvinnumenn \u00ed handbolta. Atvinnumennirnir okkar eru \u00feau (fr\u00e1 vinstri) R\u00fanar K\u00e1rason, Arnar Freyr Arnarsson, Gu\u00f0mundur Gu\u00f0mundsson, Hafd\u00eds Ren\u00f6tud\u00f3ttir, Arnar Birkir [&hellip;]<\/p>","protected":false},"author":7,"featured_media":24075,"comment_status":"closed","ping_status":"closed","sticky":false,"template":"","format":"standard","meta":{"_monsterinsights_skip_tracking":false,"_monsterinsights_sitenote_active":false,"_monsterinsights_sitenote_note":"","_monsterinsights_sitenote_category":0,"_jetpack_memberships_contains_paid_content":false,"footnotes":""},"categories":[1,6],"tags":[],"class_list":["post-24073","post","type-post","status-publish","format-standard","has-post-thumbnail","hentry","category-uncategorized","category-handbolti"],"jetpack_sharing_enabled":true,"jetpack_featured_media_url":"https:\/\/fram.is\/wp-content\/uploads\/2020\/10\/Untitled-design-14.png","_links":{"self":[{"href":"https:\/\/fram.is\/is\/wp-json\/wp\/v2\/posts\/24073","targetHints":{"allow":["GET"]}}],"collection":[{"href":"https:\/\/fram.is\/is\/wp-json\/wp\/v2\/posts"}],"about":[{"href":"https:\/\/fram.is\/is\/wp-json\/wp\/v2\/types\/post"}],"author":[{"embeddable":true,"href":"https:\/\/fram.is\/is\/wp-json\/wp\/v2\/users\/7"}],"replies":[{"embeddable":true,"href":"https:\/\/fram.is\/is\/wp-json\/wp\/v2\/comments?post=24073"}],"version-history":[{"count":6,"href":"https:\/\/fram.is\/is\/wp-json\/wp\/v2\/posts\/24073\/revisions"}],"predecessor-version":[{"id":24087,"href":"https:\/\/fram.is\/is\/wp-json\/wp\/v2\/posts\/24073\/revisions\/24087"}],"wp:featuredmedia":[{"embeddable":true,"href":"https:\/\/fram.is\/is\/wp-json\/wp\/v2\/media\/24075"}],"wp:attachment":[{"href":"https:\/\/fram.is\/is\/wp-json\/wp\/v2\/media?parent=24073"}],"wp:term":[{"taxonomy":"category","embeddable":true,"href":"https:\/\/fram.is\/is\/wp-json\/wp\/v2\/categories?post=24073"},{"taxonomy":"post_tag","embeddable":true,"href":"https:\/\/fram.is\/is\/wp-json\/wp\/v2\/tags?post=24073"}],"curies":[{"name":"wp","href":"https:\/\/api.w.org\/{rel}","templated":true}]}}