{"id":24105,"date":"2020-10-13T10:48:12","date_gmt":"2020-10-13T10:48:12","guid":{"rendered":"https:\/\/fram.is\/?p=24105"},"modified":"2020-10-13T15:33:30","modified_gmt":"2020-10-13T15:33:30","slug":"af-framkvaemdum-i-ulfarsardal","status":"publish","type":"post","link":"https:\/\/fram.is\/is\/2020\/10\/13\/af-framkvaemdum-i-ulfarsardal\/","title":{"rendered":"Af framkv\u00e6mdum \u00ed \u00dalfars\u00e1rdal"},"content":{"rendered":"<div data-elementor-type=\"wp-post\" data-elementor-id=\"24105\" class=\"elementor elementor-24105\" data-elementor-post-type=\"post\">\n\t\t\t\t<section class=\"elementor-section elementor-top-section elementor-element elementor-element-1566219f elementor-section-boxed elementor-section-height-default elementor-section-height-default\" data-id=\"1566219f\" data-element_type=\"section\">\n\t\t\t\t\t\t<div class=\"elementor-container elementor-column-gap-default\">\n\t\t\t\t\t<div class=\"elementor-column elementor-col-100 elementor-top-column elementor-element elementor-element-4e668404\" data-id=\"4e668404\" data-element_type=\"column\">\n\t\t\t<div class=\"elementor-widget-wrap elementor-element-populated\">\n\t\t\t\t\t\t<div class=\"elementor-element elementor-element-557af169 elementor-widget elementor-widget-text-editor\" data-id=\"557af169\" data-element_type=\"widget\" data-widget_type=\"text-editor.default\">\n\t\t\t\t<div class=\"elementor-widget-container\"><figure class=\"wp-block-image size-large is-resized\">\n<p>N\u00fa eru li\u00f0nir 11 m\u00e1nu\u00f0ir fr\u00e1 \u00fev\u00ed a\u00f0 sk\u00f3flustunga var tekin a\u00f0 \u00cd\u00fer\u00f3ttami\u00f0st\u00f6\u00f0 Fram \u00ed \u00dalfars\u00e1rdal. \u00a0GG-Verk h\u00f3fst strax handa og s\u00ed\u00f0an \u00fe\u00e1 hefur verki\u00f0 gengi\u00f0 a\u00f0 mestu vel.\u00a0 Einhverjar tafir ur\u00f0u \u00ed byrjun, vegna annarra framkv\u00e6mda \u00e1 sv\u00e6\u00f0inu osfv. En verkhra\u00f0i hefur vaxi\u00f0 jafnt og \u00fe\u00e9tt fr\u00e1 vori 2020, sumari\u00f0 n\u00fdttist vel og sta\u00f0an n\u00fana nokku\u00f0 g\u00f3\u00f0. <br \/>\u00dea\u00f0 styttist \u00ed a\u00f0 uppsteypu lj\u00faki a\u00f0 mestu og \u00fe\u00e1 ver\u00f0i h\u00e6gt a\u00f0 loka h\u00fasinu.\u00a0 Vi\u00f0 vonum bara a\u00f0 allt haldi \u00e1fram a\u00f0 ganga vel, h\u00fasi\u00f0 haldi \u00e1fram a\u00f0 r\u00edsa og ekkert komi upp sem getur valdi\u00f0 t\u00f6fum \u00e1 \u00feessu gr\u00ed\u00f0arlega flotta mannvirki sem n\u00fana r\u00eds hratt \u00ed \u00dalfars\u00e1rdalnum.\u00a0\u00a0<br \/><br \/>B\u00fai\u00f0 er a\u00f0 ganga fr\u00e1 \u00fatbo\u00f0i fyrir gras\u00e6fingavelli Fram og er \u00e6tlunin a\u00f0 \u00feeir fari \u00ed \u00fatbo\u00f0 \u00ed vetur og framkv\u00e6mdir vi\u00f0 gras\u00e6fingasv\u00e6\u00f0i Fram ver\u00f0i kl\u00e1ra\u00f0ar n\u00e6sta sumar.<\/p>\n<p>B\u00fai\u00f0 a\u00f0 er a\u00f0 kl\u00e1ra \u00f6ll m\u00e1l var\u00f0andi knatth\u00fas Fram, b\u00fai\u00f0 a\u00f0 forteikna h\u00fasi\u00f0, finna \u00fev\u00ed sta\u00f0 og ganga fr\u00e1 \u00feeim m\u00e1lum sem l\u00fata a\u00f0 skipulagi.\u00a0 N\u00fana er boltinn hj\u00e1 Borginn a\u00f0 kl\u00e1ra framkv\u00e6mdar\u00e1\u00e6tlun og fj\u00e1rmagna verki\u00f0.\u00a0<\/p>\n<p>H\u00e9r fyrir ne\u00f0an eru myndir sem teknar voru \u00ed byrjun m\u00e1na\u00f0ar, \u00e1samt einhverjum sk\u00fdringum, vonandi eru\u00f0 \u00fei\u00f0 einhverju n\u00e6r.<\/p>\n<img fetchpriority=\"high\" decoding=\"async\" class=\"wp-image-24065\" src=\"https:\/\/fram.is\/wp-content\/uploads\/2020\/10\/IMG_9511-1024x683.jpg\" alt=\"\" width=\"580\" height=\"386\" srcset=\"https:\/\/fram.is\/wp-content\/uploads\/2020\/10\/IMG_9511-1024x683.jpg 1024w, https:\/\/fram.is\/wp-content\/uploads\/2020\/10\/IMG_9511-scaled-800x533.jpg 800w, https:\/\/fram.is\/wp-content\/uploads\/2020\/10\/IMG_9511-300x200.jpg 300w, https:\/\/fram.is\/wp-content\/uploads\/2020\/10\/IMG_9511-768x512.jpg 768w, https:\/\/fram.is\/wp-content\/uploads\/2020\/10\/IMG_9511-1536x1024.jpg 1536w, https:\/\/fram.is\/wp-content\/uploads\/2020\/10\/IMG_9511-2048x1365.jpg 2048w\" sizes=\"(max-width: 580px) 100vw, 580px\" \/>\n<figcaption>H\u00e9r s\u00e9st \u00feaki\u00f0 yfir b\u00faningsklefum, taekwondo, fj\u00f6lnota og lyftingasal. \u00cd bakgrunni er a\u00f0alinngangur og skrifstofur. Veri\u00f0 a\u00f0 sl\u00e1 upp f. veislusal Fram \u00e1 3. h\u00e6\u00f0.<\/figcaption>\n<\/figure><figure class=\"wp-block-image size-large is-resized\"><img decoding=\"async\" class=\"wp-image-24066\" src=\"https:\/\/fram.is\/wp-content\/uploads\/2020\/10\/IMG_9513-1024x683.jpg\" alt=\"\" width=\"580\" height=\"386\" srcset=\"https:\/\/fram.is\/wp-content\/uploads\/2020\/10\/IMG_9513-1024x683.jpg 1024w, https:\/\/fram.is\/wp-content\/uploads\/2020\/10\/IMG_9513-scaled-800x533.jpg 800w, https:\/\/fram.is\/wp-content\/uploads\/2020\/10\/IMG_9513-300x200.jpg 300w, https:\/\/fram.is\/wp-content\/uploads\/2020\/10\/IMG_9513-768x512.jpg 768w, https:\/\/fram.is\/wp-content\/uploads\/2020\/10\/IMG_9513-1536x1024.jpg 1536w, https:\/\/fram.is\/wp-content\/uploads\/2020\/10\/IMG_9513-2048x1365.jpg 2048w\" sizes=\"(max-width: 580px) 100vw, 580px\" \/>\n<figcaption>H\u00e9r s\u00e9st \u00ed glugga sem s\u00fdna inn \u00ed taekwondosal Fram, \u00feessar st\u00f3ru t\u00fa\u00f0ur munu veita birtu inn \u00ed salina \u00e1 jar\u00f0h\u00e6\u00f0inni. \u00dea\u00f0 ver\u00f0ur torg yfir \u00feessum s\u00f6lum og h\u00e6gt a\u00f0 ganga yfir \u00feennan hluta h\u00fassins.<\/figcaption>\n<\/figure><figure class=\"wp-block-image size-large\"><img decoding=\"async\" width=\"1024\" height=\"683\" class=\"wp-image-24072\" src=\"https:\/\/fram.is\/wp-content\/uploads\/2020\/10\/IMG_9516-1024x683.jpg\" alt=\"\" srcset=\"https:\/\/fram.is\/wp-content\/uploads\/2020\/10\/IMG_9516-1024x683.jpg 1024w, https:\/\/fram.is\/wp-content\/uploads\/2020\/10\/IMG_9516-scaled-800x533.jpg 800w, https:\/\/fram.is\/wp-content\/uploads\/2020\/10\/IMG_9516-300x200.jpg 300w, https:\/\/fram.is\/wp-content\/uploads\/2020\/10\/IMG_9516-768x512.jpg 768w, https:\/\/fram.is\/wp-content\/uploads\/2020\/10\/IMG_9516-1536x1024.jpg 1536w, https:\/\/fram.is\/wp-content\/uploads\/2020\/10\/IMG_9516-2048x1365.jpg 2048w\" sizes=\"(max-width: 1024px) 100vw, 1024px\" \/>\n<figcaption>B\u00fai\u00f0\u00a0 a\u00f0 fylla a\u00f0 s\u00f6lunum a\u00f0 sunnanver\u00f0u, h\u00e9r s\u00e9st inngangur \u00e1 jar\u00f0h\u00e6\u00f0. H\u00e6gt ver\u00f0ur a\u00f0 ganga \u00fat \u00ed st\u00fakuna \u00fear sem bl\u00e1i g\u00e1murinn stendur.<\/figcaption>\n<\/figure><figure class=\"wp-block-image size-large is-resized\"><img loading=\"lazy\" decoding=\"async\" class=\"wp-image-24091\" src=\"https:\/\/fram.is\/wp-content\/uploads\/2020\/10\/IMG_9521-1024x683.jpg\" alt=\"\" width=\"580\" height=\"386\" srcset=\"https:\/\/fram.is\/wp-content\/uploads\/2020\/10\/IMG_9521-1024x683.jpg 1024w, https:\/\/fram.is\/wp-content\/uploads\/2020\/10\/IMG_9521-scaled-800x533.jpg 800w, https:\/\/fram.is\/wp-content\/uploads\/2020\/10\/IMG_9521-300x200.jpg 300w, https:\/\/fram.is\/wp-content\/uploads\/2020\/10\/IMG_9521-768x512.jpg 768w, https:\/\/fram.is\/wp-content\/uploads\/2020\/10\/IMG_9521-1536x1024.jpg 1536w, https:\/\/fram.is\/wp-content\/uploads\/2020\/10\/IMG_9521-2048x1365.jpg 2048w\" sizes=\"(max-width: 580px) 100vw, 580px\" \/>\n<figcaption>H\u00e9r er veri\u00f0 a\u00f0 sl\u00e1 upp f. n\u00fdjum veislusal Fram \u00e1 3. h\u00e6\u00f0. A\u00f0alinngangur og skrifstofur Fram.<\/figcaption>\n<\/figure><figure class=\"wp-block-image size-large\"><img loading=\"lazy\" decoding=\"async\" width=\"1024\" height=\"683\" class=\"wp-image-24092\" src=\"https:\/\/fram.is\/wp-content\/uploads\/2020\/10\/IMG_9522-1024x683.jpg\" alt=\"\" srcset=\"https:\/\/fram.is\/wp-content\/uploads\/2020\/10\/IMG_9522-1024x683.jpg 1024w, https:\/\/fram.is\/wp-content\/uploads\/2020\/10\/IMG_9522-scaled-800x533.jpg 800w, https:\/\/fram.is\/wp-content\/uploads\/2020\/10\/IMG_9522-300x200.jpg 300w, https:\/\/fram.is\/wp-content\/uploads\/2020\/10\/IMG_9522-768x512.jpg 768w, https:\/\/fram.is\/wp-content\/uploads\/2020\/10\/IMG_9522-1536x1024.jpg 1536w, https:\/\/fram.is\/wp-content\/uploads\/2020\/10\/IMG_9522-2048x1365.jpg 2048w\" sizes=\"(max-width: 1024px) 100vw, 1024px\" \/>\n<figcaption>Bakhli\u00f0 st\u00faku og \u00e1 \u00ed\u00fer\u00f3ttah\u00fasi, veri\u00f0 a\u00f0 vinna \u00ed b\u00edlast\u00e6\u00f0um ofl.<\/figcaption>\n<\/figure><figure class=\"wp-block-image size-large\"><img loading=\"lazy\" decoding=\"async\" width=\"1024\" height=\"683\" class=\"wp-image-24093\" src=\"https:\/\/fram.is\/wp-content\/uploads\/2020\/10\/IMG_9523-1024x683.jpg\" alt=\"\" srcset=\"https:\/\/fram.is\/wp-content\/uploads\/2020\/10\/IMG_9523-1024x683.jpg 1024w, https:\/\/fram.is\/wp-content\/uploads\/2020\/10\/IMG_9523-scaled-800x533.jpg 800w, https:\/\/fram.is\/wp-content\/uploads\/2020\/10\/IMG_9523-300x200.jpg 300w, https:\/\/fram.is\/wp-content\/uploads\/2020\/10\/IMG_9523-768x512.jpg 768w, https:\/\/fram.is\/wp-content\/uploads\/2020\/10\/IMG_9523-1536x1024.jpg 1536w, https:\/\/fram.is\/wp-content\/uploads\/2020\/10\/IMG_9523-2048x1365.jpg 2048w\" sizes=\"(max-width: 1024px) 100vw, 1024px\" \/>\n<figcaption>\u00cd\u00fer\u00f3ttah\u00fas Fram, veri\u00f0 a\u00f0 sl\u00e1 upp fyrir sto\u00f0veggjum \u00e1 b\u00edlast\u00e6\u00f0i.<\/figcaption>\n<\/figure><figure class=\"wp-block-image size-large\"><img loading=\"lazy\" decoding=\"async\" width=\"1024\" height=\"683\" class=\"wp-image-24094\" src=\"https:\/\/fram.is\/wp-content\/uploads\/2020\/10\/IMG_9527-1024x683.jpg\" alt=\"\" srcset=\"https:\/\/fram.is\/wp-content\/uploads\/2020\/10\/IMG_9527-1024x683.jpg 1024w, https:\/\/fram.is\/wp-content\/uploads\/2020\/10\/IMG_9527-scaled-800x533.jpg 800w, https:\/\/fram.is\/wp-content\/uploads\/2020\/10\/IMG_9527-300x200.jpg 300w, https:\/\/fram.is\/wp-content\/uploads\/2020\/10\/IMG_9527-768x512.jpg 768w, https:\/\/fram.is\/wp-content\/uploads\/2020\/10\/IMG_9527-1536x1024.jpg 1536w, https:\/\/fram.is\/wp-content\/uploads\/2020\/10\/IMG_9527-2048x1365.jpg 2048w\" sizes=\"(max-width: 1024px) 100vw, 1024px\" \/>\n<figcaption>H\u00e9r m\u00e1 sj\u00e1 t\u00e6knir\u00fdmi h\u00fassins, mun hverfa flj\u00f3tlega.<\/figcaption>\n<\/figure><figure class=\"wp-block-image size-large\"><img loading=\"lazy\" decoding=\"async\" width=\"1024\" height=\"683\" class=\"wp-image-24095\" src=\"https:\/\/fram.is\/wp-content\/uploads\/2020\/10\/IMG_9530-1024x683.jpg\" alt=\"\" srcset=\"https:\/\/fram.is\/wp-content\/uploads\/2020\/10\/IMG_9530-1024x683.jpg 1024w, https:\/\/fram.is\/wp-content\/uploads\/2020\/10\/IMG_9530-scaled-800x533.jpg 800w, https:\/\/fram.is\/wp-content\/uploads\/2020\/10\/IMG_9530-300x200.jpg 300w, https:\/\/fram.is\/wp-content\/uploads\/2020\/10\/IMG_9530-768x512.jpg 768w, https:\/\/fram.is\/wp-content\/uploads\/2020\/10\/IMG_9530-1536x1024.jpg 1536w, https:\/\/fram.is\/wp-content\/uploads\/2020\/10\/IMG_9530-2048x1365.jpg 2048w\" sizes=\"(max-width: 1024px) 100vw, 1024px\" \/>\n<figcaption>Inngangur \u00ed t\u00e6knir\u00fdmi.<\/figcaption>\n<\/figure><figure class=\"wp-block-image size-large\"><img loading=\"lazy\" decoding=\"async\" width=\"1024\" height=\"683\" class=\"wp-image-24096\" src=\"https:\/\/fram.is\/wp-content\/uploads\/2020\/10\/IMG_9531-1024x683.jpg\" alt=\"\" srcset=\"https:\/\/fram.is\/wp-content\/uploads\/2020\/10\/IMG_9531-1024x683.jpg 1024w, https:\/\/fram.is\/wp-content\/uploads\/2020\/10\/IMG_9531-scaled-800x533.jpg 800w, https:\/\/fram.is\/wp-content\/uploads\/2020\/10\/IMG_9531-300x200.jpg 300w, https:\/\/fram.is\/wp-content\/uploads\/2020\/10\/IMG_9531-768x512.jpg 768w, https:\/\/fram.is\/wp-content\/uploads\/2020\/10\/IMG_9531-1536x1024.jpg 1536w, https:\/\/fram.is\/wp-content\/uploads\/2020\/10\/IMG_9531-2048x1365.jpg 2048w\" sizes=\"(max-width: 1024px) 100vw, 1024px\" \/>\n<figcaption>\u00cd\u00fer\u00f3ttah\u00fas Fram, horfum a\u00f0 afgrei\u00f0slu \u00e1 2. h\u00e6\u00f0 og veislusal \u00e1 3. h\u00e6\u00f0.<\/figcaption>\n<\/figure><figure class=\"wp-block-image size-large\"><img loading=\"lazy\" decoding=\"async\" width=\"1024\" height=\"683\" class=\"wp-image-24097\" src=\"https:\/\/fram.is\/wp-content\/uploads\/2020\/10\/IMG_9533-1024x683.jpg\" alt=\"\" srcset=\"https:\/\/fram.is\/wp-content\/uploads\/2020\/10\/IMG_9533-1024x683.jpg 1024w, https:\/\/fram.is\/wp-content\/uploads\/2020\/10\/IMG_9533-scaled-800x533.jpg 800w, https:\/\/fram.is\/wp-content\/uploads\/2020\/10\/IMG_9533-300x200.jpg 300w, https:\/\/fram.is\/wp-content\/uploads\/2020\/10\/IMG_9533-768x512.jpg 768w, https:\/\/fram.is\/wp-content\/uploads\/2020\/10\/IMG_9533-1536x1024.jpg 1536w, https:\/\/fram.is\/wp-content\/uploads\/2020\/10\/IMG_9533-2048x1365.jpg 2048w\" sizes=\"(max-width: 1024px) 100vw, 1024px\" \/>\n<figcaption>\u00cd\u00fer\u00f3ttah\u00fas Fram.<\/figcaption>\n<\/figure><figure class=\"wp-block-image size-large\"><img loading=\"lazy\" decoding=\"async\" width=\"1024\" height=\"683\" class=\"wp-image-24098\" src=\"https:\/\/fram.is\/wp-content\/uploads\/2020\/10\/IMG_9534-1024x683.jpg\" alt=\"\" srcset=\"https:\/\/fram.is\/wp-content\/uploads\/2020\/10\/IMG_9534-1024x683.jpg 1024w, https:\/\/fram.is\/wp-content\/uploads\/2020\/10\/IMG_9534-scaled-800x533.jpg 800w, https:\/\/fram.is\/wp-content\/uploads\/2020\/10\/IMG_9534-300x200.jpg 300w, https:\/\/fram.is\/wp-content\/uploads\/2020\/10\/IMG_9534-768x512.jpg 768w, https:\/\/fram.is\/wp-content\/uploads\/2020\/10\/IMG_9534-1536x1024.jpg 1536w, https:\/\/fram.is\/wp-content\/uploads\/2020\/10\/IMG_9534-2048x1365.jpg 2048w\" sizes=\"(max-width: 1024px) 100vw, 1024px\" \/>\n<figcaption>H\u00e6gt ver\u00f0ur a\u00f0 horfa \u00fat \u00e1 velli af 2. h\u00e6\u00f0 og h\u00e9r m\u00e1 &#8220;kannski&#8221; sj\u00e1 \u00fat \u00e1 v\u00f6ll eftir leikmanna \u00fatgangi.<\/figcaption>\n<\/figure><figure class=\"wp-block-image size-large\"><img loading=\"lazy\" decoding=\"async\" width=\"1024\" height=\"683\" class=\"wp-image-24099\" src=\"https:\/\/fram.is\/wp-content\/uploads\/2020\/10\/IMG_9536-1024x683.jpg\" alt=\"\" srcset=\"https:\/\/fram.is\/wp-content\/uploads\/2020\/10\/IMG_9536-1024x683.jpg 1024w, https:\/\/fram.is\/wp-content\/uploads\/2020\/10\/IMG_9536-scaled-800x533.jpg 800w, https:\/\/fram.is\/wp-content\/uploads\/2020\/10\/IMG_9536-300x200.jpg 300w, https:\/\/fram.is\/wp-content\/uploads\/2020\/10\/IMG_9536-768x512.jpg 768w, https:\/\/fram.is\/wp-content\/uploads\/2020\/10\/IMG_9536-1536x1024.jpg 1536w, https:\/\/fram.is\/wp-content\/uploads\/2020\/10\/IMG_9536-2048x1365.jpg 2048w\" sizes=\"(max-width: 1024px) 100vw, 1024px\" \/>\n<figcaption>St\u00faka, \u00ed\u00fer\u00f3ttah\u00fas og b\u00edlast\u00e6\u00f0i.<\/figcaption>\n<\/figure><figure class=\"wp-block-image size-large\"><img loading=\"lazy\" decoding=\"async\" width=\"1024\" height=\"683\" class=\"wp-image-24100\" src=\"https:\/\/fram.is\/wp-content\/uploads\/2020\/10\/IMG_9539-1024x683.jpg\" alt=\"\" srcset=\"https:\/\/fram.is\/wp-content\/uploads\/2020\/10\/IMG_9539-1024x683.jpg 1024w, https:\/\/fram.is\/wp-content\/uploads\/2020\/10\/IMG_9539-scaled-800x533.jpg 800w, https:\/\/fram.is\/wp-content\/uploads\/2020\/10\/IMG_9539-300x200.jpg 300w, https:\/\/fram.is\/wp-content\/uploads\/2020\/10\/IMG_9539-768x512.jpg 768w, https:\/\/fram.is\/wp-content\/uploads\/2020\/10\/IMG_9539-1536x1024.jpg 1536w, https:\/\/fram.is\/wp-content\/uploads\/2020\/10\/IMG_9539-2048x1365.jpg 2048w\" sizes=\"(max-width: 1024px) 100vw, 1024px\" \/>\n<figcaption>\u00c1horfendast\u00fakan<\/figcaption>\n<\/figure><figure class=\"wp-block-image size-large\"><img loading=\"lazy\" decoding=\"async\" width=\"1024\" height=\"683\" class=\"wp-image-24101\" src=\"https:\/\/fram.is\/wp-content\/uploads\/2020\/10\/IMG_9542-1024x683.jpg\" alt=\"\" srcset=\"https:\/\/fram.is\/wp-content\/uploads\/2020\/10\/IMG_9542-1024x683.jpg 1024w, https:\/\/fram.is\/wp-content\/uploads\/2020\/10\/IMG_9542-scaled-800x533.jpg 800w, https:\/\/fram.is\/wp-content\/uploads\/2020\/10\/IMG_9542-300x200.jpg 300w, https:\/\/fram.is\/wp-content\/uploads\/2020\/10\/IMG_9542-768x512.jpg 768w, https:\/\/fram.is\/wp-content\/uploads\/2020\/10\/IMG_9542-1536x1024.jpg 1536w, https:\/\/fram.is\/wp-content\/uploads\/2020\/10\/IMG_9542-2048x1365.jpg 2048w\" sizes=\"(max-width: 1024px) 100vw, 1024px\" \/>\n<figcaption>D\u00e6luh\u00fas, t\u00e6knih\u00fas fyrir velli, \u00fearna ver\u00f0ur l\u00edka a\u00f0sta\u00f0a f. sj\u00f3nvarp og markatafla. Gras\u00e6fingasv\u00e6\u00f0i Fram fj\u00e6r, \u00e1 sv\u00e6\u00f0i fyrir ne\u00f0an d\u00e6luh\u00fas.<\/figcaption>\n<\/figure><figure class=\"wp-block-image size-large\"><img loading=\"lazy\" decoding=\"async\" width=\"1024\" height=\"683\" class=\"wp-image-24102\" src=\"https:\/\/fram.is\/wp-content\/uploads\/2020\/10\/IMG_9547-1024x683.jpg\" alt=\"\" srcset=\"https:\/\/fram.is\/wp-content\/uploads\/2020\/10\/IMG_9547-1024x683.jpg 1024w, https:\/\/fram.is\/wp-content\/uploads\/2020\/10\/IMG_9547-scaled-800x533.jpg 800w, https:\/\/fram.is\/wp-content\/uploads\/2020\/10\/IMG_9547-300x200.jpg 300w, https:\/\/fram.is\/wp-content\/uploads\/2020\/10\/IMG_9547-768x512.jpg 768w, https:\/\/fram.is\/wp-content\/uploads\/2020\/10\/IMG_9547-1536x1024.jpg 1536w, https:\/\/fram.is\/wp-content\/uploads\/2020\/10\/IMG_9547-2048x1365.jpg 2048w\" sizes=\"(max-width: 1024px) 100vw, 1024px\" \/>\n<figcaption>S\u00e9\u00f0 framan \u00e1 st\u00faku, veri\u00f0 a\u00f0 sl\u00e1 upp f. g\u00f3lfi \u00e1 3. h\u00e6\u00f0, \u00fear ver\u00f0ur a\u00f0sta\u00f0a fyrir \u00e1horfendur, bla\u00f0amenn osfv. Varamannask\u00fdli \u00e1 jar\u00f0h\u00e6\u00f0. Undir st\u00faku ver\u00f0a svo b\u00faningsklefar ofl.<br \/><br \/>Knattspyrnuf\u00e9lagi\u00f0 Fram<\/figcaption>\n<\/figure><\/div>\n\t\t\t\t<\/div>\n\t\t\t\t\t<\/div>\n\t\t<\/div>\n\t\t\t\t\t<\/div>\n\t\t<\/section>\t\t<\/div>","protected":false},"excerpt":{"rendered":"","protected":false},"author":5,"featured_media":24070,"comment_status":"closed","ping_status":"closed","sticky":false,"template":"","format":"standard","meta":{"_monsterinsights_skip_tracking":false,"_monsterinsights_sitenote_active":false,"_monsterinsights_sitenote_note":"","_monsterinsights_sitenote_category":0,"_jetpack_memberships_contains_paid_content":false,"footnotes":""},"categories":[8,10],"tags":[],"class_list":["post-24105","post","type-post","status-publish","format-standard","has-post-thumbnail","hentry","category-adalstjorn","category-frettir"],"jetpack_sharing_enabled":true,"jetpack_featured_media_url":"https:\/\/fram.is\/wp-content\/uploads\/2020\/10\/FRAMhus-vefur-scaled.jpg","_links":{"self":[{"href":"https:\/\/fram.is\/is\/wp-json\/wp\/v2\/posts\/24105","targetHints":{"allow":["GET"]}}],"collection":[{"href":"https:\/\/fram.is\/is\/wp-json\/wp\/v2\/posts"}],"about":[{"href":"https:\/\/fram.is\/is\/wp-json\/wp\/v2\/types\/post"}],"author":[{"embeddable":true,"href":"https:\/\/fram.is\/is\/wp-json\/wp\/v2\/users\/5"}],"replies":[{"embeddable":true,"href":"https:\/\/fram.is\/is\/wp-json\/wp\/v2\/comments?post=24105"}],"version-history":[{"count":7,"href":"https:\/\/fram.is\/is\/wp-json\/wp\/v2\/posts\/24105\/revisions"}],"predecessor-version":[{"id":24114,"href":"https:\/\/fram.is\/is\/wp-json\/wp\/v2\/posts\/24105\/revisions\/24114"}],"wp:featuredmedia":[{"embeddable":true,"href":"https:\/\/fram.is\/is\/wp-json\/wp\/v2\/media\/24070"}],"wp:attachment":[{"href":"https:\/\/fram.is\/is\/wp-json\/wp\/v2\/media?parent=24105"}],"wp:term":[{"taxonomy":"category","embeddable":true,"href":"https:\/\/fram.is\/is\/wp-json\/wp\/v2\/categories?post=24105"},{"taxonomy":"post_tag","embeddable":true,"href":"https:\/\/fram.is\/is\/wp-json\/wp\/v2\/tags?post=24105"}],"curies":[{"name":"wp","href":"https:\/\/api.w.org\/{rel}","templated":true}]}}