{"id":24373,"date":"2020-12-03T10:20:05","date_gmt":"2020-12-03T10:20:05","guid":{"rendered":"https:\/\/fram.is\/?p=24373"},"modified":"2020-12-03T16:17:26","modified_gmt":"2020-12-03T16:17:26","slug":"ithrottamadur-fram-2020-verdur-utnefndur-midvikudaginn-30-desember","status":"publish","type":"post","link":"https:\/\/fram.is\/is\/2020\/12\/03\/ithrottamadur-fram-2020-verdur-utnefndur-midvikudaginn-30-desember\/","title":{"rendered":"\u00cd\u00fer\u00f3ttama\u00f0ur Fram 2020 ver\u00f0ur \u00fatnefndur mi\u00f0vikudaginn 30.desember."},"content":{"rendered":"<div data-elementor-type=\"wp-post\" data-elementor-id=\"24373\" class=\"elementor elementor-24373\" data-elementor-post-type=\"post\">\n\t\t\t\t<section class=\"elementor-section elementor-top-section elementor-element elementor-element-575265eb elementor-section-boxed elementor-section-height-default elementor-section-height-default\" data-id=\"575265eb\" data-element_type=\"section\">\n\t\t\t\t\t\t<div class=\"elementor-container elementor-column-gap-default\">\n\t\t\t\t\t<div class=\"elementor-column elementor-col-100 elementor-top-column elementor-element elementor-element-a6a9067\" data-id=\"a6a9067\" data-element_type=\"column\">\n\t\t\t<div class=\"elementor-widget-wrap elementor-element-populated\">\n\t\t\t\t\t\t<div class=\"elementor-element elementor-element-96dc38a elementor-widget elementor-widget-text-editor\" data-id=\"96dc38a\" data-element_type=\"widget\" data-widget_type=\"text-editor.default\">\n\t\t\t\t<div class=\"elementor-widget-container\"><p><strong><img fetchpriority=\"high\" decoding=\"async\" class=\"size-medium wp-image-24283 alignright\" src=\"https:\/\/fram.is\/wp-content\/uploads\/2020\/11\/Steinunn-bjornsdottir-300x300-1-300x300.jpg\" alt=\"\" width=\"300\" height=\"300\" srcset=\"https:\/\/fram.is\/wp-content\/uploads\/2020\/11\/Steinunn-bjornsdottir-300x300-1.jpg 300w, https:\/\/fram.is\/wp-content\/uploads\/2020\/11\/Steinunn-bjornsdottir-300x300-1-100x100.jpg 100w, https:\/\/fram.is\/wp-content\/uploads\/2020\/11\/Steinunn-bjornsdottir-300x300-1-150x150.jpg 150w\" sizes=\"(max-width: 300px) 100vw, 300px\" \/>\u00cd\u00fer\u00f3ttama\u00f0ur Fram 2020\u00a0ver\u00f0ur<\/strong> <strong>\u00fatnefndur\u00a0mi\u00f0vikudaginn 30.desember.<\/strong><\/p><p>\u00c1 100\u00a0 \u00e1ra afm\u00e6li FRAM 2008 var \u00e1kve\u00f0i\u00f0 a\u00f0 taka upp \u00feann si\u00f0 a\u00f0 kj\u00f3sa \u201e\u00cd\u00fer\u00f3ttamann\/konu \u00e1rsins\u201c \u2013 a\u00f0ila sem f\u00e9lagi\u00f0 telur a\u00f0 hafi n\u00e1\u00f0 afbur\u00f0a \u00e1rangri \u00ed \u00ed\u00fer\u00f3tt sinni \u00e1samt \u00fev\u00ed a\u00f0 vera fyrirmynd FRAM innan vallar sem utan.<\/p><p>H\u00e9r m\u00e1 sj\u00e1 \u00fe\u00e1 Framara sem hloti\u00f0 hafa titilinn fr\u00e1 2008. <a class=\"rank-math-link\" href=\"https:\/\/fram.is\/is\/ithrottamadur-fram\/\">https:\/\/fram.is\/ithrottamadur-fram\/<\/a><\/p><p>Tilkynnt ver\u00f0ur um vali\u00f0 \u00e1 \u201c\u00cd\u00fer\u00f3ttamanni FRAM 2020\u2033 \u00a0\u00ed h\u00f3fi sem haldi\u00f0 ver\u00f0ur\u00a0mi\u00f0vikudaginn 30. desember \u00a0kl. 18.00 \u00ed veislusal FRAM.<\/p><p>\u00deeir FRAMarar sem tilnefndir eru fyrir \u00e1ri\u00f0 2020 eru:<\/p><p>Bjarki Kjartansson\u00a0\u00a0\u00a0\u00a0\u00a0\u00a0\u00a0\u00a0\u00a0\u00a0\u00a0\u00a0\u00a0\u00a0\u00a0\u00a0\u00a0\u00a0\u00a0\u00a0\u00a0\u00a0\u00a0\u00a0\u00a0\u00a0\u00a0\u00a0\u00a0\u00a0\u00a0\u00a0\u00a0\u00a0\u00a0\u00a0\u00a0\u00a0\u00a0 Taekwondo<br \/>Fr\u00ed\u00f0a \u00de\u00f3risd\u00f3ttir\u00a0\u00a0\u00a0\u00a0\u00a0\u00a0\u00a0\u00a0\u00a0\u00a0\u00a0\u00a0\u00a0\u00a0\u00a0\u00a0\u00a0\u00a0\u00a0\u00a0\u00a0\u00a0\u00a0\u00a0\u00a0\u00a0\u00a0\u00a0\u00a0\u00a0\u00a0\u00a0\u00a0\u00a0\u00a0\u00a0\u00a0\u00a0\u00a0\u00a0\u00a0\u00a0\u00a0 Knattspyrna<br \/>Hulda Dagmar Magn\u00fasd\u00f3ttir\u00a0\u00a0\u00a0\u00a0\u00a0\u00a0\u00a0\u00a0\u00a0\u00a0\u00a0\u00a0\u00a0\u00a0\u00a0\u00a0\u00a0\u00a0\u00a0\u00a0\u00a0 Taekwondo<br \/>L\u00e1rus Helgi \u00d3lafsson\u00a0\u00a0\u00a0\u00a0\u00a0\u00a0\u00a0\u00a0\u00a0\u00a0\u00a0\u00a0\u00a0\u00a0\u00a0\u00a0\u00a0\u00a0\u00a0\u00a0\u00a0\u00a0\u00a0\u00a0\u00a0\u00a0\u00a0\u00a0\u00a0\u00a0\u00a0\u00a0\u00a0 Handknattleikur<br \/>\u00d3lafur \u00cdsh\u00f3lm \u00d3lafsson\u00a0\u00a0\u00a0\u00a0\u00a0\u00a0\u00a0\u00a0\u00a0\u00a0\u00a0\u00a0\u00a0\u00a0\u00a0\u00a0\u00a0\u00a0\u00a0\u00a0\u00a0\u00a0\u00a0\u00a0\u00a0\u00a0\u00a0\u00a0\u00a0\u00a0 Knattspyrna<br \/>Ragnhei\u00f0ur J\u00fal\u00edusd\u00f3ttir\u00a0\u00a0\u00a0\u00a0\u00a0\u00a0\u00a0\u00a0\u00a0\u00a0\u00a0\u00a0\u00a0\u00a0\u00a0\u00a0\u00a0\u00a0\u00a0\u00a0\u00a0\u00a0\u00a0\u00a0\u00a0\u00a0\u00a0\u00a0\u00a0 Handknattleikur<\/p><p>Vi\u00f0 reiknum ekki me\u00f0 \u00fev\u00ed a\u00f0 geta bo\u00f0i\u00f0 m\u00f6rgum \u00ed h\u00f3fi\u00f0 30. des. en \u00e6tlum a\u00f0 vera me\u00f0 \u00a0dagskr\u00e1 \u00e1 netinu og vonandi \u00ed streymi.\u00a0 Vi\u00f0 munum kynna \u00fea\u00f0 n\u00e1nar s\u00ed\u00f0ar.<\/p><p>Knattspyrnuf\u00e9lagi\u00f0 Fram<\/p><\/div>\n\t\t\t\t<\/div>\n\t\t\t\t\t<\/div>\n\t\t<\/div>\n\t\t\t\t\t<\/div>\n\t\t<\/section>\t\t<\/div>","protected":false},"excerpt":{"rendered":"<p>\u00cd\u00fer\u00f3ttama\u00f0ur Fram 2020\u00a0ver\u00f0ur \u00fatnefndur\u00a0mi\u00f0vikudaginn 30.desember. \u00c1 100\u00a0 \u00e1ra afm\u00e6li FRAM 2008 var \u00e1kve\u00f0i\u00f0 a\u00f0 taka upp \u00feann si\u00f0 a\u00f0 kj\u00f3sa \u201e\u00cd\u00fer\u00f3ttamann\/konu \u00e1rsins\u201c \u2013 a\u00f0ila sem f\u00e9lagi\u00f0 telur a\u00f0 hafi n\u00e1\u00f0 [&hellip;]<\/p>","protected":false},"author":5,"featured_media":9123,"comment_status":"closed","ping_status":"closed","sticky":false,"template":"","format":"standard","meta":{"_monsterinsights_skip_tracking":false,"_monsterinsights_sitenote_active":false,"_monsterinsights_sitenote_note":"","_monsterinsights_sitenote_category":0,"_jetpack_memberships_contains_paid_content":false,"footnotes":""},"categories":[8,58,6,9,18],"tags":[],"class_list":["post-24373","post","type-post","status-publish","format-standard","has-post-thumbnail","hentry","category-adalstjorn","category-felagid","category-handbolti","category-fotbolti","category-taekwondo"],"jetpack_sharing_enabled":true,"jetpack_featured_media_url":"https:\/\/fram.is\/wp-content\/uploads\/2014\/12\/Bikar-vefur-scaled.jpg","_links":{"self":[{"href":"https:\/\/fram.is\/is\/wp-json\/wp\/v2\/posts\/24373","targetHints":{"allow":["GET"]}}],"collection":[{"href":"https:\/\/fram.is\/is\/wp-json\/wp\/v2\/posts"}],"about":[{"href":"https:\/\/fram.is\/is\/wp-json\/wp\/v2\/types\/post"}],"author":[{"embeddable":true,"href":"https:\/\/fram.is\/is\/wp-json\/wp\/v2\/users\/5"}],"replies":[{"embeddable":true,"href":"https:\/\/fram.is\/is\/wp-json\/wp\/v2\/comments?post=24373"}],"version-history":[{"count":4,"href":"https:\/\/fram.is\/is\/wp-json\/wp\/v2\/posts\/24373\/revisions"}],"predecessor-version":[{"id":24384,"href":"https:\/\/fram.is\/is\/wp-json\/wp\/v2\/posts\/24373\/revisions\/24384"}],"wp:featuredmedia":[{"embeddable":true,"href":"https:\/\/fram.is\/is\/wp-json\/wp\/v2\/media\/9123"}],"wp:attachment":[{"href":"https:\/\/fram.is\/is\/wp-json\/wp\/v2\/media?parent=24373"}],"wp:term":[{"taxonomy":"category","embeddable":true,"href":"https:\/\/fram.is\/is\/wp-json\/wp\/v2\/categories?post=24373"},{"taxonomy":"post_tag","embeddable":true,"href":"https:\/\/fram.is\/is\/wp-json\/wp\/v2\/tags?post=24373"}],"curies":[{"name":"wp","href":"https:\/\/api.w.org\/{rel}","templated":true}]}}