{"id":24539,"date":"2020-12-29T10:08:06","date_gmt":"2020-12-29T10:08:06","guid":{"rendered":"https:\/\/fram.is\/?p=24539"},"modified":"2020-12-29T10:17:36","modified_gmt":"2020-12-29T10:17:36","slug":"flugeldasala-fram-6","status":"publish","type":"post","link":"https:\/\/fram.is\/is\/2020\/12\/29\/flugeldasala-fram-6\/","title":{"rendered":"Flugeldasala Fram"},"content":{"rendered":"<div data-elementor-type=\"wp-post\" data-elementor-id=\"24539\" class=\"elementor elementor-24539\" data-elementor-post-type=\"post\">\n\t\t\t\t<section class=\"elementor-section elementor-top-section elementor-element elementor-element-21d5a7b1 elementor-section-boxed elementor-section-height-default elementor-section-height-default\" data-id=\"21d5a7b1\" data-element_type=\"section\">\n\t\t\t\t\t\t<div class=\"elementor-container elementor-column-gap-default\">\n\t\t\t\t\t<div class=\"elementor-column elementor-col-100 elementor-top-column elementor-element elementor-element-6aab69c\" data-id=\"6aab69c\" data-element_type=\"column\">\n\t\t\t<div class=\"elementor-widget-wrap elementor-element-populated\">\n\t\t\t\t\t\t<div class=\"elementor-element elementor-element-3d9c9bc8 elementor-widget elementor-widget-text-editor\" data-id=\"3d9c9bc8\" data-element_type=\"widget\" data-widget_type=\"text-editor.default\">\n\t\t\t\t<div class=\"elementor-widget-container\"><p><strong><img fetchpriority=\"high\" decoding=\"async\" class=\"size-full wp-image-24541 alignright\" src=\"https:\/\/fram.is\/wp-content\/uploads\/2020\/12\/Auglysing-Flugeldar-2020.jpg\" alt=\"\" width=\"940\" height=\"788\" srcset=\"https:\/\/fram.is\/wp-content\/uploads\/2020\/12\/Auglysing-Flugeldar-2020.jpg 940w, https:\/\/fram.is\/wp-content\/uploads\/2020\/12\/Auglysing-Flugeldar-2020-800x671.jpg 800w, https:\/\/fram.is\/wp-content\/uploads\/2020\/12\/Auglysing-Flugeldar-2020-300x251.jpg 300w, https:\/\/fram.is\/wp-content\/uploads\/2020\/12\/Auglysing-Flugeldar-2020-768x644.jpg 768w\" sizes=\"(max-width: 940px) 100vw, 940px\" \/>Flugeldasala FRAM hefur veri\u00f0 starfr\u00e6kt \u00ed vel yfir 35 \u00e1r vi\u00f0 g\u00f3\u00f0an or\u00f0st\u00edr. Flugeldasalan er umfangsmesta fj\u00e1r\u00f6flun Handknattleiksdeildar FRAM<br \/>og skiptir sk\u00f6pum a\u00f0 h\u00fan gangi vel fyrir rekstur meistaraflokka FRAM.<\/strong><\/p><p>Vi\u00f0 viljum \u00fev\u00ed minna \u00e1 flugeldas\u00f6lu FRAM n\u00fa um \u00e1ram\u00f3tin og hvetja alla FRAMara til a\u00f0 sty\u00f0ja f\u00e9lagi\u00f0 og kaupa flugeldana hj\u00e1 FRAM.<\/p><p>Vi\u00f0 h\u00f6fum \u00e1vallt bo\u00f0i\u00f0 upp \u00e1 fj\u00f6lbreytt v\u00f6ru\u00farval og gott ver\u00f0. Allar ger\u00f0ir af rakettum, litlar og st\u00f3rar tertur, blys, gos og kn\u00f6ll, fj\u00f6lskyldupokum og margt, margt fleira.<\/p><p><strong>Salan fer n\u00fana fram \u00ed F\u00e9lagsh\u00fasi Fram \u00ed \u00dalfars\u00e1rdal, \u00dalfarsbraut 124, V\/Dalsk\u00f3la.<\/strong><\/p><p>Handknattleiksdeild FRAM<\/p><\/div>\n\t\t\t\t<\/div>\n\t\t\t\t\t<\/div>\n\t\t<\/div>\n\t\t\t\t\t<\/div>\n\t\t<\/section>\t\t<\/div>","protected":false},"excerpt":{"rendered":"<p>Flugeldasala FRAM hefur veri\u00f0 starfr\u00e6kt \u00ed vel yfir 35 \u00e1r vi\u00f0 g\u00f3\u00f0an or\u00f0st\u00edr. Flugeldasalan er umfangsmesta fj\u00e1r\u00f6flun Handknattleiksdeildar FRAMog skiptir sk\u00f6pum a\u00f0 h\u00fan gangi vel fyrir rekstur meistaraflokka FRAM. Vi\u00f0 [&hellip;]<\/p>","protected":false},"author":5,"featured_media":24540,"comment_status":"closed","ping_status":"closed","sticky":false,"template":"","format":"standard","meta":{"_monsterinsights_skip_tracking":false,"_monsterinsights_sitenote_active":false,"_monsterinsights_sitenote_note":"","_monsterinsights_sitenote_category":0,"_jetpack_memberships_contains_paid_content":false,"footnotes":""},"categories":[6,10],"tags":[],"class_list":["post-24539","post","type-post","status-publish","format-standard","has-post-thumbnail","hentry","category-handbolti","category-frettir"],"jetpack_sharing_enabled":true,"jetpack_featured_media_url":"https:\/\/fram.is\/wp-content\/uploads\/2020\/12\/Auglysing-Flugeldar-2020-vefur.jpg","_links":{"self":[{"href":"https:\/\/fram.is\/is\/wp-json\/wp\/v2\/posts\/24539","targetHints":{"allow":["GET"]}}],"collection":[{"href":"https:\/\/fram.is\/is\/wp-json\/wp\/v2\/posts"}],"about":[{"href":"https:\/\/fram.is\/is\/wp-json\/wp\/v2\/types\/post"}],"author":[{"embeddable":true,"href":"https:\/\/fram.is\/is\/wp-json\/wp\/v2\/users\/5"}],"replies":[{"embeddable":true,"href":"https:\/\/fram.is\/is\/wp-json\/wp\/v2\/comments?post=24539"}],"version-history":[{"count":4,"href":"https:\/\/fram.is\/is\/wp-json\/wp\/v2\/posts\/24539\/revisions"}],"predecessor-version":[{"id":24545,"href":"https:\/\/fram.is\/is\/wp-json\/wp\/v2\/posts\/24539\/revisions\/24545"}],"wp:featuredmedia":[{"embeddable":true,"href":"https:\/\/fram.is\/is\/wp-json\/wp\/v2\/media\/24540"}],"wp:attachment":[{"href":"https:\/\/fram.is\/is\/wp-json\/wp\/v2\/media?parent=24539"}],"wp:term":[{"taxonomy":"category","embeddable":true,"href":"https:\/\/fram.is\/is\/wp-json\/wp\/v2\/categories?post=24539"},{"taxonomy":"post_tag","embeddable":true,"href":"https:\/\/fram.is\/is\/wp-json\/wp\/v2\/tags?post=24539"}],"curies":[{"name":"wp","href":"https:\/\/api.w.org\/{rel}","templated":true}]}}