{"id":24546,"date":"2020-12-29T11:07:05","date_gmt":"2020-12-29T11:07:05","guid":{"rendered":"https:\/\/fram.is\/?p=24546"},"modified":"2020-12-29T11:09:12","modified_gmt":"2020-12-29T11:09:12","slug":"ithrottamadur-fram-2020-verdur-utnefndur-30-des-kl-1700","status":"publish","type":"post","link":"https:\/\/fram.is\/is\/2020\/12\/29\/ithrottamadur-fram-2020-verdur-utnefndur-30-des-kl-1700\/","title":{"rendered":"\u00cd\u00fer\u00f3ttama\u00f0ur Fram 2020 ver\u00f0ur \u00fatnefndur 30. des. kl. 17:00"},"content":{"rendered":"<div data-elementor-type=\"wp-post\" data-elementor-id=\"24546\" class=\"elementor elementor-24546\" data-elementor-post-type=\"post\">\n\t\t\t\t<section class=\"elementor-section elementor-top-section elementor-element elementor-element-18437912 elementor-section-boxed elementor-section-height-default elementor-section-height-default\" data-id=\"18437912\" data-element_type=\"section\">\n\t\t\t\t\t\t<div class=\"elementor-container elementor-column-gap-default\">\n\t\t\t\t\t<div class=\"elementor-column elementor-col-100 elementor-top-column elementor-element elementor-element-69cfcead\" data-id=\"69cfcead\" data-element_type=\"column\">\n\t\t\t<div class=\"elementor-widget-wrap elementor-element-populated\">\n\t\t\t\t\t\t<div class=\"elementor-element elementor-element-875ffc2 elementor-widget elementor-widget-text-editor\" data-id=\"875ffc2\" data-element_type=\"widget\" data-widget_type=\"text-editor.default\">\n\t\t\t\t<div class=\"elementor-widget-container\"><p><strong><img fetchpriority=\"high\" decoding=\"async\" class=\"size-full wp-image-9123 alignright\" src=\"https:\/\/fram.is\/wp-content\/uploads\/2014\/12\/Bikar-vefur-scaled.jpg\" alt=\"\" width=\"2560\" height=\"1707\" srcset=\"https:\/\/fram.is\/wp-content\/uploads\/2014\/12\/Bikar-vefur-scaled.jpg 2560w, https:\/\/fram.is\/wp-content\/uploads\/2014\/12\/Bikar-vefur-scaled-800x533.jpg 800w, https:\/\/fram.is\/wp-content\/uploads\/2014\/12\/Bikar-vefur-300x200.jpg 300w, https:\/\/fram.is\/wp-content\/uploads\/2014\/12\/Bikar-vefur-1024x683.jpg 1024w, https:\/\/fram.is\/wp-content\/uploads\/2014\/12\/Bikar-vefur-768x512.jpg 768w, https:\/\/fram.is\/wp-content\/uploads\/2014\/12\/Bikar-vefur-1536x1024.jpg 1536w, https:\/\/fram.is\/wp-content\/uploads\/2014\/12\/Bikar-vefur-2048x1366.jpg 2048w\" sizes=\"(max-width: 2560px) 100vw, 2560px\" \/>K\u00e6ru FRAMarar<\/strong><\/p><p><strong>\u00cd\u00fer\u00f3ttama\u00f0ur Fram 2020\u00a0ver\u00f0ur \u00fatnefndur\u00a0<\/strong><strong>mi\u00f0viku<\/strong><strong>daginn 30. desember.<\/strong><\/p><p>\u00c1 100\u00a0 \u00e1ra afm\u00e6li FRAM 2008 var \u00e1kve\u00f0i\u00f0 a\u00f0 taka upp \u00feann si\u00f0 a\u00f0 kj\u00f3sa \u201e\u00cd\u00fer\u00f3ttamann\/konu \u00e1rsins\u201c \u2013 a\u00f0ila sem f\u00e9lagi\u00f0 telur a\u00f0 hafi n\u00e1\u00f0 afbur\u00f0a \u00e1rangri \u00ed \u00ed\u00fer\u00f3tt sinni \u00e1samt \u00fev\u00ed a\u00f0 vera fyrirmynd FRAM innan vallar sem utan.<\/p><p><strong>Tilkynnt ver\u00f0ur um vali\u00f0 \u00e1 \u201c\u00cd\u00fer\u00f3ttamanni FRAM 2020\u2033 \u00a0me\u00f0 \u00f6\u00f0rum h\u00e6tti en venjulega vegna a\u00f0st\u00e6\u00f0na \u00ed samf\u00e9laginu.\u00a0 Vali\u00f0 ver\u00f0ur tilkynnt \u00e1 heimas\u00ed\u00f0u Fram og \u00e1 samf\u00e9lagsmi\u00f0lum mi\u00f0vikudaginn 30. desember kl. 17:00<\/strong><\/p><p>\u00deeir FRAMarar sem tilnefndir eru fyrir \u00e1ri\u00f0 2020 eru:<\/p><p><strong>Bjarki Kjartansson\u00a0\u00a0\u00a0\u00a0\u00a0\u00a0\u00a0\u00a0\u00a0\u00a0\u00a0\u00a0\u00a0\u00a0\u00a0\u00a0\u00a0\u00a0\u00a0\u00a0\u00a0\u00a0\u00a0\u00a0 Taekwondo<\/strong><strong><br \/>Fr\u00ed\u00f0a \u00de\u00f3risd\u00f3ttir\u00a0\u00a0\u00a0\u00a0\u00a0\u00a0\u00a0\u00a0\u00a0\u00a0\u00a0\u00a0\u00a0\u00a0\u00a0\u00a0\u00a0\u00a0\u00a0\u00a0\u00a0\u00a0\u00a0\u00a0\u00a0\u00a0\u00a0 Knattspyrna<br \/>Hulda Dagmar Magn\u00fasd\u00f3ttir\u00a0\u00a0\u00a0 Taekwondo<br \/>L\u00e1rus Helgi \u00d3lafsson\u00a0\u00a0\u00a0\u00a0\u00a0\u00a0\u00a0\u00a0\u00a0\u00a0\u00a0\u00a0\u00a0\u00a0\u00a0\u00a0\u00a0\u00a0\u00a0\u00a0 Handknattleikur<br \/>\u00d3lafur \u00cdsh\u00f3lm \u00d3lafsson\u00a0\u00a0\u00a0\u00a0\u00a0\u00a0\u00a0\u00a0\u00a0\u00a0\u00a0\u00a0\u00a0\u00a0 Knattspyrna<br \/>Ragnhei\u00f0ur J\u00fal\u00edusd\u00f3ttir\u00a0\u00a0\u00a0\u00a0\u00a0\u00a0\u00a0\u00a0\u00a0\u00a0\u00a0\u00a0\u00a0 Handknattleikur<\/strong><\/p><p>Hvetjum Framara til a\u00f0 fylgjast vel me\u00f0 \u00e1 netinu en vonumst til a\u00f0 geta bo\u00f0i\u00f0 ykkur \u00ed \u00a0veglegt h\u00f3f a\u00f0 \u00e1ri.<\/p><p>Minnum svo \u00e1 Flugeldas\u00f6lu FRAM \u00ed \u00dalfars\u00e1rdal.<\/p><p>Knattspyrnuf\u00e9lagi\u00f0 FRAM<\/p><\/div>\n\t\t\t\t<\/div>\n\t\t\t\t\t<\/div>\n\t\t<\/div>\n\t\t\t\t\t<\/div>\n\t\t<\/section>\t\t<\/div>","protected":false},"excerpt":{"rendered":"<p>K\u00e6ru FRAMarar \u00cd\u00fer\u00f3ttama\u00f0ur Fram 2020\u00a0ver\u00f0ur \u00fatnefndur\u00a0mi\u00f0vikudaginn 30. desember. \u00c1 100\u00a0 \u00e1ra afm\u00e6li FRAM 2008 var \u00e1kve\u00f0i\u00f0 a\u00f0 taka upp \u00feann si\u00f0 a\u00f0 kj\u00f3sa \u201e\u00cd\u00fer\u00f3ttamann\/konu \u00e1rsins\u201c \u2013 a\u00f0ila sem f\u00e9lagi\u00f0 telur [&hellip;]<\/p>","protected":false},"author":5,"featured_media":9123,"comment_status":"closed","ping_status":"closed","sticky":false,"template":"","format":"standard","meta":{"_monsterinsights_skip_tracking":false,"_monsterinsights_sitenote_active":false,"_monsterinsights_sitenote_note":"","_monsterinsights_sitenote_category":0,"_jetpack_memberships_contains_paid_content":false,"footnotes":""},"categories":[8,58,10],"tags":[],"class_list":["post-24546","post","type-post","status-publish","format-standard","has-post-thumbnail","hentry","category-adalstjorn","category-felagid","category-frettir"],"jetpack_sharing_enabled":true,"jetpack_featured_media_url":"https:\/\/fram.is\/wp-content\/uploads\/2014\/12\/Bikar-vefur-scaled.jpg","_links":{"self":[{"href":"https:\/\/fram.is\/is\/wp-json\/wp\/v2\/posts\/24546","targetHints":{"allow":["GET"]}}],"collection":[{"href":"https:\/\/fram.is\/is\/wp-json\/wp\/v2\/posts"}],"about":[{"href":"https:\/\/fram.is\/is\/wp-json\/wp\/v2\/types\/post"}],"author":[{"embeddable":true,"href":"https:\/\/fram.is\/is\/wp-json\/wp\/v2\/users\/5"}],"replies":[{"embeddable":true,"href":"https:\/\/fram.is\/is\/wp-json\/wp\/v2\/comments?post=24546"}],"version-history":[{"count":5,"href":"https:\/\/fram.is\/is\/wp-json\/wp\/v2\/posts\/24546\/revisions"}],"predecessor-version":[{"id":24551,"href":"https:\/\/fram.is\/is\/wp-json\/wp\/v2\/posts\/24546\/revisions\/24551"}],"wp:featuredmedia":[{"embeddable":true,"href":"https:\/\/fram.is\/is\/wp-json\/wp\/v2\/media\/9123"}],"wp:attachment":[{"href":"https:\/\/fram.is\/is\/wp-json\/wp\/v2\/media?parent=24546"}],"wp:term":[{"taxonomy":"category","embeddable":true,"href":"https:\/\/fram.is\/is\/wp-json\/wp\/v2\/categories?post=24546"},{"taxonomy":"post_tag","embeddable":true,"href":"https:\/\/fram.is\/is\/wp-json\/wp\/v2\/tags?post=24546"}],"curies":[{"name":"wp","href":"https:\/\/api.w.org\/{rel}","templated":true}]}}