{"id":24928,"date":"2021-02-04T12:49:37","date_gmt":"2021-02-04T12:49:37","guid":{"rendered":"https:\/\/fram.is\/?p=24928"},"modified":"2021-02-04T12:55:29","modified_gmt":"2021-02-04T12:55:29","slug":"fram-og-sumargardar-i-samstarf","status":"publish","type":"post","link":"https:\/\/fram.is\/is\/2021\/02\/04\/fram-og-sumargardar-i-samstarf\/","title":{"rendered":"FRAM og Sumargar\u00f0ar \u00ed samstarf!"},"content":{"rendered":"<div data-elementor-type=\"wp-post\" data-elementor-id=\"24928\" class=\"elementor elementor-24928\" data-elementor-post-type=\"post\">\n\t\t\t\t\t\t<section class=\"elementor-section elementor-top-section elementor-element elementor-element-7a481e8 elementor-section-boxed elementor-section-height-default elementor-section-height-default\" data-id=\"7a481e8\" data-element_type=\"section\">\n\t\t\t\t\t\t<div class=\"elementor-container elementor-column-gap-default\">\n\t\t\t\t\t<div class=\"elementor-column elementor-col-100 elementor-top-column elementor-element elementor-element-fe8230f\" data-id=\"fe8230f\" data-element_type=\"column\">\n\t\t\t<div class=\"elementor-widget-wrap elementor-element-populated\">\n\t\t\t\t\t\t<div class=\"elementor-element elementor-element-6b0aebd elementor-widget elementor-widget-text-editor\" data-id=\"6b0aebd\" data-element_type=\"widget\" data-widget_type=\"text-editor.default\">\n\t\t\t\t<div class=\"elementor-widget-container\">\n\t\t\t\t\t\t\t\t\t<p style=\"line-height: 15.0pt; background: white; vertical-align: baseline; margin: 12.0pt 0cm 12.0pt 0cm;\"><span style=\"font-size: 10.5pt; font-family: 'Raleway',serif; color: #767676;\">FRAM og Sumargar\u00f0ar gera me\u00f0 s\u00e9r samning.<\/span><\/p><p>\u00dea\u00f0 eru alltaf g\u00f3\u00f0ar fr\u00e9ttir \u00feegar handknattleiksdeildin f\u00e6r til s\u00edn n\u00fdja styrktara\u00f0ila. \u00cd \u00feetta skipti\u00f0 hefur Stebbi \u00ed Sumarg\u00f6r\u00f0um \u00e1kve\u00f0i\u00f0 a\u00f0 hoppa um bor\u00f0 \u00ed FRAM lestina.<\/p><p>Sumargar\u00f0ar hefur \u00e1ratuga reynslu \u00ed hverskonar l\u00f3\u00f0a-, lagna og jar\u00f0vinnu.\u00a0\u00a0\u00deeir hafa unni\u00f0 miki\u00f0 fyrir Reykjav\u00edkurborg, Orkuveitu Reykjav\u00edkur og fj\u00f6lda einkaa\u00f0ila.\u00a0\u00a0Einnig leggja \u00feeir r\u00edka \u00e1herslu \u00e1 v\u00f6ndu\u00f0 vinnubr\u00f6g\u00f0 og skil \u00e1 v\u00f6ru sem stenst v\u00e6ntingar.\u00a0\u00cd l\u00f3\u00f0avinnu er ekki n\u00f3g a\u00f0 verki\u00f0 l\u00edti vel \u00fat heldur \u00fearf undirvinnan a\u00f0 vera g\u00f3\u00f0 svo \u00fea\u00f0 standist t\u00edmans t\u00f6nn.\u00a0\u00a0Sumargar\u00f0ar vanda \u00fev\u00ed undirvinnuna og framkv\u00e6ma samkv\u00e6mt st\u00f6\u00f0lum.<\/p><p style=\"line-height: 15.0pt; background: white; vertical-align: baseline; orphans: 2; text-align: start; widows: 2; -webkit-text-stroke-width: 0px; text-decoration-thickness: initial; text-decoration-style: initial; text-decoration-color: initial; word-spacing: 0px; margin: 12.0pt 0cm 12.0pt 0cm;\"><span style=\"font-size: 10.5pt; font-family: 'Raleway',serif; color: #767676;\">Hj\u00e1 SUMARG\u00d6R\u00d0UM starfa a\u00f0 jafna\u00f0i um 8 manns ( \u00e1tta st\u00f6\u00f0ugilidi ) en \u00ed st\u00e6ri verkefnum f\u00e1 \u00feeir til li\u00f0s vi\u00f0 sig undirverktaka me\u00f0 vi\u00f0t\u00e6ka s\u00e9rfr\u00e6\u00f0i\u00feekkingu \u00ed hvert verk fyrir sig.<\/span><\/p><p>Vi\u00f0 Framarar m\u00e6lum eindregi\u00f0 a\u00f0 versla s\u00e9 vi\u00f0 styrktara\u00f0ila okkar. Ef \u00fe\u00fa ert \u00e1 lei\u00f0 \u00ed framkv\u00e6mdir, heyr\u00f0u \u00fe\u00e1 \u00ed Sumarg\u00f6r\u00f0um!<\/p><p>Maili\u00f0 er: <span style=\"background: white;\"><a href=\"mailto:stefan@sumargardar.is\">stefan@sumargardar.is<\/a><\/span><\/p><p>\u00c1 myndinni m\u00e1 sj\u00e1 Da\u00f0a Haf\u00fe\u00f3rsson, stj\u00f3rnarmann og Stef\u00e1n \u00d3skarsson, eiganda Sumargar\u00f0a<\/p>\t\t\t\t\t\t\t\t<\/div>\n\t\t\t\t<\/div>\n\t\t\t\t\t<\/div>\n\t\t<\/div>\n\t\t\t\t\t<\/div>\n\t\t<\/section>\n\t\t\t\t<section class=\"elementor-section elementor-top-section elementor-element elementor-element-924b760 elementor-section-boxed elementor-section-height-default elementor-section-height-default\" data-id=\"924b760\" data-element_type=\"section\">\n\t\t\t\t\t\t<div class=\"elementor-container elementor-column-gap-default\">\n\t\t\t\t\t<div class=\"elementor-column elementor-col-100 elementor-top-column elementor-element elementor-element-66e1e06\" data-id=\"66e1e06\" data-element_type=\"column\">\n\t\t\t<div class=\"elementor-widget-wrap elementor-element-populated\">\n\t\t\t\t\t\t<div class=\"elementor-element elementor-element-38b852e elementor-widget elementor-widget-image\" data-id=\"38b852e\" data-element_type=\"widget\" data-widget_type=\"image.default\">\n\t\t\t\t<div class=\"elementor-widget-container\">\n\t\t\t\t\t\t\t\t\t\t\t\t\t\t\t<img fetchpriority=\"high\" decoding=\"async\" width=\"800\" height=\"600\" src=\"https:\/\/fram.is\/wp-content\/uploads\/2021\/02\/IMG_9591-1024x768.jpg\" class=\"attachment-large size-large wp-image-24931\" alt=\"\" srcset=\"https:\/\/fram.is\/wp-content\/uploads\/2021\/02\/IMG_9591-1024x768.jpg 1024w, https:\/\/fram.is\/wp-content\/uploads\/2021\/02\/IMG_9591-scaled-800x600.jpg 800w, https:\/\/fram.is\/wp-content\/uploads\/2021\/02\/IMG_9591-300x225.jpg 300w, https:\/\/fram.is\/wp-content\/uploads\/2021\/02\/IMG_9591-768x576.jpg 768w, https:\/\/fram.is\/wp-content\/uploads\/2021\/02\/IMG_9591-1536x1152.jpg 1536w, https:\/\/fram.is\/wp-content\/uploads\/2021\/02\/IMG_9591-2048x1536.jpg 2048w\" sizes=\"(max-width: 800px) 100vw, 800px\" \/>\t\t\t\t\t\t\t\t\t\t\t\t\t\t\t<\/div>\n\t\t\t\t<\/div>\n\t\t\t\t\t<\/div>\n\t\t<\/div>\n\t\t\t\t\t<\/div>\n\t\t<\/section>\n\t\t\t\t<\/div>","protected":false},"excerpt":{"rendered":"<p>FRAM og Sumargar\u00f0ar gera me\u00f0 s\u00e9r samning. \u00dea\u00f0 eru alltaf g\u00f3\u00f0ar fr\u00e9ttir \u00feegar handknattleiksdeildin f\u00e6r til s\u00edn n\u00fdja styrktara\u00f0ila. \u00cd \u00feetta skipti\u00f0 hefur Stebbi \u00ed Sumarg\u00f6r\u00f0um \u00e1kve\u00f0i\u00f0 a\u00f0 hoppa um [&hellip;]<\/p>","protected":false},"author":7,"featured_media":24930,"comment_status":"closed","ping_status":"closed","sticky":false,"template":"","format":"standard","meta":{"_monsterinsights_skip_tracking":false,"_monsterinsights_sitenote_active":false,"_monsterinsights_sitenote_note":"","_monsterinsights_sitenote_category":0,"_jetpack_memberships_contains_paid_content":false,"footnotes":""},"categories":[6],"tags":[],"class_list":["post-24928","post","type-post","status-publish","format-standard","has-post-thumbnail","hentry","category-handbolti"],"jetpack_sharing_enabled":true,"jetpack_featured_media_url":"https:\/\/fram.is\/wp-content\/uploads\/2021\/02\/Atvinnumennirnir-Okkar-20.png","_links":{"self":[{"href":"https:\/\/fram.is\/is\/wp-json\/wp\/v2\/posts\/24928","targetHints":{"allow":["GET"]}}],"collection":[{"href":"https:\/\/fram.is\/is\/wp-json\/wp\/v2\/posts"}],"about":[{"href":"https:\/\/fram.is\/is\/wp-json\/wp\/v2\/types\/post"}],"author":[{"embeddable":true,"href":"https:\/\/fram.is\/is\/wp-json\/wp\/v2\/users\/7"}],"replies":[{"embeddable":true,"href":"https:\/\/fram.is\/is\/wp-json\/wp\/v2\/comments?post=24928"}],"version-history":[{"count":7,"href":"https:\/\/fram.is\/is\/wp-json\/wp\/v2\/posts\/24928\/revisions"}],"predecessor-version":[{"id":24937,"href":"https:\/\/fram.is\/is\/wp-json\/wp\/v2\/posts\/24928\/revisions\/24937"}],"wp:featuredmedia":[{"embeddable":true,"href":"https:\/\/fram.is\/is\/wp-json\/wp\/v2\/media\/24930"}],"wp:attachment":[{"href":"https:\/\/fram.is\/is\/wp-json\/wp\/v2\/media?parent=24928"}],"wp:term":[{"taxonomy":"category","embeddable":true,"href":"https:\/\/fram.is\/is\/wp-json\/wp\/v2\/categories?post=24928"},{"taxonomy":"post_tag","embeddable":true,"href":"https:\/\/fram.is\/is\/wp-json\/wp\/v2\/tags?post=24928"}],"curies":[{"name":"wp","href":"https:\/\/api.w.org\/{rel}","templated":true}]}}