{"id":25423,"date":"2021-03-26T09:46:00","date_gmt":"2021-03-26T09:46:00","guid":{"rendered":"https:\/\/fram.is\/?p=25423"},"modified":"2021-03-26T09:29:21","modified_gmt":"2021-03-26T09:29:21","slug":"adalfundur-knattspyrnufelagsins-fram-verdur-haldinn-i-ithrottahusi-fram-midvikudaginn-14-april-2021-kl-1700","status":"publish","type":"post","link":"https:\/\/fram.is\/is\/2021\/03\/26\/adalfundur-knattspyrnufelagsins-fram-verdur-haldinn-i-ithrottahusi-fram-midvikudaginn-14-april-2021-kl-1700\/","title":{"rendered":"A\u00d0ALFUNDUR KNATTSPYRNUF\u00c9LAGSINS FRAM VER\u00d0UR HALDINN  \u00cd \u00cd\u00deR\u00d3TTAH\u00daSI FRAM MI\u00d0VIKUDAGINN 14. APR\u00cdL 2021   KL. 17:00"},"content":{"rendered":"<div data-elementor-type=\"wp-post\" data-elementor-id=\"25423\" class=\"elementor elementor-25423\" data-elementor-post-type=\"post\">\n\t\t\t\t<section class=\"elementor-section elementor-top-section elementor-element elementor-element-1a7bc6d9 elementor-section-boxed elementor-section-height-default elementor-section-height-default\" data-id=\"1a7bc6d9\" data-element_type=\"section\">\n\t\t\t\t\t\t<div class=\"elementor-container elementor-column-gap-default\">\n\t\t\t\t\t<div class=\"elementor-column elementor-col-100 elementor-top-column elementor-element elementor-element-214007f4\" data-id=\"214007f4\" data-element_type=\"column\">\n\t\t\t<div class=\"elementor-widget-wrap elementor-element-populated\">\n\t\t\t\t\t\t<div class=\"elementor-element elementor-element-3b03bdfb elementor-widget elementor-widget-text-editor\" data-id=\"3b03bdfb\" data-element_type=\"widget\" data-widget_type=\"text-editor.default\">\n\t\t\t\t<div class=\"elementor-widget-container\"><p><strong><img fetchpriority=\"high\" decoding=\"async\" class=\"size-medium wp-image-25425 alignright\" src=\"https:\/\/fram.is\/wp-content\/uploads\/2021\/03\/mars-2021-300x225.jpg\" alt=\"\" width=\"300\" height=\"225\" srcset=\"https:\/\/fram.is\/wp-content\/uploads\/2021\/03\/mars-2021-300x225.jpg 300w, https:\/\/fram.is\/wp-content\/uploads\/2021\/03\/mars-2021-800x600.jpg 800w, https:\/\/fram.is\/wp-content\/uploads\/2021\/03\/mars-2021-1024x768.jpg 1024w, https:\/\/fram.is\/wp-content\/uploads\/2021\/03\/mars-2021-768x576.jpg 768w, https:\/\/fram.is\/wp-content\/uploads\/2021\/03\/mars-2021-1536x1152.jpg 1536w, https:\/\/fram.is\/wp-content\/uploads\/2021\/03\/mars-2021.jpg 2016w\" sizes=\"(max-width: 300px) 100vw, 300px\" \/>A\u00d0ALFUNDUR KNATTSPYRNUF\u00c9LAGSINS FRAM VER\u00d0UR HALDINN <\/strong>\u00a0<strong>\u00cd \u00cd\u00deR\u00d3TTAH\u00daSI FRAM MI\u00d0VIKUDAGINN 14. APR\u00cdL 2021 \u00a0<\/strong>\u00a0<strong>KL. 17:00<\/strong><\/p><p><strong>Dagskr\u00e1:<\/strong><\/p><ul class=\"wp-block-list\">\n<li><strong>Venjuleg a\u00f0alfundarst\u00f6rf<\/strong><\/li>\n<li><strong>Lagabreytingar<\/strong><\/li>\n<li><strong>\u00d6nnur m\u00e1l<\/strong><\/li>\n<\/ul><p><strong>Vakinn er athygli \u00e1 \u00fev\u00ed a\u00f0 \u00feeir sem \u00e6tla a\u00f0 bj\u00f3\u00f0a sig fram \u00ed a\u00f0alstj\u00f3rn Knattspyrnuf\u00e9lagsins FRAM \u00feurfa a\u00f0 tilkynna frambo\u00f0 sitt viku fyrir a\u00f0alfund samkv\u00e6mt 12. grein laga Knattspyrnuf\u00e9lagsins\u00a0 FRAM.<br \/><br \/>Frambo\u00f0 skulu berast \u00e1 skrifstofu FRAM Safam\u00fdri 26\u00a0 \u00ed s\u00ed\u00f0asta lagi\u00a0 mi\u00f0vikudaginn 7. apr\u00edl og skulu frambo\u00f0 berast skriflega e\u00f0a \u00ed t\u00f6lvup\u00f3sti \u00e1 toti@fram.is.<\/strong><\/p><p><strong>A\u00f0alstj\u00f3rn<\/strong><\/p><\/div>\n\t\t\t\t<\/div>\n\t\t\t\t\t<\/div>\n\t\t<\/div>\n\t\t\t\t\t<\/div>\n\t\t<\/section>\t\t<\/div>","protected":false},"excerpt":{"rendered":"<p>A\u00d0ALFUNDUR KNATTSPYRNUF\u00c9LAGSINS FRAM VER\u00d0UR HALDINN &nbsp;\u00cd \u00cd\u00deR\u00d3TTAH\u00daSI FRAM MI\u00d0VIKUDAGINN 14. APR\u00cdL 2021 &nbsp;&nbsp;KL. 17:00 Dagskr\u00e1: Venjuleg a\u00f0alfundarst\u00f6rf Lagabreytingar \u00d6nnur m\u00e1l Vakinn er athygli \u00e1 \u00fev\u00ed a\u00f0 \u00feeir sem \u00e6tla a\u00f0 [&hellip;]<\/p>","protected":false},"author":5,"featured_media":8592,"comment_status":"closed","ping_status":"closed","sticky":false,"template":"","format":"standard","meta":{"_monsterinsights_skip_tracking":false,"_monsterinsights_sitenote_active":false,"_monsterinsights_sitenote_note":"","_monsterinsights_sitenote_category":0,"_jetpack_memberships_contains_paid_content":false,"footnotes":""},"categories":[8,58],"tags":[],"class_list":["post-25423","post","type-post","status-publish","format-standard","has-post-thumbnail","hentry","category-adalstjorn","category-felagid"],"jetpack_sharing_enabled":true,"jetpack_featured_media_url":"https:\/\/fram.is\/wp-content\/uploads\/2014\/10\/FRAM.jpg","_links":{"self":[{"href":"https:\/\/fram.is\/is\/wp-json\/wp\/v2\/posts\/25423","targetHints":{"allow":["GET"]}}],"collection":[{"href":"https:\/\/fram.is\/is\/wp-json\/wp\/v2\/posts"}],"about":[{"href":"https:\/\/fram.is\/is\/wp-json\/wp\/v2\/types\/post"}],"author":[{"embeddable":true,"href":"https:\/\/fram.is\/is\/wp-json\/wp\/v2\/users\/5"}],"replies":[{"embeddable":true,"href":"https:\/\/fram.is\/is\/wp-json\/wp\/v2\/comments?post=25423"}],"version-history":[{"count":8,"href":"https:\/\/fram.is\/is\/wp-json\/wp\/v2\/posts\/25423\/revisions"}],"predecessor-version":[{"id":25480,"href":"https:\/\/fram.is\/is\/wp-json\/wp\/v2\/posts\/25423\/revisions\/25480"}],"wp:featuredmedia":[{"embeddable":true,"href":"https:\/\/fram.is\/is\/wp-json\/wp\/v2\/media\/8592"}],"wp:attachment":[{"href":"https:\/\/fram.is\/is\/wp-json\/wp\/v2\/media?parent=25423"}],"wp:term":[{"taxonomy":"category","embeddable":true,"href":"https:\/\/fram.is\/is\/wp-json\/wp\/v2\/categories?post=25423"},{"taxonomy":"post_tag","embeddable":true,"href":"https:\/\/fram.is\/is\/wp-json\/wp\/v2\/tags?post=25423"}],"curies":[{"name":"wp","href":"https:\/\/api.w.org\/{rel}","templated":true}]}}