{"id":25481,"date":"2021-03-26T09:35:17","date_gmt":"2021-03-26T09:35:17","guid":{"rendered":"https:\/\/fram.is\/?p=25481"},"modified":"2021-03-26T09:37:06","modified_gmt":"2021-03-26T09:37:06","slug":"stefan-thor-hannesson-til-lids-vid-fram","status":"publish","type":"post","link":"https:\/\/fram.is\/is\/2021\/03\/26\/stefan-thor-hannesson-til-lids-vid-fram\/","title":{"rendered":"Stef\u00e1n \u00de\u00f3r Hannesson til li\u00f0s vi\u00f0 Fram."},"content":{"rendered":"<div data-elementor-type=\"wp-post\" data-elementor-id=\"25481\" class=\"elementor elementor-25481\" data-elementor-post-type=\"post\">\n\t\t\t\t<section class=\"elementor-section elementor-top-section elementor-element elementor-element-d14406c elementor-section-boxed elementor-section-height-default elementor-section-height-default\" data-id=\"d14406c\" data-element_type=\"section\">\n\t\t\t\t\t\t<div class=\"elementor-container elementor-column-gap-default\">\n\t\t\t\t\t<div class=\"elementor-column elementor-col-100 elementor-top-column elementor-element elementor-element-36cb9457\" data-id=\"36cb9457\" data-element_type=\"column\">\n\t\t\t<div class=\"elementor-widget-wrap elementor-element-populated\">\n\t\t\t\t\t\t<div class=\"elementor-element elementor-element-667e45a1 elementor-widget elementor-widget-text-editor\" data-id=\"667e45a1\" data-element_type=\"widget\" data-widget_type=\"text-editor.default\">\n\t\t\t\t<div class=\"elementor-widget-container\"><p><img fetchpriority=\"high\" decoding=\"async\" class=\"size-medium wp-image-25485 alignright\" src=\"https:\/\/fram.is\/wp-content\/uploads\/2021\/03\/Stefan-THor-Hannesson-224x300.jpg\" alt=\"\" width=\"224\" height=\"300\" srcset=\"https:\/\/fram.is\/wp-content\/uploads\/2021\/03\/Stefan-THor-Hannesson-224x300.jpg 224w, https:\/\/fram.is\/wp-content\/uploads\/2021\/03\/Stefan-THor-Hannesson-800x1072.jpg 800w, https:\/\/fram.is\/wp-content\/uploads\/2021\/03\/Stefan-THor-Hannesson-764x1024.jpg 764w, https:\/\/fram.is\/wp-content\/uploads\/2021\/03\/Stefan-THor-Hannesson-768x1029.jpg 768w, https:\/\/fram.is\/wp-content\/uploads\/2021\/03\/Stefan-THor-Hannesson-1146x1536.jpg 1146w, https:\/\/fram.is\/wp-content\/uploads\/2021\/03\/Stefan-THor-Hannesson.jpg 1504w\" sizes=\"(max-width: 224px) 100vw, 224px\" \/>Markma\u00f0urinn Stef\u00e1n \u00de\u00f3r Hannesson hefur skrifa\u00f0 undir tveggja \u00e1ra samning vi\u00f0 Fram.<br \/><br \/>Stef\u00e1n er 25 \u00e1ra og kemur til li\u00f0s vi\u00f0 Fram fr\u00e1 Hamar \u00ed Hverager\u00f0i \u00fear sem hann hefur leiki\u00f0 allan sinn feril. Hann hefur spila\u00f0 96 leiki fyrir Hamar og veri\u00f0 fyrirli\u00f0i li\u00f0sins.<br \/><br \/>Framarar fagna \u00fev\u00ed a\u00f0 f\u00e1 Stef\u00e1n \u00de\u00f3r til f\u00e9lagsins og vi\u00f0 hl\u00f6kkum til a\u00f0 sj\u00e1 hann me\u00f0 Fram merki\u00f0 \u00e1 brj\u00f3stinu \u00e1 vellinum.<\/p>\n<p>Knattspyrnudeild Fram\u00a0<\/p><\/div>\n\t\t\t\t<\/div>\n\t\t\t\t\t<\/div>\n\t\t<\/div>\n\t\t\t\t\t<\/div>\n\t\t<\/section>\t\t<\/div>","protected":false},"excerpt":{"rendered":"<p>Markma\u00f0urinn Stef\u00e1n \u00de\u00f3r Hannesson hefur skrifa\u00f0 undir tveggja \u00e1ra samning vi\u00f0 Fram. Stef\u00e1n er 25 \u00e1ra og kemur til li\u00f0s vi\u00f0 Fram fr\u00e1 Hamar \u00ed Hverager\u00f0i \u00fear sem hann hefur [&hellip;]<\/p>","protected":false},"author":5,"featured_media":25482,"comment_status":"closed","ping_status":"closed","sticky":false,"template":"","format":"standard","meta":{"_monsterinsights_skip_tracking":false,"_monsterinsights_sitenote_active":false,"_monsterinsights_sitenote_note":"","_monsterinsights_sitenote_category":0,"_jetpack_memberships_contains_paid_content":false,"footnotes":""},"categories":[9,11],"tags":[],"class_list":["post-25481","post","type-post","status-publish","format-standard","has-post-thumbnail","hentry","category-fotbolti","category-mflkarla"],"jetpack_sharing_enabled":true,"jetpack_featured_media_url":"https:\/\/fram.is\/wp-content\/uploads\/2021\/03\/Stefan-THor-Hannesson-vefur.jpg","_links":{"self":[{"href":"https:\/\/fram.is\/is\/wp-json\/wp\/v2\/posts\/25481","targetHints":{"allow":["GET"]}}],"collection":[{"href":"https:\/\/fram.is\/is\/wp-json\/wp\/v2\/posts"}],"about":[{"href":"https:\/\/fram.is\/is\/wp-json\/wp\/v2\/types\/post"}],"author":[{"embeddable":true,"href":"https:\/\/fram.is\/is\/wp-json\/wp\/v2\/users\/5"}],"replies":[{"embeddable":true,"href":"https:\/\/fram.is\/is\/wp-json\/wp\/v2\/comments?post=25481"}],"version-history":[{"count":5,"href":"https:\/\/fram.is\/is\/wp-json\/wp\/v2\/posts\/25481\/revisions"}],"predecessor-version":[{"id":25488,"href":"https:\/\/fram.is\/is\/wp-json\/wp\/v2\/posts\/25481\/revisions\/25488"}],"wp:featuredmedia":[{"embeddable":true,"href":"https:\/\/fram.is\/is\/wp-json\/wp\/v2\/media\/25482"}],"wp:attachment":[{"href":"https:\/\/fram.is\/is\/wp-json\/wp\/v2\/media?parent=25481"}],"wp:term":[{"taxonomy":"category","embeddable":true,"href":"https:\/\/fram.is\/is\/wp-json\/wp\/v2\/categories?post=25481"},{"taxonomy":"post_tag","embeddable":true,"href":"https:\/\/fram.is\/is\/wp-json\/wp\/v2\/tags?post=25481"}],"curies":[{"name":"wp","href":"https:\/\/api.w.org\/{rel}","templated":true}]}}