{"id":25580,"date":"2021-04-09T11:56:44","date_gmt":"2021-04-09T11:56:44","guid":{"rendered":"https:\/\/fram.is\/?p=25580"},"modified":"2021-04-09T11:58:23","modified_gmt":"2021-04-09T11:58:23","slug":"adalfundi-knattspyrnufelagsins-fram-frestad-um-oakvedinn-tima","status":"publish","type":"post","link":"https:\/\/fram.is\/is\/2021\/04\/09\/adalfundi-knattspyrnufelagsins-fram-frestad-um-oakvedinn-tima\/","title":{"rendered":"A\u00f0alfundi Knattspyrnuf\u00e9lagsins Fram, fresta\u00f0 um \u00f3\u00e1kve\u00f0inn t\u00edma."},"content":{"rendered":"<div data-elementor-type=\"wp-post\" data-elementor-id=\"25580\" class=\"elementor elementor-25580\" data-elementor-post-type=\"post\">\n\t\t\t\t<section class=\"elementor-section elementor-top-section elementor-element elementor-element-178ba0fb elementor-section-boxed elementor-section-height-default elementor-section-height-default\" data-id=\"178ba0fb\" data-element_type=\"section\">\n\t\t\t\t\t\t<div class=\"elementor-container elementor-column-gap-default\">\n\t\t\t\t\t<div class=\"elementor-column elementor-col-100 elementor-top-column elementor-element elementor-element-595c57aa\" data-id=\"595c57aa\" data-element_type=\"column\">\n\t\t\t<div class=\"elementor-widget-wrap elementor-element-populated\">\n\t\t\t\t\t\t<div class=\"elementor-element elementor-element-29b9edf5 elementor-widget elementor-widget-text-editor\" data-id=\"29b9edf5\" data-element_type=\"widget\" data-widget_type=\"text-editor.default\">\n\t\t\t\t<div class=\"elementor-widget-container\"><p><img fetchpriority=\"high\" decoding=\"async\" class=\"size-medium wp-image-25425 alignright\" src=\"https:\/\/fram.is\/wp-content\/uploads\/2021\/03\/mars-2021-300x225.jpg\" alt=\"\" width=\"300\" height=\"225\" srcset=\"https:\/\/fram.is\/wp-content\/uploads\/2021\/03\/mars-2021-300x225.jpg 300w, https:\/\/fram.is\/wp-content\/uploads\/2021\/03\/mars-2021-800x600.jpg 800w, https:\/\/fram.is\/wp-content\/uploads\/2021\/03\/mars-2021-1024x768.jpg 1024w, https:\/\/fram.is\/wp-content\/uploads\/2021\/03\/mars-2021-768x576.jpg 768w, https:\/\/fram.is\/wp-content\/uploads\/2021\/03\/mars-2021-1536x1152.jpg 1536w, https:\/\/fram.is\/wp-content\/uploads\/2021\/03\/mars-2021.jpg 2016w\" sizes=\"(max-width: 300px) 100vw, 300px\" \/>\u00c1kve\u00f0i\u00f0 hefur veri\u00f0 a\u00f0 fresta a\u00f0alfundi Knattspyrnuf\u00e9lagsins Fram um \u00f3\u00e1kve\u00f0inn t\u00edma. \u00dea\u00f0 er lj\u00f3st a\u00f0 ekki er h\u00e6gt a\u00f0 halda fundinn mi\u00f0a\u00f0 vi\u00f0 \u00fe\u00e6r samkomu takmarkanir sem eru \u00ed gildi.<\/p><p>Um lei\u00f0 og vi\u00f0 f\u00e1um n\u00fdjar uppl\u00fdsingar ver\u00f0ur fundurinn augl\u00fdstur a\u00f0 n\u00fdju.<\/p><p>Knattspyrnuf\u00e9lagi\u00f0 Fram<\/p><\/div>\n\t\t\t\t<\/div>\n\t\t\t\t\t<\/div>\n\t\t<\/div>\n\t\t\t\t\t<\/div>\n\t\t<\/section>\t\t<\/div>","protected":false},"excerpt":{"rendered":"<p>\u00c1kve\u00f0i\u00f0 hefur veri\u00f0 a\u00f0 fresta a\u00f0alfundi Knattspyrnuf\u00e9lagsins Fram um \u00f3\u00e1kve\u00f0inn t\u00edma. \u00dea\u00f0 er lj\u00f3st a\u00f0 ekki er h\u00e6gt a\u00f0 halda fundinn mi\u00f0a\u00f0 vi\u00f0 \u00fe\u00e6r samkomu takmarkanir sem eru \u00ed gildi. [&hellip;]<\/p>","protected":false},"author":5,"featured_media":23555,"comment_status":"closed","ping_status":"closed","sticky":false,"template":"","format":"standard","meta":{"_monsterinsights_skip_tracking":false,"_monsterinsights_sitenote_active":false,"_monsterinsights_sitenote_note":"","_monsterinsights_sitenote_category":0,"_jetpack_memberships_contains_paid_content":false,"footnotes":""},"categories":[58,8],"tags":[],"class_list":["post-25580","post","type-post","status-publish","format-standard","has-post-thumbnail","hentry","category-felagid","category-adalstjorn"],"jetpack_sharing_enabled":true,"jetpack_featured_media_url":"https:\/\/fram.is\/wp-content\/uploads\/2020\/08\/fra_torgi_ljos.jpg","_links":{"self":[{"href":"https:\/\/fram.is\/is\/wp-json\/wp\/v2\/posts\/25580","targetHints":{"allow":["GET"]}}],"collection":[{"href":"https:\/\/fram.is\/is\/wp-json\/wp\/v2\/posts"}],"about":[{"href":"https:\/\/fram.is\/is\/wp-json\/wp\/v2\/types\/post"}],"author":[{"embeddable":true,"href":"https:\/\/fram.is\/is\/wp-json\/wp\/v2\/users\/5"}],"replies":[{"embeddable":true,"href":"https:\/\/fram.is\/is\/wp-json\/wp\/v2\/comments?post=25580"}],"version-history":[{"count":4,"href":"https:\/\/fram.is\/is\/wp-json\/wp\/v2\/posts\/25580\/revisions"}],"predecessor-version":[{"id":25584,"href":"https:\/\/fram.is\/is\/wp-json\/wp\/v2\/posts\/25580\/revisions\/25584"}],"wp:featuredmedia":[{"embeddable":true,"href":"https:\/\/fram.is\/is\/wp-json\/wp\/v2\/media\/23555"}],"wp:attachment":[{"href":"https:\/\/fram.is\/is\/wp-json\/wp\/v2\/media?parent=25580"}],"wp:term":[{"taxonomy":"category","embeddable":true,"href":"https:\/\/fram.is\/is\/wp-json\/wp\/v2\/categories?post=25580"},{"taxonomy":"post_tag","embeddable":true,"href":"https:\/\/fram.is\/is\/wp-json\/wp\/v2\/tags?post=25580"}],"curies":[{"name":"wp","href":"https:\/\/api.w.org\/{rel}","templated":true}]}}