{"id":25754,"date":"2021-04-15T14:36:09","date_gmt":"2021-04-15T14:36:09","guid":{"rendered":"https:\/\/fram.is\/?p=25754"},"modified":"2021-04-15T14:40:46","modified_gmt":"2021-04-15T14:40:46","slug":"handboltinn-heldur-afram","status":"publish","type":"post","link":"https:\/\/fram.is\/is\/2021\/04\/15\/handboltinn-heldur-afram\/","title":{"rendered":"Handboltinn heldur \u00e1fram!"},"content":{"rendered":"<div data-elementor-type=\"wp-post\" data-elementor-id=\"25754\" class=\"elementor elementor-25754\" data-elementor-post-type=\"post\">\n\t\t\t\t\t\t<section class=\"elementor-section elementor-top-section elementor-element elementor-element-2e17732 elementor-section-boxed elementor-section-height-default elementor-section-height-default\" data-id=\"2e17732\" data-element_type=\"section\">\n\t\t\t\t\t\t<div class=\"elementor-container elementor-column-gap-default\">\n\t\t\t\t\t<div class=\"elementor-column elementor-col-50 elementor-top-column elementor-element elementor-element-f271794\" data-id=\"f271794\" data-element_type=\"column\">\n\t\t\t<div class=\"elementor-widget-wrap elementor-element-populated\">\n\t\t\t\t\t\t<div class=\"elementor-element elementor-element-2ba684f elementor-widget elementor-widget-image\" data-id=\"2ba684f\" data-element_type=\"widget\" data-widget_type=\"image.default\">\n\t\t\t\t<div class=\"elementor-widget-container\">\n\t\t\t\t\t\t\t\t\t\t\t\t\t\t\t<img fetchpriority=\"high\" decoding=\"async\" width=\"800\" height=\"450\" src=\"https:\/\/fram.is\/wp-content\/uploads\/2021\/01\/Untitled-design-20-1024x576.png\" class=\"attachment-large size-large wp-image-24807\" alt=\"\" srcset=\"https:\/\/fram.is\/wp-content\/uploads\/2021\/01\/Untitled-design-20-1024x576.png 1024w, https:\/\/fram.is\/wp-content\/uploads\/2021\/01\/Untitled-design-20-800x450.png 800w, https:\/\/fram.is\/wp-content\/uploads\/2021\/01\/Untitled-design-20-300x169.png 300w, https:\/\/fram.is\/wp-content\/uploads\/2021\/01\/Untitled-design-20-768x432.png 768w, https:\/\/fram.is\/wp-content\/uploads\/2021\/01\/Untitled-design-20-1536x864.png 1536w, https:\/\/fram.is\/wp-content\/uploads\/2021\/01\/Untitled-design-20-2048x1152.png 2048w\" sizes=\"(max-width: 800px) 100vw, 800px\" \/>\t\t\t\t\t\t\t\t\t\t\t\t\t\t\t<\/div>\n\t\t\t\t<\/div>\n\t\t\t\t\t<\/div>\n\t\t<\/div>\n\t\t\t\t<div class=\"elementor-column elementor-col-50 elementor-top-column elementor-element elementor-element-a1f774f\" data-id=\"a1f774f\" data-element_type=\"column\">\n\t\t\t<div class=\"elementor-widget-wrap elementor-element-populated\">\n\t\t\t\t\t\t<div class=\"elementor-element elementor-element-64591fd elementor-widget elementor-widget-image\" data-id=\"64591fd\" data-element_type=\"widget\" data-widget_type=\"image.default\">\n\t\t\t\t<div class=\"elementor-widget-container\">\n\t\t\t\t\t\t\t\t\t\t\t\t\t\t\t<img decoding=\"async\" width=\"800\" height=\"450\" src=\"https:\/\/fram.is\/wp-content\/uploads\/2021\/01\/Untitled-design-19-1024x576.png\" class=\"attachment-large size-large wp-image-24774\" alt=\"\" srcset=\"https:\/\/fram.is\/wp-content\/uploads\/2021\/01\/Untitled-design-19-1024x576.png 1024w, https:\/\/fram.is\/wp-content\/uploads\/2021\/01\/Untitled-design-19-800x450.png 800w, https:\/\/fram.is\/wp-content\/uploads\/2021\/01\/Untitled-design-19-300x169.png 300w, https:\/\/fram.is\/wp-content\/uploads\/2021\/01\/Untitled-design-19-768x432.png 768w, https:\/\/fram.is\/wp-content\/uploads\/2021\/01\/Untitled-design-19-1536x864.png 1536w, https:\/\/fram.is\/wp-content\/uploads\/2021\/01\/Untitled-design-19-2048x1152.png 2048w\" sizes=\"(max-width: 800px) 100vw, 800px\" \/>\t\t\t\t\t\t\t\t\t\t\t\t\t\t\t<\/div>\n\t\t\t\t<\/div>\n\t\t\t\t\t<\/div>\n\t\t<\/div>\n\t\t\t\t\t<\/div>\n\t\t<\/section>\n\t\t\t\t<section class=\"elementor-section elementor-top-section elementor-element elementor-element-9457279 elementor-section-boxed elementor-section-height-default elementor-section-height-default\" data-id=\"9457279\" data-element_type=\"section\">\n\t\t\t\t\t\t<div class=\"elementor-container elementor-column-gap-default\">\n\t\t\t\t\t<div class=\"elementor-column elementor-col-100 elementor-top-column elementor-element elementor-element-4187375\" data-id=\"4187375\" data-element_type=\"column\">\n\t\t\t<div class=\"elementor-widget-wrap elementor-element-populated\">\n\t\t\t\t\t\t<div class=\"elementor-element elementor-element-6cb3597 elementor-widget elementor-widget-text-editor\" data-id=\"6cb3597\" data-element_type=\"widget\" data-widget_type=\"text-editor.default\">\n\t\t\t\t<div class=\"elementor-widget-container\">\n\t\t\t\t\t\t\t\t\t<p>Stj\u00f3rn HS\u00cd sam\u00feykkti r\u00e9tt \u00ed \u00feessu eftirfarandi leikjaplan.<\/p><p>H\u00e9r kemur gr\u00f3ft plan fyrir alla mfl.<\/p><p><b><span style=\"font-size: 12.0pt; mso-ascii-font-family: Calibri; mso-hansi-font-family: Calibri; mso-bidi-font-family: Calibri;\">Ol\u00eds deild karla.\u00a0<\/span><\/b><span style=\"font-size: 1rem; color: var( --e-global-color-text ); font-family: var( --e-global-typography-text-font-family ), Sans-serif; text-indent: 36pt;\"><span style=\"font-weight: var( --e-global-typography-text-font-weight );\">H\u00fan ver\u00f0ur kl\u00e1ru\u00f0, byrjar 25.apr\u00edl me\u00f0 14 umfer\u00f0 og henni l\u00fdkur 3.j\u00fan\u00ed.<\/span><br \/><\/span><b style=\"text-indent: 36pt; color: var( --e-global-color-text ); font-family: var( --e-global-typography-text-font-family ), Sans-serif; font-size: 1rem;\">\u00darslitakeppnin.\u00a0<\/b><span style=\"text-indent: 36pt; color: var( --e-global-color-text ); font-family: var( --e-global-typography-text-font-family ), Sans-serif; font-weight: var( --e-global-typography-text-font-weight ); font-size: 1rem;\">H\u00fan ver\u00f0ur 8 li\u00f0a me\u00f0 sama fyrirkomulagi og \u00ed evr\u00f3pukeppninni. H\u00fan hefst 8.j\u00fan\u00ed og l\u00fdkur 25.j\u00fan\u00ed.<\/span><\/p><p><b style=\"color: var( --e-global-color-text ); font-family: var( --e-global-typography-text-font-family ), Sans-serif; font-size: 1rem;\"><span style=\"font-size: 12.0pt; mso-ascii-font-family: Calibri; mso-hansi-font-family: Calibri; mso-bidi-font-family: Calibri;\">Ol\u00eds deild kvenna.\u00a0<\/span><\/b><span style=\"text-indent: 36pt; color: var( --e-global-color-text ); font-family: var( --e-global-typography-text-font-family ), Sans-serif; font-weight: var( --e-global-typography-text-font-weight ); font-size: 1rem;\">H\u00fan byrjar 1.ma\u00ed me\u00f0 13 umfer\u00f0 og henni l\u00fdkur 8.ma\u00ed.\u00a0<\/span><span style=\"text-indent: 36pt; color: var( --e-global-color-text ); font-family: var( --e-global-typography-text-font-family ), Sans-serif; font-weight: var( --e-global-typography-text-font-weight ); font-size: 1rem;\">ATH leikur Stj\u00f6rnunnar og KA\/\u00de\u00f3rs ver\u00f0ur spila\u00f0ur 26.apr\u00edl.<\/span><\/p><p><b style=\"text-indent: 36pt; color: var( --e-global-color-text ); font-family: var( --e-global-typography-text-font-family ), Sans-serif; font-size: 1rem;\">\u00darslitakeppnin <\/b><span style=\"text-indent: 36pt; color: var( --e-global-color-text ); font-family: var( --e-global-typography-text-font-family ), Sans-serif; font-weight: var( --e-global-typography-text-font-weight ); font-size: 1rem;\">ver\u00f0ur me\u00f0 hef\u00f0bundu fyrirkomulagi \u00a0en vi\u00f0ureignir \u00ed undan\u00farslitum og \u00farslitum ver\u00f0a styttar.<\/span><span style=\"text-indent: 36pt; color: var( --e-global-color-text ); font-family: var( --e-global-typography-text-font-family ), Sans-serif; font-weight: var( --e-global-typography-text-font-weight ); font-size: 1rem;\">Li\u00f0 1 og 2 sitja hj\u00e1 \u00ed 8 li\u00f0a \u00farslitum.\u00a0<\/span><span style=\"text-indent: 36pt; color: var( --e-global-color-text ); font-family: var( --e-global-typography-text-font-family ), Sans-serif; font-weight: var( --e-global-typography-text-font-weight ); font-size: 1rem;\">Li\u00f0 7 fer \u00ed umspil.\u00a0<\/span><span style=\"text-indent: 36pt; color: var( --e-global-color-text ); font-family: var( --e-global-typography-text-font-family ), Sans-serif; font-weight: var( --e-global-typography-text-font-weight ); font-size: 1rem;\">Li\u00f0 8 fellur.\u00a0<\/span><span style=\"text-indent: 36pt; color: var( --e-global-color-text ); font-family: var( --e-global-typography-text-font-family ), Sans-serif; font-weight: var( --e-global-typography-text-font-weight ); font-size: 1rem;\">\u00darslitin byrja 13.ma\u00ed og l\u00edkur 7.j\u00fan\u00ed.<\/span><\/p><p><b><span style=\"font-size: 12.0pt; mso-ascii-font-family: Calibri; mso-hansi-font-family: Calibri; mso-bidi-font-family: Calibri;\">Grill 66 deild karla. <\/span><\/b>H\u00fan ver\u00f0ur kl\u00e1ru\u00f0, byrjar 28.apr\u00edl me\u00f0 14 umfer\u00f0 og henni l\u00edkur 14.ma\u00ed.<br \/><br \/><b>\u00darslitakeppnin.<\/b>\u00a0H\u00fan ver\u00f0ur me\u00f0 hef\u00f0bundu fyrirkomulagi en \u00farslitavi\u00f0ureignir ver\u00f0a styttar. H\u00fan hefst 19.ma\u00ed og l\u00fdkur 4.j\u00fan\u00ed.<\/p><p><b><span style=\"font-size: 12.0pt; mso-ascii-font-family: Calibri; mso-hansi-font-family: Calibri; mso-bidi-font-family: Calibri;\">Grill 66 deild kvenna. <\/span><\/b>H\u00fan ver\u00f0ur kl\u00e1ru\u00f0, byrjar 27.apr\u00edl me\u00f0 16 umfer\u00f0 og henni l\u00edkur 7.ma\u00ed.<br \/><br \/><b>\u00darslitakeppnin. <\/b>H\u00fan ver\u00f0ur me\u00f0 hef\u00f0bundu fyrirkomulagi en \u00farslitavi\u00f0ureignir ver\u00f0a styttar. H\u00fan hefst 19.ma\u00ed og l\u00fdkur 4.j\u00fan\u00ed.<\/p><p><b>\u00a0<\/b><b>Coca Cola bikarinn.<br \/><\/b><b>Kvenna.<br \/><\/b>Allir leikir ver\u00f0a f\u00e6r\u00f0ir yfir \u00e1 hausti\u00f0.<br \/><b>Karla.<br \/><\/b>Allir leikir ver\u00f0a f\u00e6r\u00f0ir yfir \u00e1 hausti\u00f0 nema<b> <\/b>32li\u00f0a \u00farslit ver\u00f0a kl\u00e1ru\u00f0 n\u00fa \u00ed vor. (24 e\u00f0a 25.apr\u00edl)<\/p><p>\u00deessi keppni er ekki komin \u00e1 neti\u00f0.<\/p><p>________<\/p><p><u>ATH vi\u00f0 eigum eftir a\u00f0 finna t\u00edma me\u00f0 St\u00f6\u00f02 \u00feannig a\u00f0 eitthva\u00f0 getur breyst.<br \/><br \/><span style=\"color: var( --e-global-color-text ); font-family: var( --e-global-typography-text-font-family ), Sans-serif; font-weight: var( --e-global-typography-text-font-weight ); font-size: 1rem;\">Allt er komi\u00f0 \u00e1 neti\u00f0: www.hsi.is\/motamal<\/span><br \/><\/u><\/p>\t\t\t\t\t\t\t\t<\/div>\n\t\t\t\t<\/div>\n\t\t\t\t\t<\/div>\n\t\t<\/div>\n\t\t\t\t\t<\/div>\n\t\t<\/section>\n\t\t\t\t<\/div>","protected":false},"excerpt":{"rendered":"<p>Stj\u00f3rn HS\u00cd sam\u00feykkti r\u00e9tt \u00ed \u00feessu eftirfarandi leikjaplan. H\u00e9r kemur gr\u00f3ft plan fyrir alla mfl. Ol\u00eds deild karla.&nbsp;H\u00fan ver\u00f0ur kl\u00e1ru\u00f0, byrjar 25.apr\u00edl me\u00f0 14 umfer\u00f0 og henni l\u00fdkur 3.j\u00fan\u00ed. \u00darslitakeppnin.&nbsp;H\u00fan [&hellip;]<\/p>","protected":false},"author":7,"featured_media":25498,"comment_status":"closed","ping_status":"closed","sticky":false,"template":"","format":"standard","meta":{"_monsterinsights_skip_tracking":false,"_monsterinsights_sitenote_active":false,"_monsterinsights_sitenote_note":"","_monsterinsights_sitenote_category":0,"_jetpack_memberships_contains_paid_content":false,"footnotes":""},"categories":[6],"tags":[],"class_list":["post-25754","post","type-post","status-publish","format-standard","has-post-thumbnail","hentry","category-handbolti"],"jetpack_sharing_enabled":true,"jetpack_featured_media_url":"https:\/\/fram.is\/wp-content\/uploads\/2021\/04\/Nyr-samningur.jpg","_links":{"self":[{"href":"https:\/\/fram.is\/is\/wp-json\/wp\/v2\/posts\/25754","targetHints":{"allow":["GET"]}}],"collection":[{"href":"https:\/\/fram.is\/is\/wp-json\/wp\/v2\/posts"}],"about":[{"href":"https:\/\/fram.is\/is\/wp-json\/wp\/v2\/types\/post"}],"author":[{"embeddable":true,"href":"https:\/\/fram.is\/is\/wp-json\/wp\/v2\/users\/7"}],"replies":[{"embeddable":true,"href":"https:\/\/fram.is\/is\/wp-json\/wp\/v2\/comments?post=25754"}],"version-history":[{"count":5,"href":"https:\/\/fram.is\/is\/wp-json\/wp\/v2\/posts\/25754\/revisions"}],"predecessor-version":[{"id":25759,"href":"https:\/\/fram.is\/is\/wp-json\/wp\/v2\/posts\/25754\/revisions\/25759"}],"wp:featuredmedia":[{"embeddable":true,"href":"https:\/\/fram.is\/is\/wp-json\/wp\/v2\/media\/25498"}],"wp:attachment":[{"href":"https:\/\/fram.is\/is\/wp-json\/wp\/v2\/media?parent=25754"}],"wp:term":[{"taxonomy":"category","embeddable":true,"href":"https:\/\/fram.is\/is\/wp-json\/wp\/v2\/categories?post=25754"},{"taxonomy":"post_tag","embeddable":true,"href":"https:\/\/fram.is\/is\/wp-json\/wp\/v2\/tags?post=25754"}],"curies":[{"name":"wp","href":"https:\/\/api.w.org\/{rel}","templated":true}]}}