{"id":2576,"date":"2013-04-03T13:49:09","date_gmt":"2013-04-03T13:49:09","guid":{"rendered":"http:\/\/fram.is\/?p=2576"},"modified":"2013-04-03T13:49:09","modified_gmt":"2013-04-03T13:49:09","slug":"elisabet-og-stella-valdar-i-urvalslidid","status":"publish","type":"post","link":"https:\/\/fram.is\/is\/2013\/04\/03\/elisabet-og-stella-valdar-i-urvalslidid\/","title":{"rendered":"El\u00edsabet og Stella valdar \u00ed \u00farvalsli\u00f0i\u00f0"},"content":{"rendered":"<p><a href=\"http:\/\/fram.is\/wp-content\/uploads\/2013\/04\/BetaStella.jpg\"><img decoding=\"async\" class=\"alignright size-medium wp-image-2577\" alt=\"BetaStella\" src=\"http:\/\/fram.is\/wp-content\/uploads\/2013\/04\/BetaStella-300x150.jpg\" width=\"300\" height=\"150\" srcset=\"https:\/\/fram.is\/wp-content\/uploads\/2013\/04\/BetaStella-300x150.jpg 300w, https:\/\/fram.is\/wp-content\/uploads\/2013\/04\/BetaStella-800x400.jpg 800w, https:\/\/fram.is\/wp-content\/uploads\/2013\/04\/BetaStella-1024x512.jpg 1024w, https:\/\/fram.is\/wp-content\/uploads\/2013\/04\/BetaStella-768x384.jpg 768w, https:\/\/fram.is\/wp-content\/uploads\/2013\/04\/BetaStella.jpg 1200w\" sizes=\"(max-width: 300px) 100vw, 300px\" \/><\/a>FRAMst\u00falkurnar El\u00edsabet Gunnarsd\u00f3ttir og Stella Sigur\u00f0ard\u00f3ttir voru valdar \u00ed \u00farvalsli\u00f0 s\u00ed\u00f0ari hluta N1-deildar kvenna \u00ed handknattleik, sem tilkynnt var \u00ed h\u00e1deginu \u00ed dag. \u00a0Fj\u00f3rir leikmenn li\u00f0sins koma \u00far Val, tveir \u00far FRAM og einn \u00far HK.<\/p>\n<p>\u00darvalsli\u00f0 s\u00ed\u00f0ari hluta N1-deildar kvenna er skipa\u00f0 eftirt\u00f6ldum leikm\u00f6nnum:<\/p>\n<p>Markv\u00f6r\u00f0ur: Gu\u00f0n\u00fd Jenn\u00fd \u00c1smundsd\u00f3ttir, Valur<br \/>\nVinstra horn: Dagn\u00fd Sk\u00falad\u00f3ttir, Valur<br \/>\nVinstri skytta: Stella Sigur\u00f0ard\u00f3ttir, FRAM<br \/>\nMi\u00f0juma\u00f0ur: Brynja Magn\u00fasd\u00f3ttir, HK<br \/>\nH\u00e6gri skytta: \u00deorger\u00f0ur Anna Atlad\u00f3ttir, Valur<br \/>\nH\u00e6gra horn: Kar\u00f3l\u00edna B\u00e6hrenz L\u00e1rud\u00f3ttir, Valur<br \/>\nL\u00ednuma\u00f0ur: El\u00edsabet Gunnarsd\u00f3ttir, FRAM<\/p>\n<p>\u00dej\u00e1lfari: Stef\u00e1n Arnarson, Val<br \/>\nBesti leikma\u00f0urinn: Gu\u00f0n\u00fd Jenn\u00fd \u00c1smundsd\u00f3ttir, Valur<\/p>\n<p>\u00deess m\u00e1 geta a\u00f0 Jenn\u00fd Valsmarkv\u00f6r\u00f0ur var einnig valinn besti leikma\u00f0urinn \u00ed fyrri hluta N1-deildarinnar.<\/p>\n<p>\u00darslitakeppni N1-deildar kvenna hefst sem kunnugt er anna\u00f0 kv\u00f6ld. \u00a0Valur tekur \u00e1 m\u00f3ti Haukum, FRAM f\u00e6r Gr\u00f3ttu \u00ed heims\u00f3kn, \u00cdBV og FH m\u00e6tast \u00ed Eyjum og Stjarnan tekur \u00e1 m\u00f3ti HK. \u00a0Leikirnir hefjast allir klukkan 19.30.<\/p>","protected":false},"excerpt":{"rendered":"<p>FRAMst\u00falkurnar El\u00edsabet Gunnarsd\u00f3ttir og Stella Sigur\u00f0ard\u00f3ttir voru valdar \u00ed \u00farvalsli\u00f0 s\u00ed\u00f0ari hluta N1-deildar kvenna \u00ed handknattleik, sem tilkynnt var \u00ed h\u00e1deginu \u00ed dag. \u00a0Fj\u00f3rir leikmenn li\u00f0sins koma \u00far Val, tveir [&hellip;]<\/p>","protected":false},"author":3,"featured_media":2577,"comment_status":"open","ping_status":"open","sticky":false,"template":"","format":"standard","meta":{"_monsterinsights_skip_tracking":false,"_monsterinsights_sitenote_active":false,"_monsterinsights_sitenote_note":"","_monsterinsights_sitenote_category":0,"_jetpack_memberships_contains_paid_content":false,"footnotes":""},"categories":[6,15],"tags":[],"class_list":["post-2576","post","type-post","status-publish","format-standard","has-post-thumbnail","hentry","category-handbolti","category-mfl-kvenna"],"jetpack_sharing_enabled":true,"jetpack_featured_media_url":"https:\/\/fram.is\/wp-content\/uploads\/2013\/04\/BetaStella.jpg","_links":{"self":[{"href":"https:\/\/fram.is\/is\/wp-json\/wp\/v2\/posts\/2576","targetHints":{"allow":["GET"]}}],"collection":[{"href":"https:\/\/fram.is\/is\/wp-json\/wp\/v2\/posts"}],"about":[{"href":"https:\/\/fram.is\/is\/wp-json\/wp\/v2\/types\/post"}],"author":[{"embeddable":true,"href":"https:\/\/fram.is\/is\/wp-json\/wp\/v2\/users\/3"}],"replies":[{"embeddable":true,"href":"https:\/\/fram.is\/is\/wp-json\/wp\/v2\/comments?post=2576"}],"version-history":[{"count":0,"href":"https:\/\/fram.is\/is\/wp-json\/wp\/v2\/posts\/2576\/revisions"}],"wp:featuredmedia":[{"embeddable":true,"href":"https:\/\/fram.is\/is\/wp-json\/wp\/v2\/media\/2577"}],"wp:attachment":[{"href":"https:\/\/fram.is\/is\/wp-json\/wp\/v2\/media?parent=2576"}],"wp:term":[{"taxonomy":"category","embeddable":true,"href":"https:\/\/fram.is\/is\/wp-json\/wp\/v2\/categories?post=2576"},{"taxonomy":"post_tag","embeddable":true,"href":"https:\/\/fram.is\/is\/wp-json\/wp\/v2\/tags?post=2576"}],"curies":[{"name":"wp","href":"https:\/\/api.w.org\/{rel}","templated":true}]}}