{"id":26004,"date":"2021-04-30T09:41:47","date_gmt":"2021-04-30T09:41:47","guid":{"rendered":"https:\/\/fram.is\/?p=26004"},"modified":"2021-04-30T09:42:12","modified_gmt":"2021-04-30T09:42:12","slug":"ekki-bara-god-i-handbolta","status":"publish","type":"post","link":"https:\/\/fram.is\/is\/2021\/04\/30\/ekki-bara-god-i-handbolta\/","title":{"rendered":"Ekki bara g\u00f3\u00f0 \u00ed handbolta!"},"content":{"rendered":"<div data-elementor-type=\"wp-post\" data-elementor-id=\"26004\" class=\"elementor elementor-26004\" data-elementor-post-type=\"post\">\n\t\t\t\t\t\t<section class=\"elementor-section elementor-top-section elementor-element elementor-element-e5ea174 elementor-section-boxed elementor-section-height-default elementor-section-height-default\" data-id=\"e5ea174\" data-element_type=\"section\">\n\t\t\t\t\t\t<div class=\"elementor-container elementor-column-gap-default\">\n\t\t\t\t\t<div class=\"elementor-column elementor-col-100 elementor-top-column elementor-element elementor-element-eefbf62\" data-id=\"eefbf62\" data-element_type=\"column\">\n\t\t\t<div class=\"elementor-widget-wrap elementor-element-populated\">\n\t\t\t\t\t\t<div class=\"elementor-element elementor-element-d6a897b elementor-widget elementor-widget-text-editor\" data-id=\"d6a897b\" data-element_type=\"widget\" data-widget_type=\"text-editor.default\">\n\t\t\t\t<div class=\"elementor-widget-container\">\n\t\t\t\t\t\t\t\t\t<p class=\"MsoNormal\"><span style=\"mso-ascii-font-family: Calibri; mso-hansi-font-family: Calibri; mso-bidi-font-family: Calibri; background: yellow; mso-highlight: yellow; mso-fareast-language: IS;\">Harpa Mar\u00eda Fri\u00f0geirs\u00add\u00f3tt\u00adir<\/span>, SKRR, og Ein\u00adar Krist\u00adinn Krist\u00adgeirs\u00adson, SKA, ur\u00f0u \u00ed dag \u00cdslands\u00admeist\u00adar\u00adar \u00ed st\u00f3r\u00adsvigi en Sk\u00ed\u00f0am\u00f3t \u00cdslands fer n\u00fa fram \u00ed Hl\u00ed\u00f0arfjalli \u00e1 Ak\u00adur\u00adeyri.<\/p><p class=\"MsoNormal\">Held\u00adur Harpa Mar\u00eda bik\u00adarn\u00adum \u00ed fj\u00f6l\u00adskyld\u00adunni \u00fev\u00ed syst\u00adir henn\u00adar H\u00f3lm\u00adfr\u00ed\u00f0ur Dagn\u00fd var\u00f0 \u00cdslands\u00admeist\u00adari \u00ed grein\u00adinni 2018 og 2019. Sk\u00ed\u00f0am\u00f3t \u00cdslands f\u00e9ll ni\u00f0ur \u00ed fyrra vegna k\u00f3r\u00ad\u00f3nu\u00adveirunn\u00adar.<\/p><p class=\"MsoNormal\">Sig\u00adr\u00ed\u00f0ur Dr\u00f6fn Au\u00f0uns\u00add\u00f3tt\u00adir var\u00f0 \u00f6nn\u00adur og Sign\u00fd Svein\u00adbj\u00f6rns\u00add\u00f3tt\u00adir \u00feri\u00f0ja. Ein\u00adar Krist\u00adinn var\u00f0 \u00cdslands\u00admeist\u00adari \u00ed fyrsta skipti s\u00ed\u00f0an 2016. Gauti Gu\u00f0munds\u00adson var\u00f0 ann\u00adar og Sturla Sn\u00e6r Snorra\u00adson var\u00f0 \u00feri\u00f0ji.<\/p><p class=\"MsoNormal\">G\u00edgja Bj\u00f6rns\u00add\u00f3tt\u00adir \u00far SKA og Snorri Ein\u00adars\u00adson \u00far Ulli sigru\u00f0u \u00ed sk\u00ed\u00f0ag\u00f6ngu me\u00f0 hef\u00f0bund\u00adinni a\u00f0fer\u00f0 \u00ed g\u00e6r. Keppt var \u00ed 10 k\u00edl\u00f3\u00admetra g\u00f6ngu hj\u00e1 kon\u00adun\u00adum. Linda R\u00f3s Hann\u00ades\u00add\u00f3tt\u00adir var\u00f0 \u00f6nn\u00adur og Fann\u00adey R\u00fan Stef\u00ad\u00e1ns\u00add\u00f3tt\u00adir \u00feri\u00f0ja. Var \u00feetta fyrsti sig\u00adur G\u00edgju \u00e1 Sk\u00ed\u00f0am\u00f3ti \u00cdslands. 15 k\u00edl\u00f3\u00admetr\u00adar voru gengn\u00adir hj\u00e1 k\u00f6rl\u00adun\u00adum en Al\u00adbert J\u00f3ns\u00adson var\u00f0 ann\u00adar og Dag\u00adur Bene\u00addikts\u00adson var\u00f0 \u00feri\u00f0ji. Snorri var\u00f0 meist\u00adari \u00ed grein\u00adinni \u00feri\u00f0ja skipti\u00f0 \u00ed r\u00f6\u00f0.<\/p><p class=\"MsoNormal\">Anna Kamilla Hlyns\u00add\u00f3tt\u00adir \u00far BFH og Bene\u00addikt Fri\u00f0bj\u00f6rns\u00adson \u00far SKA ur\u00f0u \u00cdslands\u00admeist\u00adar\u00adar \u00ed risa\u00adst\u00f6kki \u00e1 snj\u00f3\u00adbrett\u00adum. Al\u00eds Helga Da\u00f0ad\u00f3tt\u00adir og J\u00fal\u00ed\u00adetta I\u00f0unn T\u00f3m\u00adas\u00add\u00f3tt\u00adir ur\u00f0u \u00ed 2.-3. s\u00e6ti hj\u00e1 kon\u00adun\u00adum. Hj\u00e1 k\u00f6rl\u00adun\u00adum var\u00f0 Bald\u00adur Vil\u00adhelms\u00adson ann\u00adar og Trist\u00adan A\u00f0al\u00adsteins\u00adson \u00feri\u00f0ji.<\/p><p class=\"MsoNormal\">Kepp\u00adend\u00adur fengu \u00ferj\u00e1r til\u00adraun\u00adir og besta st\u00f6kki\u00f0 gilti. Var \u00feetta fyrsta m\u00f3t vetr\u00adar\u00adins en \u00f6\u00f0rum var af\u00adl\u00fdst vegna heims\u00adfar\u00adald\u00adurs\u00adins.\u00a0<\/p><p class=\"MsoNormal\"><b>\u00darslit \u00ed st\u00f3r\u00adsvigi:<\/b><\/p><p class=\"MsoNormal\"><b>Kon\u00adur<\/b><br \/>1. Harpa Mar\u00eda Fri\u00f0geirs\u00add\u00f3tt\u00adir &#8211; SKRR<br \/>2. Sig\u00adr\u00ed\u00f0ur Dr\u00f6fn Au\u00f0uns\u00add\u00f3tt\u00adir &#8211; SKRR<br \/>3. Sign\u00fd Svein\u00adbj\u00f6rns\u00add\u00f3tt\u00adir &#8211; SKRR<br \/><br \/><em>https:\/\/www.mbl.is\/sport\/frettir\/2021\/04\/29\/heldur_bikarnum_i_fjolskyldunni\/<\/em><\/p>\t\t\t\t\t\t\t\t<\/div>\n\t\t\t\t<\/div>\n\t\t\t\t\t<\/div>\n\t\t<\/div>\n\t\t\t\t\t<\/div>\n\t\t<\/section>\n\t\t\t\t<section class=\"elementor-section elementor-top-section elementor-element elementor-element-2d59e42 elementor-section-boxed elementor-section-height-default elementor-section-height-default\" data-id=\"2d59e42\" data-element_type=\"section\">\n\t\t\t\t\t\t<div class=\"elementor-container elementor-column-gap-default\">\n\t\t\t\t\t<div class=\"elementor-column elementor-col-100 elementor-top-column elementor-element elementor-element-bdd7808\" data-id=\"bdd7808\" data-element_type=\"column\">\n\t\t\t<div class=\"elementor-widget-wrap elementor-element-populated\">\n\t\t\t\t\t\t<div class=\"elementor-element elementor-element-9f16b81 elementor-widget elementor-widget-image\" data-id=\"9f16b81\" data-element_type=\"widget\" data-widget_type=\"image.default\">\n\t\t\t\t<div class=\"elementor-widget-container\">\n\t\t\t\t\t\t\t\t\t\t\t\t\t\t\t<img fetchpriority=\"high\" decoding=\"async\" width=\"768\" height=\"1024\" src=\"https:\/\/fram.is\/wp-content\/uploads\/2021\/04\/179324998_10158296809532405_7667693880997647668_n-768x1024.jpg\" class=\"attachment-large size-large wp-image-26006\" alt=\"\" srcset=\"https:\/\/fram.is\/wp-content\/uploads\/2021\/04\/179324998_10158296809532405_7667693880997647668_n-768x1024.jpg 768w, https:\/\/fram.is\/wp-content\/uploads\/2021\/04\/179324998_10158296809532405_7667693880997647668_n-800x1066.jpg 800w, https:\/\/fram.is\/wp-content\/uploads\/2021\/04\/179324998_10158296809532405_7667693880997647668_n-225x300.jpg 225w, https:\/\/fram.is\/wp-content\/uploads\/2021\/04\/179324998_10158296809532405_7667693880997647668_n-1152x1536.jpg 1152w, https:\/\/fram.is\/wp-content\/uploads\/2021\/04\/179324998_10158296809532405_7667693880997647668_n.jpg 1418w\" sizes=\"(max-width: 768px) 100vw, 768px\" \/>\t\t\t\t\t\t\t\t\t\t\t\t\t\t\t<\/div>\n\t\t\t\t<\/div>\n\t\t\t\t\t<\/div>\n\t\t<\/div>\n\t\t\t\t\t<\/div>\n\t\t<\/section>\n\t\t\t\t<\/div>","protected":false},"excerpt":{"rendered":"<p>Harpa Mar\u00eda Fri\u00f0geirs\u00add\u00f3tt\u00adir, SKRR, og Ein\u00adar Krist\u00adinn Krist\u00adgeirs\u00adson, SKA, ur\u00f0u \u00ed dag \u00cdslands\u00admeist\u00adar\u00adar \u00ed st\u00f3r\u00adsvigi en Sk\u00ed\u00f0am\u00f3t \u00cdslands fer n\u00fa fram \u00ed Hl\u00ed\u00f0arfjalli \u00e1 Ak\u00adur\u00adeyri. Held\u00adur Harpa Mar\u00eda bik\u00adarn\u00adum \u00ed [&hellip;]<\/p>","protected":false},"author":7,"featured_media":24784,"comment_status":"closed","ping_status":"closed","sticky":false,"template":"","format":"standard","meta":{"_monsterinsights_skip_tracking":false,"_monsterinsights_sitenote_active":false,"_monsterinsights_sitenote_note":"","_monsterinsights_sitenote_category":0,"_jetpack_memberships_contains_paid_content":false,"footnotes":""},"categories":[6],"tags":[],"class_list":["post-26004","post","type-post","status-publish","format-standard","has-post-thumbnail","hentry","category-handbolti"],"jetpack_sharing_enabled":true,"jetpack_featured_media_url":"https:\/\/fram.is\/wp-content\/uploads\/2021\/01\/10.png","_links":{"self":[{"href":"https:\/\/fram.is\/is\/wp-json\/wp\/v2\/posts\/26004","targetHints":{"allow":["GET"]}}],"collection":[{"href":"https:\/\/fram.is\/is\/wp-json\/wp\/v2\/posts"}],"about":[{"href":"https:\/\/fram.is\/is\/wp-json\/wp\/v2\/types\/post"}],"author":[{"embeddable":true,"href":"https:\/\/fram.is\/is\/wp-json\/wp\/v2\/users\/7"}],"replies":[{"embeddable":true,"href":"https:\/\/fram.is\/is\/wp-json\/wp\/v2\/comments?post=26004"}],"version-history":[{"count":4,"href":"https:\/\/fram.is\/is\/wp-json\/wp\/v2\/posts\/26004\/revisions"}],"predecessor-version":[{"id":26009,"href":"https:\/\/fram.is\/is\/wp-json\/wp\/v2\/posts\/26004\/revisions\/26009"}],"wp:featuredmedia":[{"embeddable":true,"href":"https:\/\/fram.is\/is\/wp-json\/wp\/v2\/media\/24784"}],"wp:attachment":[{"href":"https:\/\/fram.is\/is\/wp-json\/wp\/v2\/media?parent=26004"}],"wp:term":[{"taxonomy":"category","embeddable":true,"href":"https:\/\/fram.is\/is\/wp-json\/wp\/v2\/categories?post=26004"},{"taxonomy":"post_tag","embeddable":true,"href":"https:\/\/fram.is\/is\/wp-json\/wp\/v2\/tags?post=26004"}],"curies":[{"name":"wp","href":"https:\/\/api.w.org\/{rel}","templated":true}]}}