{"id":2610,"date":"2013-04-06T15:45:40","date_gmt":"2013-04-06T15:45:40","guid":{"rendered":"http:\/\/fram.is\/?p=2610"},"modified":"2013-04-06T15:45:40","modified_gmt":"2013-04-06T15:45:40","slug":"ellefu-marka-sigur-gegn-grottu-eyjastulkur-naestar-a-dagskra","status":"publish","type":"post","link":"https:\/\/fram.is\/is\/2013\/04\/06\/ellefu-marka-sigur-gegn-grottu-eyjastulkur-naestar-a-dagskra\/","title":{"rendered":"Ellefu marka sigur gegn Gr\u00f3ttu | Eyjast\u00falkur n\u00e6star \u00e1 dagskr\u00e1"},"content":{"rendered":"<p><a href=\"http:\/\/fram.is\/wp-content\/uploads\/2013\/04\/Fram-Stjarnan-SS.jpg\"><img fetchpriority=\"high\" decoding=\"async\" class=\"alignright size-medium wp-image-2588\" alt=\"Fram-Stjarnan-SS\" src=\"http:\/\/fram.is\/wp-content\/uploads\/2013\/04\/Fram-Stjarnan-SS-300x300.jpg\" width=\"300\" height=\"300\" srcset=\"https:\/\/fram.is\/wp-content\/uploads\/2013\/04\/Fram-Stjarnan-SS-300x300.jpg 300w, https:\/\/fram.is\/wp-content\/uploads\/2013\/04\/Fram-Stjarnan-SS.jpg 800w, https:\/\/fram.is\/wp-content\/uploads\/2013\/04\/Fram-Stjarnan-SS-100x100.jpg 100w, https:\/\/fram.is\/wp-content\/uploads\/2013\/04\/Fram-Stjarnan-SS-150x150.jpg 150w, https:\/\/fram.is\/wp-content\/uploads\/2013\/04\/Fram-Stjarnan-SS-768x768.jpg 768w\" sizes=\"(max-width: 300px) 100vw, 300px\" \/><\/a>FRAM trygg\u00f0i s\u00e9r \u00ed dag s\u00e6ti \u00ed undan\u00farslitum N1-deildar kvenna \u00ed handknattleik me\u00f0 sannf\u00e6randi sigri gegn Gr\u00f3ttu,. 31-20. \u00a0FRAM vann einv\u00edgi li\u00f0anna 2-0 og m\u00e6tir \u00cdBV \u00ed undan\u00farslitum, en Eyjast\u00falkur h\u00f6f\u00f0u betur gegn FH \u00ed dag 25-19 og unnu \u00fe\u00e1 rimmu einnig 2-0.<\/p>\n<p>FRAMst\u00falkur t\u00f3ku s\u00e9r d\u00e1g\u00f3\u00f0an t\u00edma \u00ed a\u00f0 h\u00edfa sig \u00ed gang \u00e1 Seltjarnarnesi \u00ed dag, Gr\u00f3tta haf\u00f0i forystu fram yfir mi\u00f0jan fyrri h\u00e1lfleikinn og ger\u00f0i margt \u00e1g\u00e6tlega. \u00a0Gr\u00f3ttuli\u00f0i\u00f0 er br\u00e1\u00f0efnilegt og spennandi ver\u00f0ur a\u00f0 fylgjast me\u00f0 \u00fev\u00ed \u00ed n\u00e1nustu framt\u00ed\u00f0 ef r\u00e9tt er \u00e1 spilum haldi\u00f0, en eftir \u00fev\u00ed sem \u00e1 leikinn lei\u00f0 kom Akkilesarh\u00e6llinn betur og betur \u00ed lj\u00f3s; li\u00f0i\u00f0 skortir breidd. FRAMst\u00falkur fundu taktinn sinn betur og betur eftir \u00fev\u00ed sem \u00e1 lei\u00f0 og s\u00ed\u00f0ustu m\u00edn\u00fatur fyrri h\u00e1lfleiks voru FRAMst\u00falkur farnar a\u00f0 l\u00edkjast sj\u00e1lfum s\u00e9r, n\u00e1\u00f0u forystu \u00feegar t\u00e6par t\u00edu m\u00edn\u00fatur voru eftir af h\u00e1lfleiknum og litu vart um \u00f6xl \u00fea\u00f0 sem eftir lif\u00f0i leik. \u00a0Sta\u00f0an \u00ed h\u00e1lfleik var 12-9 fyrir FRAM og eina \u00e1hyggjuefni\u00f0, ef \u00e1hyggjuefni skyldi kalla, var \u00f3j\u00f6fnu\u00f0ur \u00ed markaskorun. \u00a0Stella skora\u00f0i \u00e1tta af t\u00f3lf m\u00f6rkum FRAM \u00ed fyrri h\u00e1lfleik og enginn annar leikma\u00f0ur skora\u00f0i meira en eitt mark. \u00a0\u00dea\u00f0 \u00e1tti \u00fe\u00f3 eftir a\u00f0 snarbreytast.<\/p>\n<p>Sj\u00e1 m\u00e1tti strax \u00e1 upphafsm\u00edn\u00fatum s\u00ed\u00f0ari h\u00e1lfleiks a\u00f0 FRAMst\u00falkur voru vakna\u00f0ar til l\u00edfsins og \u00e6tlu\u00f0u ekki a\u00f0 l\u00e1ta \u00feennan leik renna s\u00e9r \u00far greipum. \u00a0Halld\u00f3r \u00fej\u00e1lfari ger\u00f0i vi\u00f0l\u00edka breytingar og \u00ed fyrri leiknum gegn Gr\u00f3ttu, skipti hornam\u00f6nnunum \u00fat og l\u00e9t r\u00falla \u00e1g\u00e6tlega \u00e1 mannskapnum. \u00a0Varnarrleikurinn \u00ed s\u00ed\u00f0ari h\u00e1lfleik var me\u00f0 \u00e1g\u00e6tum og sk\u00f3p hvert hra\u00f0aupphlaupi\u00f0 \u00e1 f\u00e6tur \u00f6\u00f0ru. \u00a0S\u00ed\u00f0ari h\u00e1lfleikur var enn barnungur \u00feegar lj\u00f3st var hvert stefndi, breiddin og \u00e1kve\u00f0nin skilu\u00f0u s\u00ednu een \u00fea\u00f0 ver\u00f0ur ekki af Gr\u00f3ttust\u00falkum teki\u00f0 a\u00f0 \u00fe\u00e6r l\u00f6g\u00f0u aldrei \u00e1rar \u00ed b\u00e1t, l\u00e9tu sterka andst\u00e6\u00f0inga s\u00edna hafa nokku\u00f0u fyrir hlutunum. \u00a0Lokat\u00f6lur ur\u00f0u 31-20, sannf\u00e6randi sigur og heilt yfir var frammissta\u00f0an \u00e1g\u00e6t, ekki s\u00edst \u00ed s\u00ed\u00f0ari h\u00e1lfleik.<\/p>\n<p>Stella SIgur\u00f0ard\u00f3ttir var markah\u00e6st \u00ed li\u00f0i FRAM me\u00f0 11 m\u00f6rk, Sunna J\u00f3nsd\u00f3ttir skora\u00f0i 5 m\u00f6rk og Hekla R\u00fan \u00c1mundad\u00f3ttir skora\u00f0i 4 m\u00f6rk. \u00a0Birna Berg og Marthe S\u00f6rdal skoru\u00f0u 3 m\u00f6rk hvor, Mar\u00eda Karlsd\u00f3ttir skora\u00f0i 2 m\u00f6rk og \u00fe\u00e6r \u00c1sta Birna Gunnarsd\u00f3ttir, Sigurbj\u00f6rg J\u00f3hannsd\u00f3ttir og Hafdd\u00eds Shizuka Iura skoru\u00f0u 1 mark hver.<\/p>","protected":false},"excerpt":{"rendered":"<p>FRAM trygg\u00f0i s\u00e9r \u00ed dag s\u00e6ti \u00ed undan\u00farslitum N1-deildar kvenna \u00ed handknattleik me\u00f0 sannf\u00e6randi sigri gegn Gr\u00f3ttu,. 31-20. \u00a0FRAM vann einv\u00edgi li\u00f0anna 2-0 og m\u00e6tir \u00cdBV \u00ed undan\u00farslitum, en Eyjast\u00falkur [&hellip;]<\/p>","protected":false},"author":3,"featured_media":1735,"comment_status":"open","ping_status":"open","sticky":false,"template":"","format":"standard","meta":{"_monsterinsights_skip_tracking":false,"_monsterinsights_sitenote_active":false,"_monsterinsights_sitenote_note":"","_monsterinsights_sitenote_category":0,"_jetpack_memberships_contains_paid_content":false,"footnotes":""},"categories":[6,15],"tags":[],"class_list":["post-2610","post","type-post","status-publish","format-standard","has-post-thumbnail","hentry","category-handbolti","category-mfl-kvenna"],"jetpack_sharing_enabled":true,"jetpack_featured_media_url":"https:\/\/fram.is\/wp-content\/uploads\/2013\/01\/Fram-IBV-SJ-e1359117810824.jpg","_links":{"self":[{"href":"https:\/\/fram.is\/is\/wp-json\/wp\/v2\/posts\/2610","targetHints":{"allow":["GET"]}}],"collection":[{"href":"https:\/\/fram.is\/is\/wp-json\/wp\/v2\/posts"}],"about":[{"href":"https:\/\/fram.is\/is\/wp-json\/wp\/v2\/types\/post"}],"author":[{"embeddable":true,"href":"https:\/\/fram.is\/is\/wp-json\/wp\/v2\/users\/3"}],"replies":[{"embeddable":true,"href":"https:\/\/fram.is\/is\/wp-json\/wp\/v2\/comments?post=2610"}],"version-history":[{"count":0,"href":"https:\/\/fram.is\/is\/wp-json\/wp\/v2\/posts\/2610\/revisions"}],"wp:featuredmedia":[{"embeddable":true,"href":"https:\/\/fram.is\/is\/wp-json\/wp\/v2\/media\/1735"}],"wp:attachment":[{"href":"https:\/\/fram.is\/is\/wp-json\/wp\/v2\/media?parent=2610"}],"wp:term":[{"taxonomy":"category","embeddable":true,"href":"https:\/\/fram.is\/is\/wp-json\/wp\/v2\/categories?post=2610"},{"taxonomy":"post_tag","embeddable":true,"href":"https:\/\/fram.is\/is\/wp-json\/wp\/v2\/tags?post=2610"}],"curies":[{"name":"wp","href":"https:\/\/api.w.org\/{rel}","templated":true}]}}