{"id":26307,"date":"2021-05-31T09:32:14","date_gmt":"2021-05-31T09:32:14","guid":{"rendered":"https:\/\/fram.is\/?p=26307"},"modified":"2021-05-31T09:35:09","modified_gmt":"2021-05-31T09:35:09","slug":"stud-a-unglingalandsmoti-umfi-a-selfossi","status":"publish","type":"post","link":"https:\/\/fram.is\/is\/2021\/05\/31\/stud-a-unglingalandsmoti-umfi-a-selfossi\/","title":{"rendered":"Stu\u00f0 \u00e1 Unglingalandsm\u00f3ti UMF\u00cd \u00e1 Selfossi!"},"content":{"rendered":"<div data-elementor-type=\"wp-post\" data-elementor-id=\"26307\" class=\"elementor elementor-26307\" data-elementor-post-type=\"post\">\n\t\t\t\t<section class=\"elementor-section elementor-top-section elementor-element elementor-element-77700caf elementor-section-boxed elementor-section-height-default elementor-section-height-default\" data-id=\"77700caf\" data-element_type=\"section\">\n\t\t\t\t\t\t<div class=\"elementor-container elementor-column-gap-default\">\n\t\t\t\t\t<div class=\"elementor-column elementor-col-100 elementor-top-column elementor-element elementor-element-5872baf4\" data-id=\"5872baf4\" data-element_type=\"column\">\n\t\t\t<div class=\"elementor-widget-wrap elementor-element-populated\">\n\t\t\t\t\t\t<div class=\"elementor-element elementor-element-513af580 elementor-widget elementor-widget-text-editor\" data-id=\"513af580\" data-element_type=\"widget\" data-widget_type=\"text-editor.default\">\n\t\t\t\t<div class=\"elementor-widget-container\"><p><strong><img fetchpriority=\"high\" decoding=\"async\" class=\"size-medium wp-image-26310 alignright\" src=\"https:\/\/fram.is\/wp-content\/uploads\/2021\/05\/ULM_2020_banner_1920x1080_m_raudum_depli-300x169.jpg\" alt=\"\" width=\"300\" height=\"169\" srcset=\"https:\/\/fram.is\/wp-content\/uploads\/2021\/05\/ULM_2020_banner_1920x1080_m_raudum_depli-300x169.jpg 300w, https:\/\/fram.is\/wp-content\/uploads\/2021\/05\/ULM_2020_banner_1920x1080_m_raudum_depli-800x450.jpg 800w, https:\/\/fram.is\/wp-content\/uploads\/2021\/05\/ULM_2020_banner_1920x1080_m_raudum_depli-1024x576.jpg 1024w, https:\/\/fram.is\/wp-content\/uploads\/2021\/05\/ULM_2020_banner_1920x1080_m_raudum_depli-768x432.jpg 768w, https:\/\/fram.is\/wp-content\/uploads\/2021\/05\/ULM_2020_banner_1920x1080_m_raudum_depli-1536x864.jpg 1536w, https:\/\/fram.is\/wp-content\/uploads\/2021\/05\/ULM_2020_banner_1920x1080_m_raudum_depli.jpg 1920w\" sizes=\"(max-width: 300px) 100vw, 300px\" \/>Unglingalandsm\u00f3t UMF\u00cd ver\u00f0ur haldi\u00f0 \u00e1 Selfossi um verslunarmannahelgina 2021. M\u00f3ti\u00f0 hefur veri\u00f0 haldi\u00f0 fr\u00e1 \u00e1rinu 1992 og er st\u00f3rskemmtileg og l\u00edfleg \u00ed\u00fer\u00f3tta- og fj\u00f6lskylduh\u00e1t\u00ed\u00f0 \u00fear sem saman koma \u00fe\u00fasundir barna og ungmenna \u00e1samt fj\u00f6lskyldum s\u00ednum og taka \u00fe\u00e1tt \u00ed afar fj\u00f6lbreyttri dagskr\u00e1.<\/strong><\/p><p>Unglingalandsm\u00f3t UMF\u00cd er v\u00edmuefnalaus \u00ed\u00fer\u00f3tta- og fj\u00f6lskylduh\u00e1t\u00ed\u00f0 \u00fear sem b\u00f6rn og unglingar \u00e1 aldrinum 11 \u2013 18 \u00e1ra reyna me\u00f0 s\u00e9r \u00ed fj\u00f6lm\u00f6rgum \u00ed\u00fer\u00f3ttagreinum. \u00c1 sama t\u00edma er bo\u00f0i\u00f0 upp \u00e1 fj\u00f6lbreytta af\u00fereyingu, leiki og skemmtun fyrir alla fj\u00f6lskylduna, m\u00f6mmu og pabba og yngri systkinin og \u00fea\u00f0 kostar ekki kr\u00f3nu. \u00cd \u00e1r geta 19 \u00e1ra l\u00edka teki\u00f0 \u00fe\u00e1tt \u00fev\u00ed m\u00f3tinu \u00ed fyrra var fresta\u00f0.<\/p><p>Unglingalandsm\u00f3tin hafa hvarvetna vaki\u00f0 mikla athygli enda fr\u00e1b\u00e6rt fj\u00f6lskyldu- og vinafj\u00f6r \u00fear sem allir m\u00f3tsgestir f\u00e1 a\u00f0 pr\u00f3fa n\u00fdjar og forvitnilegar greinar. Vi\u00f0 hvetjum vinah\u00f3pa og fj\u00f6lskyldur til a\u00f0 fara saman \u00e1 m\u00f3ti\u00f0.<\/p><p>B\u00faist er vi\u00f0 gr\u00ed\u00f0arlegum fj\u00f6lda \u00fe\u00e1tttakenda \u00e1 \u00feessu \u00e1ri enda stutt af h\u00f6fu\u00f0borgarsv\u00e6\u00f0inu \u00e1 Selfoss.<\/p><p>Unglingalandsm\u00f3t UMF\u00cd 2021 fer fram 29. j\u00fal\u00ed &#8211; 1. \u00e1g\u00fast \u00e1 Selfossi. Skr\u00e1ningargjald er 7.900 kr.\u00a0Skr\u00e1ning hefst 1. j\u00fal\u00ed n\u00e6stkomandi.<\/p><p><strong>M\u00f3t fyrir alla fj\u00f6lskylduna<\/strong><\/p><p><img decoding=\"async\" class=\"size-full wp-image-26311 alignright\" src=\"https:\/\/fram.is\/wp-content\/uploads\/2021\/05\/banner_250x250-002.jpg\" alt=\"\" width=\"250\" height=\"250\" srcset=\"https:\/\/fram.is\/wp-content\/uploads\/2021\/05\/banner_250x250-002.jpg 250w, https:\/\/fram.is\/wp-content\/uploads\/2021\/05\/banner_250x250-002-100x100.jpg 100w, https:\/\/fram.is\/wp-content\/uploads\/2021\/05\/banner_250x250-002-150x150.jpg 150w\" sizes=\"(max-width: 250px) 100vw, 250px\" \/>\u00c1 Selfossi ver\u00f0ur bo\u00f0i\u00f0 upp \u00e1 24 st\u00f3rskemmtilegar greinar. \u00dear \u00e1 me\u00f0al eru knattspyrna, k\u00f6rfubolti og frj\u00e1lsar \u00ed\u00fer\u00f3ttir en l\u00edka a\u00f0rar n\u00fdlegri eins og strandhandbolta og standblak sem hafa slegi\u00f0 \u00ed gegn. L\u00edka er h\u00e6gt a\u00f0 skr\u00e1 sig \u00ed hlaupaskotfimi (biathlon), bogfimi, bor\u00f0tennis, golf og gl\u00edmu, k\u00f6kuskreytingar, raf\u00ed\u00fer\u00f3ttir og margar fleiri. Fatla\u00f0ir geta eins og \u00e1 fyrri m\u00f3tum teki\u00f0 \u00fe\u00e1tt \u00ed fj\u00f6lda greina.<\/p><p>\u00de\u00e1tttakendur grei\u00f0a eitt ver\u00f0 en geta skr\u00e1\u00f0 sig \u00ed eins margar greinar og \u00feau vilja. Inni \u00ed ver\u00f0inu er a\u00f0gangur a\u00f0 tjaldsv\u00e6\u00f0i en grei\u00f0a \u00fearf fyrir rafmagn.<\/p><p>\u00d6ll kv\u00f6ld ver\u00f0a t\u00f3nleikar me\u00f0 vins\u00e6lasta t\u00f3nlistarf\u00f3lki ungu kynsl\u00f3\u00f0arinnar \u00e1samt \u00fev\u00ed sem upprennandi t\u00f3nlistarf\u00f3lk og hlj\u00f3msveitir fr\u00e1 Su\u00f0urlandi st\u00edga \u00e1 stokk.<\/p><p>B\u00faist er vi\u00f0 \u00fe\u00fasund m\u00f3tsgesta \u00e1 Selfossi um verslunarmannahelgina og er veri\u00f0 a\u00f0 \u00fatb\u00faa risast\u00f3rt tjaldsv\u00e6\u00f0i vi\u00f0 Su\u00f0urh\u00f3la \u00ed \u00fatja\u00f0ri b\u00e6jarins fyrir \u00fe\u00e1tttakendur af \u00f6llu landinu. Sv\u00e6\u00f0i\u00f0 er \u00ed g\u00f6nguf\u00e6ri vi\u00f0 m\u00f3tssv\u00e6\u00f0i\u00f0. Til a\u00f0 skapa fr\u00e1b\u00e6ra stemningu og g\u00e6ta \u00f6ryggis \u00fe\u00e1tttakenda og m\u00f3tsgesta ver\u00f0ur \u00e1kve\u00f0num g\u00f6tum loka\u00f0 \u00ed kringum nokkra vi\u00f0bur\u00f0i \u00e1 Selfossi.<\/p><p><strong>Vefs\u00ed\u00f0a m\u00f3tsins er <\/strong><a href=\"http:\/\/www.ulm.is\" target=\"_blank\" rel=\"noopener\"><strong>www.ulm.is<\/strong><\/a><\/p><\/div>\n\t\t\t\t<\/div>\n\t\t\t\t\t<\/div>\n\t\t<\/div>\n\t\t\t\t\t<\/div>\n\t\t<\/section>\t\t<\/div>","protected":false},"excerpt":{"rendered":"<p>Unglingalandsm\u00f3t UMF\u00cd ver\u00f0ur haldi\u00f0 \u00e1 Selfossi um verslunarmannahelgina 2021. M\u00f3ti\u00f0 hefur veri\u00f0 haldi\u00f0 fr\u00e1 \u00e1rinu 1992 og er st\u00f3rskemmtileg og l\u00edfleg \u00ed\u00fer\u00f3tta- og fj\u00f6lskylduh\u00e1t\u00ed\u00f0 \u00fear sem saman koma \u00fe\u00fasundir barna [&hellip;]<\/p>","protected":false},"author":5,"featured_media":26308,"comment_status":"closed","ping_status":"closed","sticky":false,"template":"","format":"standard","meta":{"_monsterinsights_skip_tracking":false,"_monsterinsights_sitenote_active":false,"_monsterinsights_sitenote_note":"","_monsterinsights_sitenote_category":0,"_jetpack_memberships_contains_paid_content":false,"footnotes":""},"categories":[58,8],"tags":[],"class_list":["post-26307","post","type-post","status-publish","format-standard","has-post-thumbnail","hentry","category-felagid","category-adalstjorn"],"jetpack_sharing_enabled":true,"jetpack_featured_media_url":"https:\/\/fram.is\/wp-content\/uploads\/2021\/05\/ULM_2020_banner_1920x1080_m_raudum_depli-vefur.jpg","_links":{"self":[{"href":"https:\/\/fram.is\/is\/wp-json\/wp\/v2\/posts\/26307","targetHints":{"allow":["GET"]}}],"collection":[{"href":"https:\/\/fram.is\/is\/wp-json\/wp\/v2\/posts"}],"about":[{"href":"https:\/\/fram.is\/is\/wp-json\/wp\/v2\/types\/post"}],"author":[{"embeddable":true,"href":"https:\/\/fram.is\/is\/wp-json\/wp\/v2\/users\/5"}],"replies":[{"embeddable":true,"href":"https:\/\/fram.is\/is\/wp-json\/wp\/v2\/comments?post=26307"}],"version-history":[{"count":4,"href":"https:\/\/fram.is\/is\/wp-json\/wp\/v2\/posts\/26307\/revisions"}],"predecessor-version":[{"id":26314,"href":"https:\/\/fram.is\/is\/wp-json\/wp\/v2\/posts\/26307\/revisions\/26314"}],"wp:featuredmedia":[{"embeddable":true,"href":"https:\/\/fram.is\/is\/wp-json\/wp\/v2\/media\/26308"}],"wp:attachment":[{"href":"https:\/\/fram.is\/is\/wp-json\/wp\/v2\/media?parent=26307"}],"wp:term":[{"taxonomy":"category","embeddable":true,"href":"https:\/\/fram.is\/is\/wp-json\/wp\/v2\/categories?post=26307"},{"taxonomy":"post_tag","embeddable":true,"href":"https:\/\/fram.is\/is\/wp-json\/wp\/v2\/tags?post=26307"}],"curies":[{"name":"wp","href":"https:\/\/api.w.org\/{rel}","templated":true}]}}