{"id":26352,"date":"2021-06-01T23:38:36","date_gmt":"2021-06-01T23:38:36","guid":{"rendered":"https:\/\/fram.is\/?p=26352"},"modified":"2021-06-01T23:40:57","modified_gmt":"2021-06-01T23:40:57","slug":"fjorir-fra-fram-i-aefingahopi-islands-u15-2","status":"publish","type":"post","link":"https:\/\/fram.is\/is\/2021\/06\/01\/fjorir-fra-fram-i-aefingahopi-islands-u15-2\/","title":{"rendered":"Fj\u00f3rir fr\u00e1 Fram \u00ed \u00e6fingah\u00f3pi \u00cdslands U15"},"content":{"rendered":"<div data-elementor-type=\"wp-post\" data-elementor-id=\"26352\" class=\"elementor elementor-26352\" data-elementor-post-type=\"post\">\n\t\t\t\t<section class=\"elementor-section elementor-top-section elementor-element elementor-element-6d06e677 elementor-section-boxed elementor-section-height-default elementor-section-height-default\" data-id=\"6d06e677\" data-element_type=\"section\">\n\t\t\t\t\t\t<div class=\"elementor-container elementor-column-gap-default\">\n\t\t\t\t\t<div class=\"elementor-column elementor-col-100 elementor-top-column elementor-element elementor-element-2a30879\" data-id=\"2a30879\" data-element_type=\"column\">\n\t\t\t<div class=\"elementor-widget-wrap elementor-element-populated\">\n\t\t\t\t\t\t<div class=\"elementor-element elementor-element-f1b815d elementor-widget elementor-widget-text-editor\" data-id=\"f1b815d\" data-element_type=\"widget\" data-widget_type=\"text-editor.default\">\n\t\t\t\t<div class=\"elementor-widget-container\"><p><img fetchpriority=\"high\" decoding=\"async\" class=\"size-medium wp-image-24900 alignright\" src=\"https:\/\/fram.is\/wp-content\/uploads\/2021\/01\/U15-karla-feb.-2021.-300x261.jpg\" alt=\"\" width=\"300\" height=\"261\" srcset=\"https:\/\/fram.is\/wp-content\/uploads\/2021\/01\/U15-karla-feb.-2021.-300x261.jpg 300w, https:\/\/fram.is\/wp-content\/uploads\/2021\/01\/U15-karla-feb.-2021.-800x695.jpg 800w, https:\/\/fram.is\/wp-content\/uploads\/2021\/01\/U15-karla-feb.-2021.-768x668.jpg 768w, https:\/\/fram.is\/wp-content\/uploads\/2021\/01\/U15-karla-feb.-2021..jpg 956w\" sizes=\"(max-width: 300px) 100vw, 300px\" \/>L\u00fa\u00f0v\u00edk Gunnarsson landsli\u00f0s \u00fej\u00e1lfari \u00cdslands U15 karla hefur vali\u00f0 h\u00f3p drengja sem kemur saman til \u00e6finga 14. \u2013 17. J\u00fan\u00ed, n\u00e6stkomandi.\u00a0<br \/><br \/>Vi\u00f0 Framarar eru stoltir af \u00fev\u00ed a\u00f0 eiga fj\u00f3ra leikmenn \u00ed \u00feessu \u00fartaksh\u00f3pi KS\u00cd en \u00feeir sem voru valdir fr\u00e1 Fram a\u00f0 \u00feessu sinni eru:<\/p><p>Breki Baldursson \u00a0\u00a0\u00a0\u00a0\u00a0\u00a0\u00a0\u00a0\u00a0\u00a0\u00a0\u00a0\u00a0\u00a0\u00a0\u00a0\u00a0\u00a0\u00a0\u00a0\u00a0\u00a0\u00a0\u00a0\u00a0\u00a0\u00a0\u00a0\u00a0 Fram<br \/>Hei\u00f0ar Dav\u00ed\u00f0 Wahtne\u00a0\u00a0\u00a0\u00a0\u00a0\u00a0\u00a0\u00a0\u00a0\u00a0\u00a0\u00a0\u00a0\u00a0\u00a0\u00a0\u00a0\u00a0\u00a0\u00a0 Fram<br \/>\u00deorri Stef\u00e1n \u00deorbj\u00f6rnsson \u00a0\u00a0\u00a0\u00a0\u00a0\u00a0\u00a0\u00a0\u00a0\u00a0 Fram<br \/>\u00deorsteinn \u00d6rn Kjartansson \u00a0\u00a0\u00a0\u00a0\u00a0\u00a0\u00a0\u00a0\u00a0 Fram<\/p><p>Gangi ykkur vel.<\/p><p>\u00c1FRAM FRAM<\/p><\/div>\n\t\t\t\t<\/div>\n\t\t\t\t\t<\/div>\n\t\t<\/div>\n\t\t\t\t\t<\/div>\n\t\t<\/section>\t\t<\/div>","protected":false},"excerpt":{"rendered":"<p>L\u00fa\u00f0v\u00edk Gunnarsson landsli\u00f0s \u00fej\u00e1lfari \u00cdslands U15 karla hefur vali\u00f0 h\u00f3p drengja sem kemur saman til \u00e6finga 14. \u2013 17. J\u00fan\u00ed, n\u00e6stkomandi.\u00a0 Vi\u00f0 Framarar eru stoltir af \u00fev\u00ed a\u00f0 eiga fj\u00f3ra [&hellip;]<\/p>","protected":false},"author":5,"featured_media":24900,"comment_status":"closed","ping_status":"closed","sticky":false,"template":"","format":"standard","meta":{"_monsterinsights_skip_tracking":false,"_monsterinsights_sitenote_active":false,"_monsterinsights_sitenote_note":"","_monsterinsights_sitenote_category":0,"_jetpack_memberships_contains_paid_content":false,"footnotes":""},"categories":[9,13],"tags":[],"class_list":["post-26352","post","type-post","status-publish","format-standard","has-post-thumbnail","hentry","category-fotbolti","category-yngriflokkar"],"jetpack_sharing_enabled":true,"jetpack_featured_media_url":"https:\/\/fram.is\/wp-content\/uploads\/2021\/01\/U15-karla-feb.-2021..jpg","_links":{"self":[{"href":"https:\/\/fram.is\/is\/wp-json\/wp\/v2\/posts\/26352","targetHints":{"allow":["GET"]}}],"collection":[{"href":"https:\/\/fram.is\/is\/wp-json\/wp\/v2\/posts"}],"about":[{"href":"https:\/\/fram.is\/is\/wp-json\/wp\/v2\/types\/post"}],"author":[{"embeddable":true,"href":"https:\/\/fram.is\/is\/wp-json\/wp\/v2\/users\/5"}],"replies":[{"embeddable":true,"href":"https:\/\/fram.is\/is\/wp-json\/wp\/v2\/comments?post=26352"}],"version-history":[{"count":4,"href":"https:\/\/fram.is\/is\/wp-json\/wp\/v2\/posts\/26352\/revisions"}],"predecessor-version":[{"id":26356,"href":"https:\/\/fram.is\/is\/wp-json\/wp\/v2\/posts\/26352\/revisions\/26356"}],"wp:featuredmedia":[{"embeddable":true,"href":"https:\/\/fram.is\/is\/wp-json\/wp\/v2\/media\/24900"}],"wp:attachment":[{"href":"https:\/\/fram.is\/is\/wp-json\/wp\/v2\/media?parent=26352"}],"wp:term":[{"taxonomy":"category","embeddable":true,"href":"https:\/\/fram.is\/is\/wp-json\/wp\/v2\/categories?post=26352"},{"taxonomy":"post_tag","embeddable":true,"href":"https:\/\/fram.is\/is\/wp-json\/wp\/v2\/tags?post=26352"}],"curies":[{"name":"wp","href":"https:\/\/api.w.org\/{rel}","templated":true}]}}