{"id":2639,"date":"2013-04-09T18:15:31","date_gmt":"2013-04-09T18:15:31","guid":{"rendered":"http:\/\/fram.is\/?p=2639"},"modified":"2013-04-09T18:15:31","modified_gmt":"2013-04-09T18:15:31","slug":"gudlaugur-arnarsson-radinn-thjalfari-fram","status":"publish","type":"post","link":"https:\/\/fram.is\/is\/2013\/04\/09\/gudlaugur-arnarsson-radinn-thjalfari-fram\/","title":{"rendered":"Gu\u00f0laugur Arnarsson r\u00e1\u00f0inn \u00fej\u00e1lfari FRAM"},"content":{"rendered":"<p><a href=\"http:\/\/fram.is\/wp-content\/uploads\/2013\/04\/IMG_0202.jpg\"><img fetchpriority=\"high\" decoding=\"async\" class=\"alignright size-medium wp-image-2641\" alt=\"IMG_0202\" src=\"http:\/\/fram.is\/wp-content\/uploads\/2013\/04\/IMG_0202-300x193.jpg\" width=\"300\" height=\"193\" \/><\/a>Gu\u00f0laugur Arnarsson hefur veri\u00f0 r\u00e1\u00f0inn \u00fej\u00e1lfari meistaraflokks FRAM \u00ed handknattleik karla og tekur hann vi\u00f0 li\u00f0inu af Einari J\u00f3nssyni \u00ed lok yfirstandandi leikt\u00ed\u00f0ar.\u00a0 Gu\u00f0laugur, sem h\u00f3f handknattleiksferilinn hj\u00e1 FRAM \u00e1 s\u00ednum t\u00edma, hefur undanfarin \u00e1r leiki\u00f0 me\u00f0 Akureyri vi\u00f0 g\u00f3\u00f0an or\u00f0st\u00edr.\u00a0 Samningur hans vi\u00f0 FRAM er til tveggja \u00e1ra.<\/p>\n<p>Gu\u00f0laugur, sem ver\u00f0ur 35 \u00e1ra s\u00ed\u00f0ar \u00e1 \u00feessu \u00e1ri, lag\u00f0i sk\u00f3na \u00e1 hilluna \u00ed lok s\u00ed\u00f0ustu leikt\u00ed\u00f0ar, en kom engu a\u00f0 s\u00ed\u00f0ur vi\u00f0 s\u00f6gu \u00ed nokkrum leikja Akureyrar \u00e1 \u00feessari leikt\u00ed\u00f0.\u00a0 Hann h\u00f3f ferilinn eins og \u00e1\u00f0ur segir hj\u00e1 FRAM og l\u00e9k me\u00f0 li\u00f0inu um sj\u00f6 \u00e1ra skei\u00f0 \u00e1\u00f0ur en hann s\u00f6\u00f0la\u00f0i um og gekk til li\u00f0s vi\u00f0 Fylki.\u00a0 Gu\u00f0laugur l\u00e9k einnig me\u00f0 Gummersbach, HK Malm\u00f6 og FCK \u00ed Kaupmannah\u00f6fn \u00e1\u00f0ur en hann gekk til li\u00f0s vi\u00f0 Akureyringa.\u00a0 Hann er fyrst og s\u00ed\u00f0ast \u00feekktur fyrir f\u00e6rni s\u00edna sem varnarma\u00f0ur, \u00f3drepandi bar\u00e1ttuvilja og lei\u00f0togah\u00e6fileika.<\/p>\n<p><a href=\"http:\/\/fram.is\/wp-content\/uploads\/2013\/04\/IMG_0192.jpg\"><img decoding=\"async\" class=\"alignright size-medium wp-image-2640\" alt=\"IMG_0192\" src=\"http:\/\/fram.is\/wp-content\/uploads\/2013\/04\/IMG_0192-300x172.jpg\" width=\"300\" height=\"172\" srcset=\"https:\/\/fram.is\/wp-content\/uploads\/2013\/04\/IMG_0192-300x172.jpg 300w, https:\/\/fram.is\/wp-content\/uploads\/2013\/04\/IMG_0192-scaled-800x460.jpg 800w, https:\/\/fram.is\/wp-content\/uploads\/2013\/04\/IMG_0192-1024x588.jpg 1024w, https:\/\/fram.is\/wp-content\/uploads\/2013\/04\/IMG_0192-768x441.jpg 768w, https:\/\/fram.is\/wp-content\/uploads\/2013\/04\/IMG_0192-1536x882.jpg 1536w, https:\/\/fram.is\/wp-content\/uploads\/2013\/04\/IMG_0192-2048x1176.jpg 2048w\" sizes=\"(max-width: 300px) 100vw, 300px\" \/><\/a>Gu\u00f0laugur hefur sinnt \u00fej\u00e1lfun um \u00e1rabil, \u00fej\u00e1lfa\u00f0i m.a. yngri flokka hj\u00e1 FRAM \u00e1 s\u00ednum t\u00edma, st\u00fdr\u00f0i li\u00f0i KA\/\u00de\u00f3rs \u00ed N1-deild kvenna \u00e1 s\u00ed\u00f0ustu leikt\u00ed\u00f0 og hefur haldi\u00f0 um taumana hj\u00e1 2.flokks li\u00f0i Akureyrar \u00e1 \u00feessari leikt\u00ed\u00f0.<\/p>\n<p>Handknattleiksdeild FRAM b\u00fd\u00f0ur Gu\u00f0laug velkominn heim \u00ed Safam\u00fdrina.<\/p>","protected":false},"excerpt":{"rendered":"<p>Gu\u00f0laugur Arnarsson hefur veri\u00f0 r\u00e1\u00f0inn \u00fej\u00e1lfari meistaraflokks FRAM \u00ed handknattleik karla og tekur hann vi\u00f0 li\u00f0inu af Einari J\u00f3nssyni \u00ed lok yfirstandandi leikt\u00ed\u00f0ar.\u00a0 Gu\u00f0laugur, sem h\u00f3f handknattleiksferilinn hj\u00e1 FRAM \u00e1 [&hellip;]<\/p>","protected":false},"author":3,"featured_media":2642,"comment_status":"open","ping_status":"open","sticky":false,"template":"","format":"standard","meta":{"_monsterinsights_skip_tracking":false,"_monsterinsights_sitenote_active":false,"_monsterinsights_sitenote_note":"","_monsterinsights_sitenote_category":0,"_jetpack_memberships_contains_paid_content":false,"footnotes":""},"categories":[6,19],"tags":[],"class_list":["post-2639","post","type-post","status-publish","format-standard","has-post-thumbnail","hentry","category-handbolti","category-mfl-karla"],"jetpack_sharing_enabled":true,"jetpack_featured_media_url":"https:\/\/fram.is\/wp-content\/uploads\/2013\/04\/IMG_0202fors-scaled.jpg","_links":{"self":[{"href":"https:\/\/fram.is\/is\/wp-json\/wp\/v2\/posts\/2639","targetHints":{"allow":["GET"]}}],"collection":[{"href":"https:\/\/fram.is\/is\/wp-json\/wp\/v2\/posts"}],"about":[{"href":"https:\/\/fram.is\/is\/wp-json\/wp\/v2\/types\/post"}],"author":[{"embeddable":true,"href":"https:\/\/fram.is\/is\/wp-json\/wp\/v2\/users\/3"}],"replies":[{"embeddable":true,"href":"https:\/\/fram.is\/is\/wp-json\/wp\/v2\/comments?post=2639"}],"version-history":[{"count":0,"href":"https:\/\/fram.is\/is\/wp-json\/wp\/v2\/posts\/2639\/revisions"}],"wp:featuredmedia":[{"embeddable":true,"href":"https:\/\/fram.is\/is\/wp-json\/wp\/v2\/media\/2642"}],"wp:attachment":[{"href":"https:\/\/fram.is\/is\/wp-json\/wp\/v2\/media?parent=2639"}],"wp:term":[{"taxonomy":"category","embeddable":true,"href":"https:\/\/fram.is\/is\/wp-json\/wp\/v2\/categories?post=2639"},{"taxonomy":"post_tag","embeddable":true,"href":"https:\/\/fram.is\/is\/wp-json\/wp\/v2\/tags?post=2639"}],"curies":[{"name":"wp","href":"https:\/\/api.w.org\/{rel}","templated":true}]}}