{"id":26870,"date":"2021-07-31T09:57:35","date_gmt":"2021-07-31T09:57:35","guid":{"rendered":"https:\/\/fram.is\/?p=26870"},"modified":"2021-07-31T10:02:11","modified_gmt":"2021-07-31T10:02:11","slug":"framarar-valdir-i-landslidsverkefni","status":"publish","type":"post","link":"https:\/\/fram.is\/is\/2021\/07\/31\/framarar-valdir-i-landslidsverkefni\/","title":{"rendered":"Framarar valdir \u00ed landsli\u00f0sverkefni!"},"content":{"rendered":"<div data-elementor-type=\"wp-post\" data-elementor-id=\"26870\" class=\"elementor elementor-26870\" data-elementor-post-type=\"post\">\n\t\t\t\t\t\t<section class=\"elementor-section elementor-top-section elementor-element elementor-element-b04afae elementor-section-boxed elementor-section-height-default elementor-section-height-default\" data-id=\"b04afae\" data-element_type=\"section\">\n\t\t\t\t\t\t<div class=\"elementor-container elementor-column-gap-default\">\n\t\t\t\t\t<div class=\"elementor-column elementor-col-100 elementor-top-column elementor-element elementor-element-4783673\" data-id=\"4783673\" data-element_type=\"column\">\n\t\t\t<div class=\"elementor-widget-wrap elementor-element-populated\">\n\t\t\t\t\t\t<div class=\"elementor-element elementor-element-7411230 elementor-widget elementor-widget-text-editor\" data-id=\"7411230\" data-element_type=\"widget\" data-widget_type=\"text-editor.default\">\n\t\t\t\t<div class=\"elementor-widget-container\">\n\t\t\t\t\t\t\t\t\t<p>\u00dej\u00e1lfarar yngri landsli\u00f0a HS\u00cd hafa vali\u00f0 s\u00edna h\u00f3pa fyrir s\u00edn li\u00f0 en \u00e1\u00e6tla\u00f0 er a\u00f0 li\u00f0in \u00e6fi \u00e1 h\u00f6fu\u00f0borgarsv\u00e6\u00f0inu 6. \u2013 8. \u00e1g\u00fast. Vi\u00f0 Framarar eigum nokkra flotta einstaklinga \u00ed \u00feessum h\u00f3pum!<br \/><br \/><strong>u-14 kk:<\/strong><br \/>Max Emil Stenlund<\/p><p><strong>u-15 kk:<\/strong><br \/>Mark\u00fas P\u00e1ll Ellertsson<br \/><br \/><strong>u-15 kvk:<\/strong><br \/>Bergd\u00eds Sveinsd\u00f3ttir<br \/>Dagmar Gu\u00f0r\u00fan P\u00e1lsd\u00f3tti<br \/>Embla Gu\u00f0n\u00fd J\u00f3nsd\u00f3ttir<br \/>Ingibj\u00f6rg Eva Baldvinsd\u00f3ttir<br \/>Sara R\u00fan G\u00edslad\u00f3ttir<br \/><br \/><strong>u-17 kk:<\/strong><br \/>Breki Hrafn \u00c1rnason<br \/>Ei\u00f0ur Rafn Valsson<br \/>Kjartan \u00de\u00f3r J\u00fal\u00edusson<br \/>Reynir \u00de\u00f3r Stef\u00e1nsson<br \/>Tindur Ing\u00f3lfsson<br \/><br \/><\/p><p>U-19 karla og U-17 kvenna hafa \u00feegar hafi\u00f0 \u00e6fingar en \u00feau halda \u00e1 EM \u00ed \u00e1g\u00fast. U-19 \u00e1ra landsli\u00f0 kvenna t\u00f3k \u00fe\u00e1tt \u00e1 EM \u00ed j\u00fal\u00ed og mun \u00fev\u00ed ekki \u00e6fa a\u00f0 \u00feessu sinni.<\/p><p>Allar \u00e6fingarar fara fram \u00e1 h\u00f6fu\u00f0borgarsv\u00e6\u00f0inu en \u00e6fingat\u00edmar ver\u00f0a augl\u00fdstir \u00ed byrjun n\u00e6stu viku.<\/p><p>N\u00e1nari uppl\u00fdsingar veita \u00fej\u00e1lfarar li\u00f0anna.<\/p><p>H\u00f3pana m\u00e1 sj\u00e1 \u00ed vi\u00f0hengi og \u00ed fr\u00e9tt \u00e1 heimas\u00ed\u00f0u HS\u00cd.<\/p><p><a href=\"https:\/\/www.hsi.is\/yngri-landslid-aefingar-6-8-agust\/\" target=\"_blank\" rel=\"noopener\">https:\/\/www.hsi.is\/yngri-landslid-aefingar-6-8-agust\/<\/a><\/p>\t\t\t\t\t\t\t\t<\/div>\n\t\t\t\t<\/div>\n\t\t\t\t\t<\/div>\n\t\t<\/div>\n\t\t\t\t\t<\/div>\n\t\t<\/section>\n\t\t\t\t<\/div>","protected":false},"excerpt":{"rendered":"<p>\u00dej\u00e1lfarar yngri landsli\u00f0a HS\u00cd hafa vali\u00f0 s\u00edna h\u00f3pa fyrir s\u00edn li\u00f0 en \u00e1\u00e6tla\u00f0 er a\u00f0 li\u00f0in \u00e6fi \u00e1 h\u00f6fu\u00f0borgarsv\u00e6\u00f0inu 6. \u2013 8. \u00e1g\u00fast. Vi\u00f0 Framarar eigum nokkra flotta einstaklinga \u00ed [&hellip;]<\/p>","protected":false},"author":7,"featured_media":26872,"comment_status":"closed","ping_status":"closed","sticky":false,"template":"","format":"standard","meta":{"_monsterinsights_skip_tracking":false,"_monsterinsights_sitenote_active":false,"_monsterinsights_sitenote_note":"","_monsterinsights_sitenote_category":0,"_jetpack_memberships_contains_paid_content":false,"footnotes":""},"categories":[6],"tags":[],"class_list":["post-26870","post","type-post","status-publish","format-standard","has-post-thumbnail","hentry","category-handbolti"],"jetpack_sharing_enabled":true,"jetpack_featured_media_url":"https:\/\/fram.is\/wp-content\/uploads\/2021\/07\/Fyrir-heimasidu.png","_links":{"self":[{"href":"https:\/\/fram.is\/is\/wp-json\/wp\/v2\/posts\/26870","targetHints":{"allow":["GET"]}}],"collection":[{"href":"https:\/\/fram.is\/is\/wp-json\/wp\/v2\/posts"}],"about":[{"href":"https:\/\/fram.is\/is\/wp-json\/wp\/v2\/types\/post"}],"author":[{"embeddable":true,"href":"https:\/\/fram.is\/is\/wp-json\/wp\/v2\/users\/7"}],"replies":[{"embeddable":true,"href":"https:\/\/fram.is\/is\/wp-json\/wp\/v2\/comments?post=26870"}],"version-history":[{"count":4,"href":"https:\/\/fram.is\/is\/wp-json\/wp\/v2\/posts\/26870\/revisions"}],"predecessor-version":[{"id":26875,"href":"https:\/\/fram.is\/is\/wp-json\/wp\/v2\/posts\/26870\/revisions\/26875"}],"wp:featuredmedia":[{"embeddable":true,"href":"https:\/\/fram.is\/is\/wp-json\/wp\/v2\/media\/26872"}],"wp:attachment":[{"href":"https:\/\/fram.is\/is\/wp-json\/wp\/v2\/media?parent=26870"}],"wp:term":[{"taxonomy":"category","embeddable":true,"href":"https:\/\/fram.is\/is\/wp-json\/wp\/v2\/categories?post=26870"},{"taxonomy":"post_tag","embeddable":true,"href":"https:\/\/fram.is\/is\/wp-json\/wp\/v2\/tags?post=26870"}],"curies":[{"name":"wp","href":"https:\/\/api.w.org\/{rel}","templated":true}]}}