{"id":27007,"date":"2021-08-13T22:14:29","date_gmt":"2021-08-13T22:14:29","guid":{"rendered":"https:\/\/fram.is\/?p=27007"},"modified":"2021-08-13T22:14:29","modified_gmt":"2021-08-13T22:14:29","slug":"god-stemning-i-copa-america-skolanum","status":"publish","type":"post","link":"https:\/\/fram.is\/is\/2021\/08\/13\/god-stemning-i-copa-america-skolanum\/","title":{"rendered":"G\u00f3\u00f0 stemning \u00ed Copa America sk\u00f3lanum"},"content":{"rendered":"<p>\u00cd dag lauk fyrri vikunni af tveimur \u00ed Copa America knattspyrnusk\u00f3la knattspyrnudeildar Fram. \u00dej\u00e1lfarar sk\u00f3lans eru leikmenn meistaraflokka Fram \u00e1samt yngri flokka \u00fej\u00e1lfurum f\u00e9lagsins.  \u00c1 myndinni m\u00e1 sj\u00e1 k\u00e1ta f\u00f3tboltakrakka \u00e1samt \u00fej\u00e1lfurum s\u00ednum en \u00ed vikunni hefur veri\u00f0 r\u00edkjandi g\u00f3\u00f0 stemning og g\u00f3\u00f0ur andi me\u00f0al \u00feessara fyrirmyndar Framara.<\/p><p>\u00cd n\u00e6stu viku ver\u00f0ur knattspyrnusk\u00f3linn aftur \u00e1 dagskr\u00e1 eftir h\u00e1degi \u00e1samt \u00datil\u00edfssk\u00f3la fyrir h\u00e1degi.  Enn eru laus pl\u00e1ss og hvetjum vi\u00f0 \u00fe\u00e1 sem ekki hafa skr\u00e1\u00f0 s\u00edn b\u00f6rn a\u00f0 gera \u00fea\u00f0 sem fyrst \u2013 fyrstur kemur fyrstur f\u00e6r!  Allar n\u00e1nari uppl\u00fdsingar m\u00e1 finna h\u00e9r <a href=\"https:\/\/fram.is\/is\/sumarskoli-ulfarsardal\/\">https:\/\/fram.is\/sumarskoli-ulfarsardal\/<\/a> og skr\u00e1ning fer fram \u00ed gegnum Sportabler \u00e1 sl\u00f3\u00f0inni <a href=\"https:\/\/www.sportabler.com\/shop\/fram\/\" target=\"_blank\" rel=\"noopener\">https:\/\/www.sportabler.com\/shop\/fram\/<\/a><\/p>","protected":false},"excerpt":{"rendered":"<p>\u00cd dag lauk fyrri vikunni af tveimur \u00ed Copa America knattspyrnusk\u00f3la knattspyrnudeildar Fram. \u00dej\u00e1lfarar sk\u00f3lans eru leikmenn meistaraflokka Fram \u00e1samt yngri flokka \u00fej\u00e1lfurum f\u00e9lagsins. \u00c1 myndinni m\u00e1 sj\u00e1 k\u00e1ta f\u00f3tboltakrakka [&hellip;]<\/p>","protected":false},"author":5,"featured_media":27008,"comment_status":"closed","ping_status":"closed","sticky":false,"template":"","format":"standard","meta":{"_monsterinsights_skip_tracking":false,"_monsterinsights_sitenote_active":false,"_monsterinsights_sitenote_note":"","_monsterinsights_sitenote_category":0,"_jetpack_memberships_contains_paid_content":false,"footnotes":""},"categories":[13,9],"tags":[],"class_list":["post-27007","post","type-post","status-publish","format-standard","has-post-thumbnail","hentry","category-yngriflokkar","category-fotbolti"],"jetpack_sharing_enabled":true,"jetpack_featured_media_url":"https:\/\/fram.is\/wp-content\/uploads\/2021\/08\/Copa-2021.jpg","_links":{"self":[{"href":"https:\/\/fram.is\/is\/wp-json\/wp\/v2\/posts\/27007","targetHints":{"allow":["GET"]}}],"collection":[{"href":"https:\/\/fram.is\/is\/wp-json\/wp\/v2\/posts"}],"about":[{"href":"https:\/\/fram.is\/is\/wp-json\/wp\/v2\/types\/post"}],"author":[{"embeddable":true,"href":"https:\/\/fram.is\/is\/wp-json\/wp\/v2\/users\/5"}],"replies":[{"embeddable":true,"href":"https:\/\/fram.is\/is\/wp-json\/wp\/v2\/comments?post=27007"}],"version-history":[{"count":1,"href":"https:\/\/fram.is\/is\/wp-json\/wp\/v2\/posts\/27007\/revisions"}],"predecessor-version":[{"id":27009,"href":"https:\/\/fram.is\/is\/wp-json\/wp\/v2\/posts\/27007\/revisions\/27009"}],"wp:featuredmedia":[{"embeddable":true,"href":"https:\/\/fram.is\/is\/wp-json\/wp\/v2\/media\/27008"}],"wp:attachment":[{"href":"https:\/\/fram.is\/is\/wp-json\/wp\/v2\/media?parent=27007"}],"wp:term":[{"taxonomy":"category","embeddable":true,"href":"https:\/\/fram.is\/is\/wp-json\/wp\/v2\/categories?post=27007"},{"taxonomy":"post_tag","embeddable":true,"href":"https:\/\/fram.is\/is\/wp-json\/wp\/v2\/tags?post=27007"}],"curies":[{"name":"wp","href":"https:\/\/api.w.org\/{rel}","templated":true}]}}