{"id":27019,"date":"2021-08-16T09:52:12","date_gmt":"2021-08-16T09:52:12","guid":{"rendered":"https:\/\/fram.is\/?p=27019"},"modified":"2021-08-16T09:58:30","modified_gmt":"2021-08-16T09:58:30","slug":"andri-mar-til-tvb-stuttgart","status":"publish","type":"post","link":"https:\/\/fram.is\/is\/2021\/08\/16\/andri-mar-til-tvb-stuttgart\/","title":{"rendered":"Andri M\u00e1r til TVB Stuttgart"},"content":{"rendered":"<div data-elementor-type=\"wp-post\" data-elementor-id=\"27019\" class=\"elementor elementor-27019\" data-elementor-post-type=\"post\">\n\t\t\t\t\t\t<section class=\"elementor-section elementor-top-section elementor-element elementor-element-1c6b42f elementor-section-boxed elementor-section-height-default elementor-section-height-default\" data-id=\"1c6b42f\" data-element_type=\"section\">\n\t\t\t\t\t\t<div class=\"elementor-container elementor-column-gap-default\">\n\t\t\t\t\t<div class=\"elementor-column elementor-col-100 elementor-top-column elementor-element elementor-element-ece54c3\" data-id=\"ece54c3\" data-element_type=\"column\">\n\t\t\t<div class=\"elementor-widget-wrap elementor-element-populated\">\n\t\t\t\t\t\t<div class=\"elementor-element elementor-element-1c1f89d elementor-widget elementor-widget-text-editor\" data-id=\"1c1f89d\" data-element_type=\"widget\" data-widget_type=\"text-editor.default\">\n\t\t\t\t<div class=\"elementor-widget-container\">\n\t\t\t\t\t\t\t\t\t<p>Andri M\u00e1r R\u00fanarsson skrifa\u00f0i n\u00fa um helgina undir atvinnumannasamning vi\u00f0 bundisligu li\u00f0i\u00f0 TVB Stuttgart til \u00e1rsins 2025.<br \/><br \/>Andri reyndist okkur vel seinasta vetur og skor\u00f0i 100 m\u00f6rk \u00ed deildinni. \u00deetta er \u00fev\u00ed mikil bl\u00f3\u00f0taka fyrir FRAM, \u00fear sem komandi t\u00edmabil er a\u00f0 hefjast. A\u00f0 sama skapi samgle\u00f0jumst vi\u00f0 Andra. Vi\u00f0 viljum sj\u00e1 unga og efnilega leikmenn fara fr\u00e1 FRAM \u00ed atvinnumennskuna. Vonandi sj\u00e1um vi\u00f0 hann aftur \u00ed bl\u00e1u einn daginn.<br \/><br \/>Handknattleiksdeild FRAM \u00feakkar Andra fyrir sitt framlag og \u00f3skar honum velfarna\u00f0ar \u00e1 n\u00fdjum vettvangi\u00a0<\/p>\t\t\t\t\t\t\t\t<\/div>\n\t\t\t\t<\/div>\n\t\t\t\t\t<\/div>\n\t\t<\/div>\n\t\t\t\t\t<\/div>\n\t\t<\/section>\n\t\t\t\t<section class=\"elementor-section elementor-top-section elementor-element elementor-element-72bd4b0 elementor-section-boxed elementor-section-height-default elementor-section-height-default\" data-id=\"72bd4b0\" data-element_type=\"section\">\n\t\t\t\t\t\t<div class=\"elementor-container elementor-column-gap-default\">\n\t\t\t\t\t<div class=\"elementor-column elementor-col-100 elementor-top-column elementor-element elementor-element-e7e5b11\" data-id=\"e7e5b11\" data-element_type=\"column\">\n\t\t\t<div class=\"elementor-widget-wrap elementor-element-populated\">\n\t\t\t\t\t\t<div class=\"elementor-element elementor-element-bec6145 elementor-widget elementor-widget-image\" data-id=\"bec6145\" data-element_type=\"widget\" data-widget_type=\"image.default\">\n\t\t\t\t<div class=\"elementor-widget-container\">\n\t\t\t\t\t\t\t\t\t\t\t\t\t\t\t<img fetchpriority=\"high\" decoding=\"async\" width=\"800\" height=\"640\" src=\"https:\/\/fram.is\/wp-content\/uploads\/2021\/08\/Leikmenn-KK-Profile-myndir-1024x819.png\" class=\"attachment-large size-large wp-image-27021\" alt=\"\" srcset=\"https:\/\/fram.is\/wp-content\/uploads\/2021\/08\/Leikmenn-KK-Profile-myndir-1024x819.png 1024w, https:\/\/fram.is\/wp-content\/uploads\/2021\/08\/Leikmenn-KK-Profile-myndir-800x640.png 800w, https:\/\/fram.is\/wp-content\/uploads\/2021\/08\/Leikmenn-KK-Profile-myndir-300x240.png 300w, https:\/\/fram.is\/wp-content\/uploads\/2021\/08\/Leikmenn-KK-Profile-myndir-768x614.png 768w, https:\/\/fram.is\/wp-content\/uploads\/2021\/08\/Leikmenn-KK-Profile-myndir-1536x1229.png 1536w, https:\/\/fram.is\/wp-content\/uploads\/2021\/08\/Leikmenn-KK-Profile-myndir.png 2000w\" sizes=\"(max-width: 800px) 100vw, 800px\" \/>\t\t\t\t\t\t\t\t\t\t\t\t\t\t\t<\/div>\n\t\t\t\t<\/div>\n\t\t\t\t\t<\/div>\n\t\t<\/div>\n\t\t\t\t\t<\/div>\n\t\t<\/section>\n\t\t\t\t<\/div>","protected":false},"excerpt":{"rendered":"<p>Andri M\u00e1r R\u00fanarsson skrifa\u00f0i n\u00fa um helgina undir atvinnumannasamning vi\u00f0 bundisligu li\u00f0i\u00f0 TVB Stuttgart til \u00e1rsins 2025. Andri reyndist okkur vel seinasta vetur og skor\u00f0i 100 m\u00f6rk \u00ed deildinni. \u00deetta [&hellip;]<\/p>","protected":false},"author":7,"featured_media":27021,"comment_status":"closed","ping_status":"closed","sticky":false,"template":"","format":"standard","meta":{"_monsterinsights_skip_tracking":false,"_monsterinsights_sitenote_active":false,"_monsterinsights_sitenote_note":"","_monsterinsights_sitenote_category":0,"_jetpack_memberships_contains_paid_content":false,"footnotes":""},"categories":[6],"tags":[],"class_list":["post-27019","post","type-post","status-publish","format-standard","has-post-thumbnail","hentry","category-handbolti"],"jetpack_sharing_enabled":true,"jetpack_featured_media_url":"https:\/\/fram.is\/wp-content\/uploads\/2021\/08\/Leikmenn-KK-Profile-myndir.png","_links":{"self":[{"href":"https:\/\/fram.is\/is\/wp-json\/wp\/v2\/posts\/27019","targetHints":{"allow":["GET"]}}],"collection":[{"href":"https:\/\/fram.is\/is\/wp-json\/wp\/v2\/posts"}],"about":[{"href":"https:\/\/fram.is\/is\/wp-json\/wp\/v2\/types\/post"}],"author":[{"embeddable":true,"href":"https:\/\/fram.is\/is\/wp-json\/wp\/v2\/users\/7"}],"replies":[{"embeddable":true,"href":"https:\/\/fram.is\/is\/wp-json\/wp\/v2\/comments?post=27019"}],"version-history":[{"count":4,"href":"https:\/\/fram.is\/is\/wp-json\/wp\/v2\/posts\/27019\/revisions"}],"predecessor-version":[{"id":27024,"href":"https:\/\/fram.is\/is\/wp-json\/wp\/v2\/posts\/27019\/revisions\/27024"}],"wp:featuredmedia":[{"embeddable":true,"href":"https:\/\/fram.is\/is\/wp-json\/wp\/v2\/media\/27021"}],"wp:attachment":[{"href":"https:\/\/fram.is\/is\/wp-json\/wp\/v2\/media?parent=27019"}],"wp:term":[{"taxonomy":"category","embeddable":true,"href":"https:\/\/fram.is\/is\/wp-json\/wp\/v2\/categories?post=27019"},{"taxonomy":"post_tag","embeddable":true,"href":"https:\/\/fram.is\/is\/wp-json\/wp\/v2\/tags?post=27019"}],"curies":[{"name":"wp","href":"https:\/\/api.w.org\/{rel}","templated":true}]}}