{"id":27025,"date":"2021-08-16T10:24:42","date_gmt":"2021-08-16T10:24:42","guid":{"rendered":"https:\/\/fram.is\/?p=27025"},"modified":"2021-08-16T12:55:52","modified_gmt":"2021-08-16T12:55:52","slug":"mikael-trausti-valinn-i-landslid-islands-u17","status":"publish","type":"post","link":"https:\/\/fram.is\/is\/2021\/08\/16\/mikael-trausti-valinn-i-landslid-islands-u17\/","title":{"rendered":"Mikael Trausti valinn \u00ed landsli\u00f0 \u00cdslands U17"},"content":{"rendered":"<div data-elementor-type=\"wp-post\" data-elementor-id=\"27025\" class=\"elementor elementor-27025\" data-elementor-post-type=\"post\">\n\t\t\t\t<section class=\"elementor-section elementor-top-section elementor-element elementor-element-223f642 elementor-section-boxed elementor-section-height-default elementor-section-height-default\" data-id=\"223f642\" data-element_type=\"section\">\n\t\t\t\t\t\t<div class=\"elementor-container elementor-column-gap-default\">\n\t\t\t\t\t<div class=\"elementor-column elementor-col-100 elementor-top-column elementor-element elementor-element-6280d152\" data-id=\"6280d152\" data-element_type=\"column\">\n\t\t\t<div class=\"elementor-widget-wrap elementor-element-populated\">\n\t\t\t\t\t\t<div class=\"elementor-element elementor-element-41037f99 elementor-widget elementor-widget-text-editor\" data-id=\"41037f99\" data-element_type=\"widget\" data-widget_type=\"text-editor.default\">\n\t\t\t\t<div class=\"elementor-widget-container\"><p><img fetchpriority=\"high\" decoding=\"async\" class=\"size-medium wp-image-27041 alignright\" src=\"https:\/\/fram.is\/wp-content\/uploads\/2021\/08\/Mikael-Trausti-U17-300x300.jpg\" alt=\"\" width=\"300\" height=\"300\" srcset=\"https:\/\/fram.is\/wp-content\/uploads\/2021\/08\/Mikael-Trausti-U17-300x300.jpg 300w, https:\/\/fram.is\/wp-content\/uploads\/2021\/08\/Mikael-Trausti-U17-800x800.jpg 800w, https:\/\/fram.is\/wp-content\/uploads\/2021\/08\/Mikael-Trausti-U17-100x100.jpg 100w, https:\/\/fram.is\/wp-content\/uploads\/2021\/08\/Mikael-Trausti-U17-1024x1024.jpg 1024w, https:\/\/fram.is\/wp-content\/uploads\/2021\/08\/Mikael-Trausti-U17-150x150.jpg 150w, https:\/\/fram.is\/wp-content\/uploads\/2021\/08\/Mikael-Trausti-U17-768x768.jpg 768w, https:\/\/fram.is\/wp-content\/uploads\/2021\/08\/Mikael-Trausti-U17.jpg 1080w\" sizes=\"(max-width: 300px) 100vw, 300px\" \/>J\u00f6rundur \u00c1ki Sveinsson, landsli\u00f0s\u00fej\u00e1lfari \u00cdslands U17 karla, hefur vali\u00f0 leikmannah\u00f3p til \u00fe\u00e1ttt\u00f6ku \u00ed tveimur vin\u00e1ttuleikjum vi\u00f0 Finnland, 25. og 27.\u00e1g\u00fast n.k. \u00a0Leiki\u00f0 ver\u00f0ur \u00ed Finnlandi.<br \/><br \/>Vi\u00f0 Framarar erum stoltir af \u00fev\u00ed a\u00f0 eiga einn leikmann \u00ed \u00feessum landsli\u00f0sh\u00f3pi \u00cdslands en Mikael Trausti Vi\u00f0arsson var valinn fr\u00e1 Fram a\u00f0 \u00feessu sinni.<\/p><p>Gangi \u00fe\u00e9r vel Mikael Trausti<\/p><p>\u00c1FRAM FRAM<\/p><\/div>\n\t\t\t\t<\/div>\n\t\t\t\t\t<\/div>\n\t\t<\/div>\n\t\t\t\t\t<\/div>\n\t\t<\/section>\t\t<\/div>","protected":false},"excerpt":{"rendered":"<p>J\u00f6rundur \u00c1ki Sveinsson, landsli\u00f0s\u00fej\u00e1lfari \u00cdslands U17 karla, hefur vali\u00f0 leikmannah\u00f3p til \u00fe\u00e1ttt\u00f6ku \u00ed tveimur vin\u00e1ttuleikjum vi\u00f0 Finnland, 25. og 27.\u00e1g\u00fast n.k. \u00a0Leiki\u00f0 ver\u00f0ur \u00ed Finnlandi. Vi\u00f0 Framarar erum stoltir af [&hellip;]<\/p>","protected":false},"author":5,"featured_media":27028,"comment_status":"closed","ping_status":"closed","sticky":false,"template":"","format":"standard","meta":{"_monsterinsights_skip_tracking":false,"_monsterinsights_sitenote_active":false,"_monsterinsights_sitenote_note":"","_monsterinsights_sitenote_category":0,"_jetpack_memberships_contains_paid_content":false,"footnotes":""},"categories":[9,13],"tags":[],"class_list":["post-27025","post","type-post","status-publish","format-standard","has-post-thumbnail","hentry","category-fotbolti","category-yngriflokkar"],"jetpack_sharing_enabled":true,"jetpack_featured_media_url":"https:\/\/fram.is\/wp-content\/uploads\/2021\/08\/Mikki-vefur.jpg","_links":{"self":[{"href":"https:\/\/fram.is\/is\/wp-json\/wp\/v2\/posts\/27025","targetHints":{"allow":["GET"]}}],"collection":[{"href":"https:\/\/fram.is\/is\/wp-json\/wp\/v2\/posts"}],"about":[{"href":"https:\/\/fram.is\/is\/wp-json\/wp\/v2\/types\/post"}],"author":[{"embeddable":true,"href":"https:\/\/fram.is\/is\/wp-json\/wp\/v2\/users\/5"}],"replies":[{"embeddable":true,"href":"https:\/\/fram.is\/is\/wp-json\/wp\/v2\/comments?post=27025"}],"version-history":[{"count":7,"href":"https:\/\/fram.is\/is\/wp-json\/wp\/v2\/posts\/27025\/revisions"}],"predecessor-version":[{"id":27044,"href":"https:\/\/fram.is\/is\/wp-json\/wp\/v2\/posts\/27025\/revisions\/27044"}],"wp:featuredmedia":[{"embeddable":true,"href":"https:\/\/fram.is\/is\/wp-json\/wp\/v2\/media\/27028"}],"wp:attachment":[{"href":"https:\/\/fram.is\/is\/wp-json\/wp\/v2\/media?parent=27025"}],"wp:term":[{"taxonomy":"category","embeddable":true,"href":"https:\/\/fram.is\/is\/wp-json\/wp\/v2\/categories?post=27025"},{"taxonomy":"post_tag","embeddable":true,"href":"https:\/\/fram.is\/is\/wp-json\/wp\/v2\/tags?post=27025"}],"curies":[{"name":"wp","href":"https:\/\/api.w.org\/{rel}","templated":true}]}}