{"id":27081,"date":"2021-08-20T12:16:56","date_gmt":"2021-08-20T12:16:56","guid":{"rendered":"https:\/\/fram.is\/?p=27081"},"modified":"2021-08-20T12:16:56","modified_gmt":"2021-08-20T12:16:56","slug":"aftur-heim","status":"publish","type":"post","link":"https:\/\/fram.is\/is\/2021\/08\/20\/aftur-heim\/","title":{"rendered":"Aftur heim"},"content":{"rendered":"<p>Byrjum \u00e1 a\u00f0 monta okkur a\u00f0eins var\u00f0andi t\u00f6lfr\u00e6\u00f0i&#8230; Fr\u00e1 1978 til 2006 var keppt me\u00f0 t\u00edu li\u00f0a deild \u00ed n\u00e6stefstu deild \u00e1 \u00cdslandi. \u00c1 fyrri hluta \u00feessa t\u00edmabils voru tv\u00f6 stig gefin fyrir sigur en ekki \u00ferj\u00fa \u2013 en au\u00f0velt er a\u00f0 reikna fyrir \u00feeirri breytingu&#8230; Eftir 17 umfer\u00f0ir af \u00cdslandsm\u00f3tinu hefur Knattspyrnuf\u00e9lagi\u00f0 Fram n\u00fa fengi\u00f0 47 stig, sem er stiginu meira s\u00f6gufr\u00e6gt meistarali\u00f0 KA \u00e1ri\u00f0 1980 me\u00f0 markak\u00f3ngana \u00d3skar Ingimarsson og Gunnar G\u00edslason. Hvort einhver kappli\u00f0 fr\u00e1 2006 til okkar daga hafi n\u00e1\u00f0 betri \u00e1rangri \u00ed 18 fyrstu umfer\u00f0unum skal ekkert fullyrt um. Fr\u00e9ttaritari Frams\u00ed\u00f0unnar er m\u00f6gulega \u00e1 einhverju r\u00f3fi en hann er ekki snar&#8230;<\/p><p>Fram m\u00e6tti Selfossi \u00ed leik g\u00e6rkv\u00f6ldsins \u00ed Lengjudeildinni. Fyrirfram var langs\u00f3ttur m\u00f6guleiki \u00e1 a\u00f0 dregi\u00f0 g\u00e6ti til st\u00f3rt\u00ed\u00f0inda \u00feetta kv\u00f6ld. Sigur Framara og \u00f3sigur K\u00f3rdrengja \u00e1 \u00fativelli gegn Gr\u00f3ttu trygg\u00f0i Fr\u00f6murum s\u00e6ti\u00f0 eftirs\u00f3tta \u2013 en fur\u00f0uleg me\u00f0virkni me\u00f0 kr\u00f6funni um a\u00f0 hugsa bara einn leik \u00ed einu ger\u00f0i \u00fea\u00f0 a\u00f0 verkum a\u00f0 flestir leiddu hj\u00e1 s\u00e9r m\u00f6guleikann.<\/p><p>Fr\u00e9ttaritarinn m\u00e6tti gla\u00f0beittur \u00ed f\u00ednumannabo\u00f0i\u00f0 \u00ed Sambam\u00fdri klukkut\u00edma fyrir leik. Af \u00fev\u00ed a\u00f0 hann er v\u00e6nisj\u00fakur og hlustar um of \u00e1 f\u00e1bj\u00e1nana sem st\u00fdra vedur.is var f\u00edna appels\u00ednugula vesti\u00f0 skili\u00f0 eftir heima en gamall \u00falpur\u00e6fill gripinn me\u00f0 \u00e1samt t\u00edttnefndri gr\u00e9tti ullarpeysu. \u00c1 ekkert af \u00feessu reyndi enda var bong\u00f3bl\u00ed\u00f0a \u00e1 vellinum og \u00farkoma engin.<\/p><p>J\u00f3n Sveinsson var m\u00e6ttur \u00ed f\u00ednumannasamkv\u00e6mi\u00f0 klukkut\u00edma fyrir leik og ger\u00f0i grein fyrir li\u00f0suppstillingunni. Honum fannst spjalli\u00f0 vi\u00f0 stu\u00f0ningsmannah\u00f3pinn jafn\u00f3\u00fe\u00e6gilegt og vandr\u00e6\u00f0alegt og \u00ed \u00f6ll hin skiptin. Hvers vegna A\u00f0alsteini a\u00f0sto\u00f0ar\u00fej\u00e1lfara er ekki fali\u00f0 \u00feetta verkefni er m\u00e9r hulin r\u00e1\u00f0g\u00e1ta. En Nonni uppl\u00fdsti \u00fe\u00f3 a\u00f0 Gunnar og Alex v\u00e6ru fjarri g\u00f3\u00f0u gamni vegna leikbanns \u2013 og \u00feeir M\u00e1r og \u00d3skar v\u00e6ru l\u00e1tnir v\u00edkja fr\u00e1 leiknum gegn Vestra \u00e1 me\u00f0an Albert og Aron \u00de\u00f3r\u00f0ur sneru aftur auk \u00feess sem Haraldur k\u00e6mi \u00e1 n\u00fd \u00ed v\u00f6rnina og Alexander byrja\u00f0i s\u00f6mulei\u00f0is.<\/p><figure class=\"wp-block-image size-large\"><img fetchpriority=\"high\" decoding=\"async\" width=\"400\" height=\"267\" src=\"https:\/\/fram.is\/wp-content\/uploads\/2021\/08\/51390466030_64421f2aae_w.jpg\" alt=\"\" class=\"wp-image-27083\" srcset=\"https:\/\/fram.is\/wp-content\/uploads\/2021\/08\/51390466030_64421f2aae_w.jpg 400w, https:\/\/fram.is\/wp-content\/uploads\/2021\/08\/51390466030_64421f2aae_w-300x200.jpg 300w\" sizes=\"(max-width: 400px) 100vw, 400px\" \/><\/figure><p>Li\u00f0suppstillingin var annars fyrirsj\u00e1nleg: \u00d3lafur \u00ed marki, Kyle og Hlynur \u00ed mi\u00f0v\u00f6r\u00f0um, Halli og Matti \u00ed bakv\u00f6r\u00f0um. Aron \u00de\u00f3r\u00f0ur \u00e1 mi\u00f0junni me\u00f0 Alexander fyrir framan sig og Albert \u00ed \u00f3skilgreindu hlutverki fremst \u00e1 mi\u00f0junni. Indri\u00f0i og Fred hvor \u00e1 s\u00ednum kanti og \u00de\u00f3rir uppi \u00e1 toppi. Fr\u00e9ttaritarinn og skjaldsveinninn sau\u00f0tryggi, Valur Nor\u00f0ri, fengu \u00fathluta\u00f0 s\u00e6tum vi\u00f0 hli\u00f0ina \u00e1 myndat\u00f6kumanni Lengjudeildarsj\u00f3nvarpsins \u00e1 besta sta\u00f0 sem vera bar.<\/p><p>Selfyssingar m\u00e6ttu til leiks eins og d\u00e6mdir menn. Li\u00f0 \u00feeirra er r\u00e9tt fyrir ofan botninn og f\u00e1tt vir\u00f0ist koma \u00feeim til bjargar anna\u00f0 en vonleysi \u00der\u00f3ttara. \u00cd allt sumar hefur fr\u00e9ttaritarinn ekki s\u00e9\u00f0 neitt li\u00f0 m\u00e6ta \u00ed Safam\u00fdrina jafnsannf\u00e6rt um a\u00f0 tap s\u00e9 \u00f3hj\u00e1kv\u00e6milegt.<\/p><p>Dagskipunin hj\u00e1 Fram var greinilega a\u00f0 pressa fr\u00e1 fyrstu m\u00edn\u00fatu og skora snemma. Og \u00fea\u00f0 t\u00f3kst. Eftir um \u00feriggja m\u00edn\u00fatna leik flaug langt innkast inn \u00ed teiginn sem varamarkv\u00f6r\u00f0ur Selfyssinga, sem byrja\u00f0i leikinn, \u00e1tti \u00ed einhverjum vandr\u00e6\u00f0um me\u00f0 og Alexander virtist s\u00f3pa boltanum \u00ed neti\u00f0 me\u00f0 annarri rasskinninni. Ekki vir\u00f0ulegasta marki\u00f0, en \u00feau telja \u00f6ll. 1:0.<\/p><p>Me\u00f0 \u00feessa skyndilegu forystu g\u00e1tu \u00e1horfendur halla\u00f0 s\u00e9r r\u00f3legir aftur. Markafleygurinn g\u00f3\u00f0i var reyndar ry\u00f0ga\u00f0ur aftur vegna notkunarleysis \u00e1 li\u00f0num vikum en \u00fea\u00f0 var ekkert sem sk\u00e1mmtur af WD40 gat ekki laga\u00f0. Innihaldi\u00f0 var skemmtileg blanda a\u00f0 Islay og Lowland sem skila\u00f0i s\u00ednu hlutverki vel.<\/p><figure class=\"wp-block-image size-large\"><img decoding=\"async\" width=\"400\" height=\"267\" src=\"https:\/\/fram.is\/wp-content\/uploads\/2021\/08\/51389395821_52aae67996_w.jpg\" alt=\"\" class=\"wp-image-27088\" srcset=\"https:\/\/fram.is\/wp-content\/uploads\/2021\/08\/51389395821_52aae67996_w.jpg 400w, https:\/\/fram.is\/wp-content\/uploads\/2021\/08\/51389395821_52aae67996_w-300x200.jpg 300w\" sizes=\"(max-width: 400px) 100vw, 400px\" \/><\/figure><p>Nonni og A\u00f0alsteinn eru snillingar \u00ed a\u00f0 greina veikustu bletti m\u00f3therjanna og skipuleggja \u00e1r\u00e1sir \u00e1 \u00fe\u00e1 sta\u00f0i. A\u00f0 \u00feessu sinni var\u00f0 annar bakv\u00f6r\u00f0ur Selfyssinga fyrir valinu og Framarar s\u00f3ttu linnulaust upp \u00feann kantinn, \u00fear sem Haraldur \u00e1tti hverja sendinguna \u00e1 f\u00e6tur annarri inn \u00ed teiginn. Flottur samleikur hj\u00e1 Albert og Fred gaf n\u00e6stum \u00fev\u00ed mark eftir t\u00e6pt kort\u00e9r, en hv\u00edt- og lj\u00f3sbl\u00e1kl\u00e6ddir gestirnir bj\u00f6rgu\u00f0u \u00ed horn.<\/p><p>Eftir eina s\u00f3knarlotuna t\u00f3kst Selfyssingum a\u00f0 vinna boltann og geystust \u00ed skyndis\u00f3kn, sem fjara\u00f0i \u00fat \u00feegar fimm Framarar voru komnir til baka \u00e1 m\u00f3ti einum fulltr\u00faa sveitarf\u00e9lagsins \u00c1rborgar, sem er til marks um hva\u00f0 allt li\u00f0i\u00f0 var vel \u00e1 t\u00e1num. Skemmtilegast var \u00fe\u00f3 a\u00f0 fylgjast me\u00f0 \u00fev\u00ed hva\u00f0 Aron \u00de\u00f3r\u00f0ur var \u00fat um allt \u00e1 vellinum. Ma\u00f0ur leiksins a\u00f0 mati sk\u00fdrsluh\u00f6fundar.<\/p><p>Alltof langt m\u00e1l v\u00e6ri a\u00f0 rekja \u00ed sm\u00e1atri\u00f0um f\u00e6ras\u00fapuna fram a\u00f0 leikhl\u00e9i, en samkv\u00e6mt minnisbl\u00f6\u00f0unum \u00f3brig\u00f0ulu f\u00e9kk Fram t\u00edu f\u00e6ri e\u00f0a h\u00e1lff\u00e6ri sem vert \u00fe\u00f3tti a\u00f0 f\u00e6ra \u00ed letur en Selfoss ekkert. Yfirbur\u00f0irnir algj\u00f6rir og gla\u00f0beittir \u00e1horfendur g\u00e1tu leyft s\u00e9r a\u00f0 gj\u00f3a \u00ed s\u00edvaxandi m\u00e6li augunum \u00e1 \u00farslitas\u00ed\u00f0ur \u00ed s\u00edmunum s\u00ednum. Og sj\u00e1! Gr\u00f3ttumenn voru komnir yfir gegn K\u00f3rdrengjum. Yndislegt f\u00f3lk Seltirningar!<\/p><p>\u00dea\u00f0 var ekkert kaffi \u00ed hl\u00e9i og engar har\u00f0ar tebollur. Enginn kvarta\u00f0i samt enda st\u00e6rri og meiri kr\u00e6singar \u00ed bo\u00f0i \u00e1 vellinum og \u00farvalsdeildars\u00e6ti \u00ed hillingum.<\/p><p>Dean Martin hefur messa\u00f0 yfir s\u00ednum m\u00f6nnum \u00ed hl\u00e9i. \u00cd \u00fea\u00f0 minnsta komu \u00feeir \u00f6llu \u00e1kve\u00f0nari til leiks \u00ed seinni h\u00e1lfleik. Fyrsta s\u00f3kn \u00feeirra sem n\u00e1\u00f0i m\u00e1li var eftir um 48. m\u00edn\u00fatna leik \u00fear sem Gary Martin braust \u00ed gegn en \u00d3li var\u00f0i vel. Eftir sem \u00e1\u00f0ur voru allar bestu s\u00f3knarloturnar Framara. Fred f\u00e9kk dau\u00f0af\u00e6ri \u00e1 50. m\u00edn\u00fatu en gestirnir n\u00e1\u00f0u a\u00f0 verjast. \u00dea\u00f0 t\u00f3kst \u00feeim hins vegar ekki fimm m\u00edn\u00fatum s\u00ed\u00f0ar \u00feegar Matth\u00edas gr\u00fdtti inn einu af s\u00ednum l\u00f6ngu innk\u00f6stum, Kyle skalla\u00f0i og boltinn virtist \u00e6tla a\u00f0 lenda vandr\u00e6\u00f0al\u00edti\u00f0 \u00ed l\u00fakunum \u00e1 markver\u00f0inum, sem missti hann einhvern veginn fr\u00e1 s\u00e9r og Indri\u00f0i pota\u00f0i \u00ed neti\u00f0. 2:0 og b\u00e6\u00f0i m\u00f6rkin \u00e1l\u00edka \u00f3vir\u00f0uleg.<\/p><figure class=\"wp-block-image size-large\"><img decoding=\"async\" width=\"400\" height=\"267\" src=\"https:\/\/fram.is\/wp-content\/uploads\/2021\/08\/51389704318_ff9b107eb9_w.jpg\" alt=\"\" class=\"wp-image-27084\" srcset=\"https:\/\/fram.is\/wp-content\/uploads\/2021\/08\/51389704318_ff9b107eb9_w.jpg 400w, https:\/\/fram.is\/wp-content\/uploads\/2021\/08\/51389704318_ff9b107eb9_w-300x200.jpg 300w\" sizes=\"(max-width: 400px) 100vw, 400px\" \/><\/figure><p>Beint \u00ed kj\u00f6lfari\u00f0 \u00e1 \u00feessu virtist Fred \u00e6tla a\u00f0 b\u00e6ta vi\u00f0 \u00feri\u00f0ja markinu en skot hans \u00far dau\u00f0af\u00e6ri s\u00f6ng \u00ed hli\u00f0arnetinu. H\u00f3fst \u00fe\u00e1 t\u00edmi skiptinga \u00ed leiknum. Fyrst kom M\u00e1r inn\u00e1 fyrir Albert. Framarar h\u00e9ldu \u00e1fram a\u00f0 s\u00e6kja. Fred f\u00e9kk hvert f\u00e6ri\u00f0 \u00e1 f\u00e6tur \u00f6\u00f0ru og var greinilega sta\u00f0r\u00e1\u00f0inn \u00ed a\u00f0 skora sj\u00e1lfur frekar en a\u00f0 gera einhverja vitleysu eins og a\u00f0 senda \u00e1 li\u00f0sf\u00e9laga. \u00deegar seinni h\u00e1lfleikur var akk\u00faratt h\u00e1lfna\u00f0ur kom svo tv\u00f6f\u00f6ld skipting, \u00fear sem \u00de\u00f3rir og Indri\u00f0i f\u00f3ru af velli en Gummi og Danny komu inn\u00e1. Ekkert skr\u00edti\u00f0 vi\u00f0 \u00fea\u00f0. Leikurinn unninn \u00e1 heita m\u00e1tti og stutt \u00ed n\u00e6sta leik.<\/p><p>Einhvern veginn virtist breytingin \u00fe\u00f3 ri\u00f0la leik okkar manna sem virtust missa dampinn. Fram missti boltann \u00e1 mi\u00f0junni og Gary Martin rauk upp og vippa\u00f0i loks snyrtilega yfir \u00d3la \u00ed markinu. Mj\u00f6g smekklega gert, einkum \u00ed lj\u00f3si \u00feess a\u00f0 Geiramenn voru n\u00fdb\u00fanir a\u00f0 benda Gary kurteislega \u00e1 a\u00f0 hann v\u00e6ri \u00f6r\u00fereyttur.<\/p><p>Vi\u00f0 marki\u00f0 komst f\u00e1t \u00e1 Framli\u00f0i\u00f0 og n\u00e6stu m\u00edn\u00faturnar fengu Selfyssingar f\u00e1ein h\u00e1lff\u00e6ri. Skj\u00e1lftinn hvarf eftir nokkrar m\u00edn\u00fatur og s\u00ed\u00f0asta kort\u00e9ri\u00f0 h\u00f6f\u00f0u Framarar aftur yfirh\u00f6ndina. Danny \u00e1tti f\u00edna sendingu \u00e1 Fred sem skaut naumlega yfir. Aron \u00de\u00f3r\u00f0ur f\u00f3r af velli fyrir \u00d3skar, sem f\u00e9kk hr\u00f3s fr\u00e1 trymbli Geiramanna fyrir fr\u00e1b\u00e6rt nafn. \u00cd s\u00f6mu andr\u00e1 j\u00f6fnu\u00f0u K\u00f3rdrengir \u00e1 Seltjarnarnesinu og fagna\u00f0arl\u00e6ti voru sett \u00e1 \u00eds \u00ed bili.<\/p><p>D\u00f3marar lengjudeildarinnar vir\u00f0ast hafa teki\u00f0 \u00feann p\u00f3l \u00ed h\u00e6\u00f0ina eftir a\u00f0 Albert kl\u00fa\u00f0ra\u00f0i v\u00edtinu \u00e1 m\u00f3ti Vestmannaeyjum a\u00f0 Fram eigi ekki skili\u00f0 a\u00f0 f\u00e1 fleiri v\u00edti \u00ed sumar. Harsh but fair. Selfyssingar komust \u00fev\u00ed upp me\u00f0 a\u00f0 hrinda Alexander \u00e1 hinn fruntalegasta h\u00e1tt en hann uppskar a\u00f0eins hornspyrnu. S\u00ed\u00f0ustu m\u00edn\u00faturnar hugsu\u00f0u okkar menn svo ekki um margt anna\u00f0 en a\u00f0 l\u00e1ta t\u00edmann l\u00ed\u00f0a. Flauta\u00f0 var til leiksloka og vi\u00f0 t\u00f3k kostuleg sena \u00fear leikmenn r\u00f6\u00f0u\u00f0u s\u00e9r umhverfis fars\u00edmaskj\u00e1 og bi\u00f0u fregna fr\u00e1 Seltjarnarnesi \u00fea\u00f0an sem heimamenn h\u00f6f\u00f0u komist yfir \u00e1 n\u00fd. Seltjarnarnes er t\u00f6luvert vestar en Sambam\u00fdri og \u00fev\u00ed nokkrum m\u00edn\u00fatum \u00e1 eftir \u00ed t\u00edma en loks barst tilkynningin um a\u00f0 leiknum v\u00e6ri loki\u00f0 og tryllt fagna\u00f0arl\u00e6ti brutust \u00fat me\u00f0 m\u00f3\u00f0ur allra ziggi-zagga.<\/p><figure class=\"wp-block-image size-large\"><img loading=\"lazy\" decoding=\"async\" width=\"400\" height=\"267\" src=\"https:\/\/fram.is\/wp-content\/uploads\/2021\/08\/51390180054_d1fe4583c0_w.jpg\" alt=\"\" class=\"wp-image-27085\" srcset=\"https:\/\/fram.is\/wp-content\/uploads\/2021\/08\/51390180054_d1fe4583c0_w.jpg 400w, https:\/\/fram.is\/wp-content\/uploads\/2021\/08\/51390180054_d1fe4583c0_w-300x200.jpg 300w\" sizes=\"(max-width: 400px) 100vw, 400px\" \/><\/figure><p>Knattspyrnuf\u00e9lagi\u00f0 Fram \u00e1 vitaskuld kassa sem h\u00e6gt er a\u00f0 gr\u00edpa til \u00ed ney\u00f0 ef titlar vinnast e\u00f0a sl\u00e1 \u00fearf upp part\u00fdi me\u00f0 sk\u00f6mmum fyrirvara. Vondu fr\u00e9ttirnar eru a\u00f0 s\u00e1 kassi var \u00fatb\u00fainn snemma \u00e1 t\u00edunda \u00e1ratugnum, svo p\u00fa\u00f0ri\u00f0 var or\u00f0i\u00f0 dauft \u00ed kn\u00f6llunum og kampav\u00edni\u00f0 or\u00f0i\u00f0 alltof d\u00fdrm\u00e6tt til a\u00f0 verjandi v\u00e6ri a\u00f0 opna \u00fea\u00f0 \u00e1 fimmtudagskv\u00f6ldi. Striki\u00f0 var \u00fev\u00ed teki\u00f0 \u00e1 \u00d6lver (sem kann a\u00f0 sk\u00fdra seina birtingu \u00e1 leiksk\u00fdrslunni). \u00dear var r\u00e6kilega sk\u00e1la\u00f0 og gr\u00e1ti\u00f0 yfir textavarpinu og hlusta\u00f0 \u00f3\u00fearflega miki\u00f0 \u00e1 Robbie Williams. (Leikmenn Fram eru g\u00f3\u00f0ir piltar, en enginn skyldi r\u00e1\u00f0a \u00fe\u00e1 sem pl\u00f6tusn\u00fa\u00f0a!)<\/p><p>N\u00e6sta stopp er Laugardalurinn og \u00der\u00f3ttur. Vi\u00f0 h\u00f6fum \u00fdmis stigamet sem \u00fearf a\u00f0 b\u00e6ta.<\/p><p>Og j\u00e1, me\u00f0an \u00e9g man: vi\u00f0 meintum ekkert me\u00f0 \u00feessari f\u00e1r\u00e1nlegu hugmynd um fj\u00f3rt\u00e1n li\u00f0a \u00farvalsdeild&#8230;<\/p><p>Stef\u00e1n P\u00e1lsson<\/p>","protected":false},"excerpt":{"rendered":"<p>Byrjum \u00e1 a\u00f0 monta okkur a\u00f0eins var\u00f0andi t\u00f6lfr\u00e6\u00f0i&#8230; Fr\u00e1 1978 til 2006 var keppt me\u00f0 t\u00edu li\u00f0a deild \u00ed n\u00e6stefstu deild \u00e1 \u00cdslandi. \u00c1 fyrri hluta \u00feessa t\u00edmabils voru tv\u00f6 [&hellip;]<\/p>","protected":false},"author":5,"featured_media":27087,"comment_status":"closed","ping_status":"closed","sticky":false,"template":"","format":"standard","meta":{"_monsterinsights_skip_tracking":false,"_monsterinsights_sitenote_active":false,"_monsterinsights_sitenote_note":"","_monsterinsights_sitenote_category":0,"_jetpack_memberships_contains_paid_content":false,"footnotes":""},"categories":[9,11,10],"tags":[],"class_list":["post-27081","post","type-post","status-publish","format-standard","has-post-thumbnail","hentry","category-fotbolti","category-mflkarla","category-frettir"],"jetpack_sharing_enabled":true,"jetpack_featured_media_url":"https:\/\/fram.is\/wp-content\/uploads\/2021\/08\/51389687023_1c2ae89964_c.jpg","_links":{"self":[{"href":"https:\/\/fram.is\/is\/wp-json\/wp\/v2\/posts\/27081","targetHints":{"allow":["GET"]}}],"collection":[{"href":"https:\/\/fram.is\/is\/wp-json\/wp\/v2\/posts"}],"about":[{"href":"https:\/\/fram.is\/is\/wp-json\/wp\/v2\/types\/post"}],"author":[{"embeddable":true,"href":"https:\/\/fram.is\/is\/wp-json\/wp\/v2\/users\/5"}],"replies":[{"embeddable":true,"href":"https:\/\/fram.is\/is\/wp-json\/wp\/v2\/comments?post=27081"}],"version-history":[{"count":3,"href":"https:\/\/fram.is\/is\/wp-json\/wp\/v2\/posts\/27081\/revisions"}],"predecessor-version":[{"id":27090,"href":"https:\/\/fram.is\/is\/wp-json\/wp\/v2\/posts\/27081\/revisions\/27090"}],"wp:featuredmedia":[{"embeddable":true,"href":"https:\/\/fram.is\/is\/wp-json\/wp\/v2\/media\/27087"}],"wp:attachment":[{"href":"https:\/\/fram.is\/is\/wp-json\/wp\/v2\/media?parent=27081"}],"wp:term":[{"taxonomy":"category","embeddable":true,"href":"https:\/\/fram.is\/is\/wp-json\/wp\/v2\/categories?post=27081"},{"taxonomy":"post_tag","embeddable":true,"href":"https:\/\/fram.is\/is\/wp-json\/wp\/v2\/tags?post=27081"}],"curies":[{"name":"wp","href":"https:\/\/api.w.org\/{rel}","templated":true}]}}