{"id":27106,"date":"2021-08-25T13:20:11","date_gmt":"2021-08-25T13:20:11","guid":{"rendered":"https:\/\/fram.is\/?p=27106"},"modified":"2021-08-25T13:23:00","modified_gmt":"2021-08-25T13:23:00","slug":"fram-fjardab-hottur-leiknir-2-deild-kvenna-urslit-framvollur-sunnudag-29-agust-kl-1400-pall-oskar-og-candy-candyfloss-kl-1300","status":"publish","type":"post","link":"https:\/\/fram.is\/is\/2021\/08\/25\/fram-fjardab-hottur-leiknir-2-deild-kvenna-urslit-framvollur-sunnudag-29-agust-kl-1400-pall-oskar-og-candy-candyfloss-kl-1300\/","title":{"rendered":"FRAM &#8211; Fjar\u00f0ab\/H\u00f6ttur\/Leiknir 2. deild kvenna \u00farslit, Framv\u00f6llur sunnudag 29. \u00e1g\u00fast kl. 14:00.  P\u00e1ll \u00d3skar og Candy, Candyfloss kl. 13:00"},"content":{"rendered":"<div data-elementor-type=\"wp-post\" data-elementor-id=\"27106\" class=\"elementor elementor-27106\" data-elementor-post-type=\"post\">\n\t\t\t\t<section class=\"elementor-section elementor-top-section elementor-element elementor-element-4af4b0e9 elementor-section-boxed elementor-section-height-default elementor-section-height-default\" data-id=\"4af4b0e9\" data-element_type=\"section\">\n\t\t\t\t\t\t<div class=\"elementor-container elementor-column-gap-default\">\n\t\t\t\t\t<div class=\"elementor-column elementor-col-100 elementor-top-column elementor-element elementor-element-7172184c\" data-id=\"7172184c\" data-element_type=\"column\">\n\t\t\t<div class=\"elementor-widget-wrap elementor-element-populated\">\n\t\t\t\t\t\t<div class=\"elementor-element elementor-element-2985147f elementor-widget elementor-widget-text-editor\" data-id=\"2985147f\" data-element_type=\"widget\" data-widget_type=\"text-editor.default\">\n\t\t\t\t<div class=\"elementor-widget-container\"><p>\u00a0<\/p><\/div>\n\t\t\t\t<\/div>\n\t\t\t\t<div class=\"elementor-element elementor-element-987cff5 elementor-widget elementor-widget-text-editor\" data-id=\"987cff5\" data-element_type=\"widget\" data-widget_type=\"text-editor.default\">\n\t\t\t\t<div class=\"elementor-widget-container\"><p><img fetchpriority=\"high\" decoding=\"async\" class=\"wp-image-27128 alignright\" src=\"https:\/\/fram.is\/wp-content\/uploads\/2021\/08\/Fram-urslit-leikur-1-300x300.png\" alt=\"\" width=\"396\" height=\"396\" srcset=\"https:\/\/fram.is\/wp-content\/uploads\/2021\/08\/Fram-urslit-leikur-1-300x300.png 300w, https:\/\/fram.is\/wp-content\/uploads\/2021\/08\/Fram-urslit-leikur-1-800x800.png 800w, https:\/\/fram.is\/wp-content\/uploads\/2021\/08\/Fram-urslit-leikur-1-100x100.png 100w, https:\/\/fram.is\/wp-content\/uploads\/2021\/08\/Fram-urslit-leikur-1-1024x1024.png 1024w, https:\/\/fram.is\/wp-content\/uploads\/2021\/08\/Fram-urslit-leikur-1-150x150.png 150w, https:\/\/fram.is\/wp-content\/uploads\/2021\/08\/Fram-urslit-leikur-1-768x768.png 768w, https:\/\/fram.is\/wp-content\/uploads\/2021\/08\/Fram-urslit-leikur-1.png 1080w\" sizes=\"(max-width: 396px) 100vw, 396px\" \/>Meistaraflokkur kvenna er kominn \u00ed 4.li\u00f0a \u00farslit \u00ed 2.deild kvenna. \u00dear m\u00e6ta \u00fe\u00e6r Fjar\u00f0arbygg\u00f0\/Hetti\/Leikni \u00ed tveimur leikjum, heima og a\u00f0 heiman, \u00fear sem sigurvegarinn fer upp \u00ed Lengjudeildina.<\/p>\n<p>Fyrri leikur li\u00f0anna er \u00e1 sunnudaginn 29. \u00e1g\u00fast kl. 14:00 \u00ed Safam\u00fdri og n\u00fa er a\u00f0 duga e\u00f0a drepast fyrir b\u00e6\u00f0i li\u00f0 og stu\u00f0ningsmenn.<\/p>\n<p>Vi\u00f0 viljum sj\u00e1 alla FRAM fj\u00f6lskylduna \u00e1 vellinum. \u00c1hangendur, stj\u00f3rnarmenn, \u00fej\u00e1lfara, leikmenn, foreldra og helst af \u00f6llu i\u00f0kendur yngri flokka. N\u00fa er t\u00edminn til a\u00f0 koma saman og sty\u00f0ja vi\u00f0 li\u00f0i\u00f0 okkar. Meistaraflokkur karla er kominn upp um deild eftir fr\u00e1b\u00e6rt t\u00edmabil, n\u00fa hj\u00e1lpum vi\u00f0 stelpunum a\u00f0 n\u00e1 sama \u00e1rangri!<\/p>\n<p>P\u00c1LL \u00d3SKAR bau\u00f0st til a\u00f0 m\u00e6ta og flytja nokkur l\u00f6g fyrir leik, e\u00f0a kl. 13:00.<br \/>\u00cd kj\u00f6lfari\u00f0 geta ALLIR sem vilja fengi\u00f0 mynd af s\u00e9r me\u00f0 Palla. Candyfloss v\u00e9l ver\u00f0ur \u00e1 sta\u00f0num og \u00fea\u00f0 er b\u00fai\u00f0 a\u00f0 panta gott ve\u00f0ur!<br \/><br \/><img decoding=\"async\" class=\"wp-image-27109 alignright\" src=\"https:\/\/fram.is\/wp-content\/uploads\/2021\/08\/FRAM-fjardarb-Hottur-Leiknir-300x300.jpg\" alt=\"\" width=\"369\" height=\"369\" srcset=\"https:\/\/fram.is\/wp-content\/uploads\/2021\/08\/FRAM-fjardarb-Hottur-Leiknir-300x300.jpg 300w, https:\/\/fram.is\/wp-content\/uploads\/2021\/08\/FRAM-fjardarb-Hottur-Leiknir-800x800.jpg 800w, https:\/\/fram.is\/wp-content\/uploads\/2021\/08\/FRAM-fjardarb-Hottur-Leiknir-100x100.jpg 100w, https:\/\/fram.is\/wp-content\/uploads\/2021\/08\/FRAM-fjardarb-Hottur-Leiknir-1024x1024.jpg 1024w, https:\/\/fram.is\/wp-content\/uploads\/2021\/08\/FRAM-fjardarb-Hottur-Leiknir-150x150.jpg 150w, https:\/\/fram.is\/wp-content\/uploads\/2021\/08\/FRAM-fjardarb-Hottur-Leiknir-768x768.jpg 768w, https:\/\/fram.is\/wp-content\/uploads\/2021\/08\/FRAM-fjardarb-Hottur-Leiknir.jpg 1080w\" sizes=\"(max-width: 369px) 100vw, 369px\" \/>A\u00f0eins 1000 kr inn fyrir fullor\u00f0na. B\u00f6rn undir 16 \u00e1ra aldri f\u00e1 fr\u00edtt. <br \/>M\u00e6ti\u00f0 t\u00edmanlega!<\/p>\n<p>M\u00c6TUM \u00cd BL\u00c1U! \u00c1FRAM FRAM!<\/p><p>\u00a0<\/p><\/div>\n\t\t\t\t<\/div>\n\t\t\t\t\t<\/div>\n\t\t<\/div>\n\t\t\t\t\t<\/div>\n\t\t<\/section>\t\t<\/div>","protected":false},"excerpt":{"rendered":"<p>\u00a0 Meistaraflokkur kvenna er kominn \u00ed 4.li\u00f0a \u00farslit \u00ed 2.deild kvenna. \u00dear m\u00e6ta \u00fe\u00e6r Fjar\u00f0arbygg\u00f0\/Hetti\/Leikni \u00ed tveimur leikjum, heima og a\u00f0 heiman, \u00fear sem sigurvegarinn fer upp \u00ed Lengjudeildina. Fyrri [&hellip;]<\/p>","protected":false},"author":5,"featured_media":27107,"comment_status":"closed","ping_status":"closed","sticky":false,"template":"","format":"standard","meta":{"_monsterinsights_skip_tracking":false,"_monsterinsights_sitenote_active":false,"_monsterinsights_sitenote_note":"","_monsterinsights_sitenote_category":0,"_jetpack_memberships_contains_paid_content":false,"footnotes":""},"categories":[12,9],"tags":[],"class_list":["post-27106","post","type-post","status-publish","format-standard","has-post-thumbnail","hentry","category-mflkvenna","category-fotbolti"],"jetpack_sharing_enabled":true,"jetpack_featured_media_url":"https:\/\/fram.is\/wp-content\/uploads\/2021\/08\/Markmadur-Fram-vefur.jpg","_links":{"self":[{"href":"https:\/\/fram.is\/is\/wp-json\/wp\/v2\/posts\/27106","targetHints":{"allow":["GET"]}}],"collection":[{"href":"https:\/\/fram.is\/is\/wp-json\/wp\/v2\/posts"}],"about":[{"href":"https:\/\/fram.is\/is\/wp-json\/wp\/v2\/types\/post"}],"author":[{"embeddable":true,"href":"https:\/\/fram.is\/is\/wp-json\/wp\/v2\/users\/5"}],"replies":[{"embeddable":true,"href":"https:\/\/fram.is\/is\/wp-json\/wp\/v2\/comments?post=27106"}],"version-history":[{"count":7,"href":"https:\/\/fram.is\/is\/wp-json\/wp\/v2\/posts\/27106\/revisions"}],"predecessor-version":[{"id":27131,"href":"https:\/\/fram.is\/is\/wp-json\/wp\/v2\/posts\/27106\/revisions\/27131"}],"wp:featuredmedia":[{"embeddable":true,"href":"https:\/\/fram.is\/is\/wp-json\/wp\/v2\/media\/27107"}],"wp:attachment":[{"href":"https:\/\/fram.is\/is\/wp-json\/wp\/v2\/media?parent=27106"}],"wp:term":[{"taxonomy":"category","embeddable":true,"href":"https:\/\/fram.is\/is\/wp-json\/wp\/v2\/categories?post=27106"},{"taxonomy":"post_tag","embeddable":true,"href":"https:\/\/fram.is\/is\/wp-json\/wp\/v2\/tags?post=27106"}],"curies":[{"name":"wp","href":"https:\/\/api.w.org\/{rel}","templated":true}]}}