{"id":27168,"date":"2021-08-27T12:06:50","date_gmt":"2021-08-27T12:06:50","guid":{"rendered":"https:\/\/fram.is\/?p=27168"},"modified":"2021-08-27T12:10:51","modified_gmt":"2021-08-27T12:10:51","slug":"tvaer-efnilegar-skrifa-undir","status":"publish","type":"post","link":"https:\/\/fram.is\/is\/2021\/08\/27\/tvaer-efnilegar-skrifa-undir\/","title":{"rendered":"Tv\u00e6r efnilegar skrifa undir"},"content":{"rendered":"<div data-elementor-type=\"wp-post\" data-elementor-id=\"27168\" class=\"elementor elementor-27168\" data-elementor-post-type=\"post\">\n\t\t\t\t\t\t<section class=\"elementor-section elementor-top-section elementor-element elementor-element-0e6357b elementor-section-boxed elementor-section-height-default elementor-section-height-default\" data-id=\"0e6357b\" data-element_type=\"section\">\n\t\t\t\t\t\t<div class=\"elementor-container elementor-column-gap-default\">\n\t\t\t\t\t<div class=\"elementor-column elementor-col-100 elementor-top-column elementor-element elementor-element-921d460\" data-id=\"921d460\" data-element_type=\"column\">\n\t\t\t<div class=\"elementor-widget-wrap elementor-element-populated\">\n\t\t\t\t\t\t<div class=\"elementor-element elementor-element-db8bee8 elementor-widget elementor-widget-text-editor\" data-id=\"db8bee8\" data-element_type=\"widget\" data-widget_type=\"text-editor.default\">\n\t\t\t\t<div class=\"elementor-widget-container\">\n\t\t\t\t\t\t\t\t\t<p>Handknattleiksdeild Fram semur vi\u00f0 2 ungar og efnilegar stelpur<\/p><p>\u00de\u00e6r El\u00edn \u00c1sa Bjarnad\u00f3ttir og Valger\u00f0ur Arnalds hafa skrifa\u00f0 undir tveggja \u00e1ra samning vi\u00f0 Fram<\/p><p>Stelpurnar hafa b\u00e1\u00f0ar spila\u00f0 me\u00f0 ungmennali\u00f0i Fram sem trygg\u00f0i s\u00e9r deildarmeistaratitilinn \u00ed\u00a0Grill 66 deildinni \u00e1 s\u00ed\u00f0asta t\u00edmabili og hafa sta\u00f0i\u00f0 sig vel undanfari\u00f0 \u00e1 \u00e6fingum me\u00f0 meistaraflokki.<\/p><p>\u00dea\u00f0 er miki\u00f0 gle\u00f0iefni fyrir Fram a\u00f0 semja vi\u00f0 El\u00ednu \u00c1su og Valger\u00f0i.<\/p><p>\u00a0<\/p><p>Til hamingju stelpur.<\/p>\t\t\t\t\t\t\t\t<\/div>\n\t\t\t\t<\/div>\n\t\t\t\t\t<\/div>\n\t\t<\/div>\n\t\t\t\t\t<\/div>\n\t\t<\/section>\n\t\t\t\t<section class=\"elementor-section elementor-top-section elementor-element elementor-element-3a896ae elementor-section-boxed elementor-section-height-default elementor-section-height-default\" data-id=\"3a896ae\" data-element_type=\"section\">\n\t\t\t\t\t\t<div class=\"elementor-container elementor-column-gap-default\">\n\t\t\t\t\t<div class=\"elementor-column elementor-col-100 elementor-top-column elementor-element elementor-element-2774b78\" data-id=\"2774b78\" data-element_type=\"column\">\n\t\t\t<div class=\"elementor-widget-wrap elementor-element-populated\">\n\t\t\t\t\t\t<div class=\"elementor-element elementor-element-ea0c47e elementor-widget elementor-widget-image\" data-id=\"ea0c47e\" data-element_type=\"widget\" data-widget_type=\"image.default\">\n\t\t\t\t<div class=\"elementor-widget-container\">\n\t\t\t\t\t\t\t\t\t\t\t\t\t\t\t<img fetchpriority=\"high\" decoding=\"async\" width=\"800\" height=\"640\" src=\"https:\/\/fram.is\/wp-content\/uploads\/2021\/08\/Leikmenn-KVK-Profile-myndir-14-1024x819.png\" class=\"attachment-large size-large wp-image-27170\" alt=\"\" srcset=\"https:\/\/fram.is\/wp-content\/uploads\/2021\/08\/Leikmenn-KVK-Profile-myndir-14-1024x819.png 1024w, https:\/\/fram.is\/wp-content\/uploads\/2021\/08\/Leikmenn-KVK-Profile-myndir-14-800x640.png 800w, https:\/\/fram.is\/wp-content\/uploads\/2021\/08\/Leikmenn-KVK-Profile-myndir-14-300x240.png 300w, https:\/\/fram.is\/wp-content\/uploads\/2021\/08\/Leikmenn-KVK-Profile-myndir-14-768x614.png 768w, https:\/\/fram.is\/wp-content\/uploads\/2021\/08\/Leikmenn-KVK-Profile-myndir-14-1536x1229.png 1536w, https:\/\/fram.is\/wp-content\/uploads\/2021\/08\/Leikmenn-KVK-Profile-myndir-14.png 2000w\" sizes=\"(max-width: 800px) 100vw, 800px\" \/>\t\t\t\t\t\t\t\t\t\t\t\t\t\t\t<\/div>\n\t\t\t\t<\/div>\n\t\t\t\t\t<\/div>\n\t\t<\/div>\n\t\t\t\t\t<\/div>\n\t\t<\/section>\n\t\t\t\t<\/div>","protected":false},"excerpt":{"rendered":"<p>Handknattleiksdeild Fram semur vi\u00f0 2 ungar og efnilegar stelpur \u00de\u00e6r El\u00edn \u00c1sa Bjarnad\u00f3ttir og Valger\u00f0ur Arnalds hafa skrifa\u00f0 undir tveggja \u00e1ra samning vi\u00f0 Fram Stelpurnar hafa b\u00e1\u00f0ar spila\u00f0 me\u00f0 ungmennali\u00f0i [&hellip;]<\/p>","protected":false},"author":7,"featured_media":27170,"comment_status":"closed","ping_status":"closed","sticky":false,"template":"","format":"standard","meta":{"_monsterinsights_skip_tracking":false,"_monsterinsights_sitenote_active":false,"_monsterinsights_sitenote_note":"","_monsterinsights_sitenote_category":0,"_jetpack_memberships_contains_paid_content":false,"footnotes":""},"categories":[6],"tags":[],"class_list":["post-27168","post","type-post","status-publish","format-standard","has-post-thumbnail","hentry","category-handbolti"],"jetpack_sharing_enabled":true,"jetpack_featured_media_url":"https:\/\/fram.is\/wp-content\/uploads\/2021\/08\/Leikmenn-KVK-Profile-myndir-14.png","_links":{"self":[{"href":"https:\/\/fram.is\/is\/wp-json\/wp\/v2\/posts\/27168","targetHints":{"allow":["GET"]}}],"collection":[{"href":"https:\/\/fram.is\/is\/wp-json\/wp\/v2\/posts"}],"about":[{"href":"https:\/\/fram.is\/is\/wp-json\/wp\/v2\/types\/post"}],"author":[{"embeddable":true,"href":"https:\/\/fram.is\/is\/wp-json\/wp\/v2\/users\/7"}],"replies":[{"embeddable":true,"href":"https:\/\/fram.is\/is\/wp-json\/wp\/v2\/comments?post=27168"}],"version-history":[{"count":4,"href":"https:\/\/fram.is\/is\/wp-json\/wp\/v2\/posts\/27168\/revisions"}],"predecessor-version":[{"id":27173,"href":"https:\/\/fram.is\/is\/wp-json\/wp\/v2\/posts\/27168\/revisions\/27173"}],"wp:featuredmedia":[{"embeddable":true,"href":"https:\/\/fram.is\/is\/wp-json\/wp\/v2\/media\/27170"}],"wp:attachment":[{"href":"https:\/\/fram.is\/is\/wp-json\/wp\/v2\/media?parent=27168"}],"wp:term":[{"taxonomy":"category","embeddable":true,"href":"https:\/\/fram.is\/is\/wp-json\/wp\/v2\/categories?post=27168"},{"taxonomy":"post_tag","embeddable":true,"href":"https:\/\/fram.is\/is\/wp-json\/wp\/v2\/tags?post=27168"}],"curies":[{"name":"wp","href":"https:\/\/api.w.org\/{rel}","templated":true}]}}