{"id":27203,"date":"2021-08-28T21:54:54","date_gmt":"2021-08-28T21:54:54","guid":{"rendered":"https:\/\/fram.is\/?p=27203"},"modified":"2021-08-28T21:54:54","modified_gmt":"2021-08-28T21:54:54","slug":"fundurinn","status":"publish","type":"post","link":"https:\/\/fram.is\/is\/2021\/08\/28\/fundurinn\/","title":{"rendered":"Fundurinn"},"content":{"rendered":"<p>Seint \u00ed n\u00f3vember var n\u00edunda og s\u00ed\u00f0asta b\u00f3k finnsku sk\u00e1ldkonunnar Tove Jansson um \u00e6vint\u00fdri M\u00fam\u00ednfj\u00f6lskyldunnar. H\u00fan er \u00f3venju\u00feunglyndisleg af barnab\u00f3k a\u00f0 vera, sem kann a\u00f0 sk\u00fdrast af \u00fev\u00ed a\u00f0 rith\u00f6fundurinn haf\u00f0i n\u00fdveri\u00f0 misst m\u00f3\u00f0ur s\u00edna sem veri\u00f0 haf\u00f0i henni afar n\u00e1in. \u00d6nnur s\u00e9rsta\u00f0a verksins er a\u00f0 a\u00f0als\u00f6guhetjur sagnaflokksins eru hvergi n\u00e1l\u00e6gar. M\u00fam\u00ednfj\u00f6lskyldan hefur yfirgefi\u00f0 M\u00fam\u00edndal og tilvera allra hinna sm\u00e1d\u00fdranna ri\u00f0ar til falls \u00feegar hinn fasti punktur tilverunnar hverfur skyndilega. \u00deetta er saga um angist. Saga um s\u00f6knu\u00f0. En l\u00edka saga um \u00feroska \u00feess sem \u00e1ttar sig \u00e1 a\u00f0 hann ver\u00f0ur a\u00f0 \u00ferauka \u00e1fram og l\u00e6ra a\u00f0 standa \u00e1 eigin f\u00f3tum.<\/p><p>Leiknum gegn Gr\u00f3ttu \u00ed dag svipa\u00f0i mj\u00f6g til \u00feessarar \u00e1hrifamiklu sk\u00e1lds\u00f6gu.<\/p><p>\u201eHvar er Stef\u00e1n og appels\u00ednugula vesti\u00f0 hans?\u201c \u2013 spur\u00f0u undrandi Framherjar \u00ed f\u00ednumannasamkv\u00e6minu fyrir leikinn. Kaffi\u00f0 var a\u00f0 s\u00f6nnu rj\u00fakandi \u00far bollunum og hr\u00edma\u00f0ur bj\u00f3r \u00ed st\u00f6ku glasi, en \u00fea\u00f0 var eitthva\u00f0 sem vanta\u00f0i. \u00cd kj\u00f6lfari\u00f0 rann upp fyrir h\u00f3pnum a\u00f0 \u00fearna var enginn Valur Nor\u00f0ri heldur og \u00fear me\u00f0 enginn markafleygur. Hvernig g\u00e6ti \u00feetta gengi\u00f0 upp? Sams\u00e6riskenningarnar f\u00f3ru a\u00f0 flj\u00faga. Ef til vill v\u00e6ri fr\u00e9ttaritarinn me\u00f0 Covid? Hann v\u00e6ri n\u00fa sannarlega ekki fr\u00e6gur fyrir hand\u00fevotta og alltaf a\u00f0 naga \u00e1 s\u00e9r neglurnar&#8230; E\u00f0a risti \u00feetta d\u00fdpra? N\u00fa hef\u00f0i hlj\u00f3\u00f0i\u00f0 \u00ed leiksk\u00fdrslunni eftir \u00der\u00f3ttarjafntefli\u00f0 veri\u00f0 \u00f3venju \u00feungt. Haf\u00f0i fj\u00e1rans j\u00f6fnunarmarki\u00f0 fr\u00e1 Hewson \u00e1 lokasek\u00fandunni lagst svo \u00feungt \u00e1 s\u00e1lartetri\u00f0 hj\u00e1 fr\u00e9ttaritaranum a\u00f0 hann hann hef\u00f0i \u00e1kve\u00f0i\u00f0 a\u00f0 leggja minnisblokkina \u00e1 hilluna? Sn\u00f6gglega ur\u00f0u tebollurnar og ostaslaufubitarnir \u00feyngri undir t\u00f6nn og \u00feurrari \u00ed h\u00e1lsinn.<\/p><p>M\u00e6tti Nonni sj\u00e1lfur til a\u00f0 lesa upp byrjunarli\u00f0i\u00f0? E\u00f0a var A\u00f0alsteinn sendur \u00ed djobbi\u00f0? \u00dea\u00f0 mun enginn f\u00e1 a\u00f0 vita. Ef tr\u00e9 fellur \u00ed sk\u00f3gi og enginn er n\u00e1l\u00e6gur&#8230; og \u00fea\u00f0 allt. \u2013 Byrjunarli\u00f0i\u00f0 m\u00e1tti \u00fe\u00f3 lesa \u00e1 netinu. \u00dea\u00f0 var \u00f6rl\u00edti\u00f0 fr\u00e1brug\u00f0i\u00f0 \u00fev\u00ed sem bo\u00f0i\u00f0 var upp \u00e1 \u00ed Laugardalnum \u00ed vikunni. \u00d3li \u00ed markinu. Kyle og Gunnar mi\u00f0ver\u00f0ir. Halli og Alex bakver\u00f0ir. \u00d3skar aftastur \u00e1 mi\u00f0junni me\u00f0 Indri\u00f0a og Albert fyrir framan sig, Fred og M\u00e1 \u00e1 k\u00f6ntunum og \u00de\u00f3ri fremstan.<\/p><p>En fr\u00e9ttaritarinn haf\u00f0i hvorki sleikt hur\u00f0arh\u00fana n\u00e9 l\u00e1 hann heima \u00ed hugarv\u00edli eftir t\u00f6pu\u00f0u stigin tv\u00f6 \u00e1 \u00feri\u00f0judaginn. Nei, hann var staddur \u00ed H\u00f6rpu \u00e1 landsfundi stj\u00f3rnm\u00e1laflokksins s\u00edns, \u00fear sem honum haf\u00f0i veri\u00f0 \u00fathluta\u00f0 emb\u00e6tti: s\u00e6ti \u00ed allsherjarnefnd, sem hlj\u00f3mar t\u00f6ff en felur \u00ed raun \u00ed s\u00e9r pr\u00f3farkarlestur og textavinnu \u00ed \u00e1lyktunum. L\u00f6ngu fyrir fundinn haf\u00f0i hann tilkynnt lei\u00f0toganum mikla a\u00f0 \u201em\u00f6gulega \u00feyrfti hann a\u00f0 geta skotist fr\u00e1 laust fyrir klukkan tv\u00f6&#8230;\u201c \u2013 \u00feeirri \u00f3sk haf\u00f0i veri\u00f0 teki\u00f0 \u00e1g\u00e6tlega, en \u00feegar \u00e1 lei\u00f0 og breytingatill\u00f6gurnar t\u00f3ku a\u00f0 turnast upp var\u00f0 s\u00edfellt lj\u00f3sara a\u00f0 kraftaverk \u00feyrfti til a\u00f0 appels\u00ednugula vesti\u00f0 l\u00e9ti sj\u00e1 sig \u00ed Sambam\u00fdri, a\u00f0 ekki s\u00e9 tala\u00f0 um innvols \u00feess.<\/p><p>A\u00f0 lokinni kosningu til flokksstj\u00f3rnar opna\u00f0i fr\u00e9ttaritarinn vafrann og dr\u00f3 fram Visa-korti\u00f0. \u00dea\u00f0 yr\u00f0i v\u00edst a\u00f0 duga a\u00f0 l\u00e1ta uppt\u00f6kuna \u00e1 Lengjudeildinpunkturis malla \u00ed horninu \u00e1 me\u00f0an \u00ferasa\u00f0 yr\u00f0i um or\u00f0ar\u00f6\u00f0 \u00ed menntam\u00e1lastefnunni og klausu um s\u00f3knarf\u00e6ri l\u00edfr\u00e6nnar r\u00e6ktunar tro\u00f0i\u00f0 inn \u00ed stj\u00f3rnm\u00e1la\u00e1lyktunina. Gangandi \u00e1 milli herbergja og hlustandi \u00e1 almennar stj\u00f3rnm\u00e1laumr\u00e6\u00f0ur s\u00e1 hann \u00fatundan s\u00e9r hvernig \u00de\u00f3rir sveif h\u00e6st allra og stanga\u00f0i me\u00f0 rau\u00f0a hausnum s\u00ednum flotta fyrirgj\u00f6f fr\u00e1 M\u00e1 utan af kanti, 1:0 eftir um sj\u00f6 m\u00edn\u00fatna leik. G\u00e1rungarnir segja a\u00f0 eina spennan \u00ed Lengjudeildinni um \u00feessar mundir s\u00e9 hver muni skora flest m\u00f6rk fyrir Fram? Fred er sem stendur efstur me\u00f0 \u00e1tta, en \u00de\u00f3rir er n\u00fa \u00ed \u00f6\u00f0ru s\u00e6tinu og hefur stungi\u00f0 s\u00e9r fram fyrir Indri\u00f0a, Gu\u00f0mund og Albert sem eru allir me\u00f0 sex. \u00cd Al\u00fe\u00fd\u00f0ul\u00fd\u00f0veldi Katr\u00ednar Jakobsd\u00f3ttur eru allir jafnir og \u00ed byltingarboltasveit Nonna Sveins f\u00e1 allir a\u00f0 skora fullt af m\u00f6rkum!<\/p><figure class=\"wp-block-image size-large\"><img fetchpriority=\"high\" decoding=\"async\" width=\"800\" height=\"800\" src=\"https:\/\/fram.is\/wp-content\/uploads\/2021\/08\/Toti.jpg\" alt=\"\" class=\"wp-image-27205\" srcset=\"https:\/\/fram.is\/wp-content\/uploads\/2021\/08\/Toti.jpg 800w, https:\/\/fram.is\/wp-content\/uploads\/2021\/08\/Toti-100x100.jpg 100w, https:\/\/fram.is\/wp-content\/uploads\/2021\/08\/Toti-300x300.jpg 300w, https:\/\/fram.is\/wp-content\/uploads\/2021\/08\/Toti-150x150.jpg 150w, https:\/\/fram.is\/wp-content\/uploads\/2021\/08\/Toti-768x768.jpg 768w\" sizes=\"(max-width: 800px) 100vw, 800px\" \/><\/figure><p>Fr\u00e9ttaritarinn fagna\u00f0i eins innilega og si\u00f0fer\u00f0islega var verjandi \u00ed h\u00f3pi sem \u00e1tti a\u00f0 vera a\u00f0 sinna textavinnu. Sessunauturinn Leifur, ungur l\u00f6gfr\u00e6\u00f0ingur af grj\u00f3th\u00f6r\u00f0um r\u00f3tt\u00e6klinga\u00e6ttum, veitti upp\u00f6rvandi hr\u00f3s. Sj\u00e1lfur gj\u00f3a\u00f0i hann augunum \u00ed s\u00edfellu \u00e1 s\u00edmann til a\u00f0 fylgjast me\u00f0 gangi m\u00e1la hj\u00e1 s\u00ednum m\u00f6nnum, \u00der\u00f3tturum. \u00dea\u00f0 enda\u00f0i vitaskuld allt \u00ed t\u00e1rum, eins og \u00e9g hef\u00f0i svo sem geta\u00f0 \u00fatsk\u00fdrt fyrir honum. R\u00f6nd\u00f3ttum hlaut a\u00f0 hefnast fyrir \u00feetta jafntefli \u00e1 \u00feri\u00f0judaginn. Svona fer \u00feegar menn flj\u00faga of n\u00e6rri s\u00f3linni.<\/p><p>\u201eHmm&#8230; \u00fea\u00f0 er komi\u00f0 rautt spjald \u00e1 Fram!\u201c uppl\u00fdsti l\u00f6gfr\u00e6\u00f0i-Leifur upp \u00far eins manns hlj\u00f3\u00f0i. \u00de\u00f3tt fr\u00e9ttaritarinn hef\u00f0i reynt a\u00f0 gj\u00f3a reglulega augum \u00e1 leikinn og virtist okkar menn hafa \u00feetta a\u00f0 mestu undir sinni stj\u00f3rn, \u00fe\u00e1 haf\u00f0i \u00feessi brottv\u00edsun alveg fari\u00f0 fram hj\u00e1 honum. Pr\u00fa\u00f0menni\u00f0 Gunnar uppskar beint rautt spjald eftir t\u00e6plega h\u00e1lft\u00edma leik fyrir a\u00f0 sparka \u00ed einn Seltirninginn. \u00d6ll h\u00f6fum vi\u00f0 upplifa\u00f0 \u00fea\u00f0 a\u00f0 langa til a\u00f0 sparka \u00ed Seltirninga en f\u00e9lagslega taumhaldi\u00f0 komi\u00f0 \u00ed veg fyrir \u00fea\u00f0. N\u00fa horf\u00f0u bl\u00e1kl\u00e6ddir fram \u00e1 klukkut\u00edma leik, manninum f\u00e6rri. Beint \u00ed kj\u00f6lfar rau\u00f0a spjaldsins ger\u00f0u J\u00f3n og A\u00f0alsteinn takt\u00edska skiptingu, \u00fear sem Hlynur kom inn\u00e1 en Fred f\u00f3r af velli.<\/p><p>Enn seig \u00e1 \u00f3g\u00e6fuhli\u00f0ina \u00feegar fart\u00f6lva fr\u00e9ttaritarans t\u00f3k a\u00f0 gefa merki um yfirvofandi rafmagnsleysi \u00feegar l\u00ed\u00f0a t\u00f3k a\u00f0 leikhl\u00e9i. \u00dea\u00f0 eina \u00ed st\u00f6\u00f0unni var \u00fev\u00ed a\u00f0 tengja hana \u00ed n\u00e1l\u00e6ga innstungu, spottakorn fr\u00e1 bor\u00f0inu \u00fear sem a\u00f0rir fulltr\u00faar \u00e1lyktana- og allsherjarnefndar s\u00e1tu a\u00f0 st\u00f6rfum. \u00dear st\u00f3\u00f0 svo fr\u00e9ttaritarinn upp \u00ed endann, me\u00f0 t\u00f6lvuna hv\u00edlandi \u00e1 v\u00f6mbinni og hr\u00f3pandi or\u00f0alag \u00e1 klausum um eflingu fullor\u00f0insfr\u00e6\u00f0slu og mikilv\u00e6gi opinbers rekstrar \u00ed heilbrig\u00f0iskerfinu til f\u00e9laganna, sem reyndu a\u00f0 \u00feykjast ekki taka eftir \u00fev\u00ed a\u00f0 hann v\u00e6ri a\u00f0 g\u00f3na \u00e1 f\u00f3tboltaleik&#8230; \u00c1 \u00feessum m\u00edn\u00fatum var\u00f0i Halli \u00e1 markl\u00ednu og Framarar sluppu inn \u00ed leikhl\u00e9i\u00f0 me\u00f0 eins marks forystu og fr\u00e9ttaritarinn f\u00e9kk kort\u00e9r \u00ed a\u00f0 reyna a\u00f0 samr\u00e6ma \u00ferj\u00e1r setningar um sj\u00e1var\u00fatvegsm\u00e1l vi\u00f0 stefnuna sem sam\u00feykkt var \u00ed vor. Andr\u00famslofti\u00f0 \u00ed f\u00e9lagsheimilinu hefur v\u00e6ntanlega veri\u00f0 l\u00e6vi blandi\u00f0 \u00ed \u00fer\u00fagandi fjarveru \u00fei\u00f0 viti\u00f0 hvers.<\/p><p>Seinni h\u00e1lfleikur byrja\u00f0i r\u00f3lega. Gr\u00f3ttumenn stj\u00f3rnu\u00f0u spilinu og Framarar dr\u00f3gu sig jafnt og \u00fe\u00e9tt aftar \u00e1 v\u00f6llinn, en bjuggu sig undir a\u00f0 \u00f3gna me\u00f0 skyndis\u00f3knum. Einni sl\u00edkri lauk me\u00f0 hornspyrnu \u00e1 54. m\u00edn\u00fatu. Albert skokka\u00f0i me\u00f0 boltann a\u00f0 hornf\u00e1nanum og bj\u00f3 sig undir a\u00f0 senda fyrir&#8230; \u00feegar myndin fraus.<\/p><p>Eftir um \u00fea\u00f0 bil \u00e1tj\u00e1n tilraunir til a\u00f0 r\u00edfressa Lengjudeildinapunkturis \u00e1kva\u00f0 fr\u00e9ttaritarinn a\u00f0 j\u00e1ta sig sigra\u00f0an. Restin af leiknum yr\u00f0i tekin \u00e1 textal\u00fdsingunni \u00e1 f\u00f3tboltapunkturnet, sem er ekki n\u00e6rri eins uppl\u00fdsandi um gang m\u00e1la og bein sj\u00f3nvarpssending en \u00fe\u00f3 til \u00f6llu meiri vins\u00e6lda falli\u00f0 fyrir \u00feann sem \u00feykist \u00e1 sama t\u00edma vera a\u00f0 taka \u00fe\u00e1tt \u00ed h\u00f3pvinnu.<\/p><p>(H\u00f6skuldarvi\u00f0v\u00f6run: hafi \u00feessi f\u00f3tboltask\u00fdrsla skrifu\u00f0 af manni sem horf\u00f0i \u00e1 leik \u00e1 t\u00f6lvuskj\u00e1 me\u00f0 \u00f6\u00f0ru auganu veri\u00f0 \u00e1 p\u00f3stm\u00f3dern\u00edsku r\u00f3fi, \u00fe\u00e1 ver\u00f0ur h\u00fan h\u00e1lfu verri eftir a\u00f0 sj\u00f3nvarps\u00fatsendingunni var skipt \u00fat fyrir textal\u00fdsingu.)<\/p><p>\u00c1 68. m\u00edn\u00fatu ger\u00f0u Framarar tv\u00f6falda skiptingu, \u00fear sem Albert og \u00de\u00f3rir f\u00f3ru \u00fataf fyrir Gumma Magg og Aron \u00de\u00f3r\u00f0. S\u00fa t\u00edmasetning er \u00fe\u00f3 birt me\u00f0 nokkrum fyrirvara \u00fear sem m\u00edn\u00faturnar \u00ed textal\u00fdsingunni stangast a\u00f0eins \u00e1 vi\u00f0 klukkuna \u00ed myndbandinu af \u00feessum leikhluta sem skellt var inn \u00e1 Lengjudeildarvefinn nokkru eftir leik. Hva\u00f0 sem \u00fev\u00ed l\u00ed\u00f0ur lei\u00f0 ekki langur t\u00edmi uns boltinn l\u00e1 \u00ed neti Framara eftir \u00e1g\u00e6ta s\u00f3kn og skot r\u00e9tt fyrir utan teig sem \u00d3li s\u00e1 ekki fyrr en of seint, 1:1 og stemningin farin a\u00f0 s\u00farna allverulega. Gat hugsast a\u00f0 Framarar v\u00e6ru a\u00f0 missa allt \u00ed skr\u00fafuna \u00e1 lokasprettinum og f\u00ednu og flottu stigametin rynnu okkur \u00far greipum? Nei, engar \u00e1hyggjur. Haraldur Einar \u00c1sgr\u00edmsson var ekki a\u00f0 fara a\u00f0 l\u00e1ta neitt sl\u00edkt gerast&#8230;<\/p><p>Ma\u00f0ur er nefndur Graham French. Hann l\u00e9k me\u00f0 fj\u00f6lda enskra li\u00f0a \u00e1 \u00e1rabilinu 1961-76. S\u00edn bestu \u00e1r \u00e1tti hann \u00fe\u00f3 me\u00f0 Luton Town \u00fear sem hann skora\u00f0i 22 m\u00f6rk \u00ed 182 leikjum. Fr\u00e6gast \u00feeirra var marki\u00f0 \u00e1 m\u00f3ti Mansfield \u00feann \u00e1tj\u00e1nda september \u00e1ri\u00f0 1968. Marki\u00f0 hefur \u00edtreka\u00f0 veri\u00f0 vali\u00f0 \u00fea\u00f0 fallegasta \u00ed gj\u00f6rvallri s\u00f6gu Luton og raunar tali\u00f0 eitt flottasta mark sem skora\u00f0 hefur veri\u00f0 \u00ed f\u00f3tboltaleik. \u00deetta er \u00feeim mun merkilegra \u00ed lj\u00f3si \u00feess a\u00f0 engin upptaka er til af markinu, a\u00f0eins \u00fatvarpsl\u00fdsing og bl\u00fdantsteikningar listamanna. \u00c1horfendur \u00e1 Mansfield-leiknum voru ekkert s\u00e9rlega margir, en samt finnst heilu kynsl\u00f3\u00f0um Luton-unnenda \u00fe\u00e6r hafa veri\u00f0 staddar \u00e1 p\u00f6llunum \u00feegar Graham French skora\u00f0i hi\u00f0 fullkomna mark. F\u00e6ra m\u00e1 r\u00f6k fyrir \u00fev\u00ed a\u00f0 hluti af fegur\u00f0 og gl\u00e6sileik marksins felist \u00ed \u00feeirri sta\u00f0reynd a\u00f0 \u00fea\u00f0 var ekki fest \u00e1 filmu, heldur lifir alfari\u00f0 \u00ed munnlegri geymd.<\/p><p>\u00cd dag endurt\u00f3k sagan sig. \u00deegar um t\u00edu m\u00edn\u00fatur voru eftir af leiknum negldi Halli bakv\u00f6r\u00f0ur boltanum af f\u00e1r\u00e1nlegu f\u00e6ri, alg\u00f6rlega upp \u00far engu, \u00ed st\u00f6ngina og inn. Fallegasta mark \u00edslenskrar f\u00f3tboltas\u00f6gu leit dagsins lj\u00f3s og enginn getur s\u00e9\u00f0 \u00fea\u00f0 aftur, \u00fev\u00ed m\u00f3\u00f0urt\u00f6lva Fram-tv var a\u00f0 endurr\u00e6sa sig \u00e1 me\u00f0an. Fr\u00e9ttaritarinn mun aldrei gleyma \u00fev\u00ed hvar hann var staddur \u00feegar hann s\u00e1 ekki \u00feetta \u00f3gleymanlega mark. Eftir fimmt\u00edu \u00e1r munu ungir Framarar tala um negluna hans Halla og f\u00f3tboltanir\u00f0ir munu r\u00edfast um hvort h\u00fan e\u00f0a hj\u00f3lhestaspyrna J\u00f3hannesar E\u00f0valdssonar gegn Austur-\u00dej\u00f3\u00f0verjum \u00e1ri\u00f0 1975 hafi veri\u00f0 flottari. Einungis fl\u00f3n munu tilnefna B\u00fabba.<\/p><figure class=\"wp-block-image size-large\"><img decoding=\"async\" width=\"800\" height=\"800\" src=\"https:\/\/fram.is\/wp-content\/uploads\/2021\/08\/Halli.jpg\" alt=\"\" class=\"wp-image-27206\" srcset=\"https:\/\/fram.is\/wp-content\/uploads\/2021\/08\/Halli.jpg 800w, https:\/\/fram.is\/wp-content\/uploads\/2021\/08\/Halli-100x100.jpg 100w, https:\/\/fram.is\/wp-content\/uploads\/2021\/08\/Halli-300x300.jpg 300w, https:\/\/fram.is\/wp-content\/uploads\/2021\/08\/Halli-150x150.jpg 150w, https:\/\/fram.is\/wp-content\/uploads\/2021\/08\/Halli-768x768.jpg 768w\" sizes=\"(max-width: 800px) 100vw, 800px\" \/><\/figure><p>Eftir marki\u00f0 dr\u00f3gu Framarar sig skiljanlega enn aftar \u00e1 v\u00f6llinn \u00e1 me\u00f0an Gr\u00f3ttumenn reyndu a\u00f0 s\u00e6kja. \u00deeir n\u00e1\u00f0u vissulega einhverjum f\u00e6rum og m\u00f6gulega v\u00f6r\u00f0um vi\u00f0 einu sinni e\u00f0a tvisvar \u00e1 l\u00ednu, en \u00fea\u00f0 var \u00fe\u00f3 ekkert mi\u00f0a\u00f0 vi\u00f0 h\u00f6rmungarleikina okkar gegn Gr\u00f3ttunni 2019 \u00fear sem vi\u00f0 \u00f3\u00f0um svolei\u00f0is \u00ed dau\u00f0af\u00e6runum, svo st\u00f3rs\u00e1 \u00e1 sl\u00e1m og markst\u00f6ngum en t\u00f6pu\u00f0um samt. Karma endar \u00e1 a\u00f0 b\u00edta menn \u00ed rassinn.<\/p><p>Leiknum lauk og fr\u00e6gur 2:1 sigur \u00ed h\u00f6fn. Ef til vill ver\u00f0a Framarar meistarar \u00e1 textavarpinu n\u00e6sta f\u00f6studag \u2013 fari svo a\u00f0 Eyjamenn losni \u00far s\u00f3ttkv\u00ed og n\u00e1i ekki a\u00f0 vinna s\u00f3mapiltinn Gary Martin og f\u00e9laga. A\u00f0 \u00f6\u00f0rum kosti getum vi\u00f0 kl\u00e1ra\u00f0 \u00feetta verkefni \u00ed Grindav\u00edk \u00e1 laugardag, sem ver\u00f0ur varla komin undir hraun \u00fe\u00f3tt straumurinn s\u00e9 farinn a\u00f0 f\u00e6rast \u00far eystri Merard\u00f6lum. L\u00edklega er \u00fe\u00f3 skynsamlegt a\u00f0 skilja b\u00edlinn eftir \u00ed lausagangi me\u00f0an \u00e1 leik stendur ef til skyndilegrar r\u00fdmingar kemur. Enn er nokku\u00f0 \u00ed stigamet. Fram er me\u00f0 51 stig en \u00d3lafsv\u00edkur-V\u00edkingar n\u00e1\u00f0u 54 um \u00e1ri\u00f0. Sj\u00e1umst su\u00f0ur me\u00f0 sj\u00f3.<\/p><p>Og j\u00e1&#8230; svo m\u00e6tum vi\u00f0 \u00f6ll og sty\u00f0jum Framstelpurnar \u00e1 m\u00f3ti Austlendingum \u00ed umspilinu. Anna\u00f0 v\u00e6ri skandall.<\/p><p>Stef\u00e1n P\u00e1lsson<\/p>","protected":false},"excerpt":{"rendered":"<p>Seint \u00ed n\u00f3vember var n\u00edunda og s\u00ed\u00f0asta b\u00f3k finnsku sk\u00e1ldkonunnar Tove Jansson um \u00e6vint\u00fdri M\u00fam\u00ednfj\u00f6lskyldunnar. H\u00fan er \u00f3venju\u00feunglyndisleg af barnab\u00f3k a\u00f0 vera, sem kann a\u00f0 sk\u00fdrast af \u00fev\u00ed a\u00f0 rith\u00f6fundurinn [&hellip;]<\/p>","protected":false},"author":5,"featured_media":27204,"comment_status":"closed","ping_status":"closed","sticky":false,"template":"","format":"standard","meta":{"_monsterinsights_skip_tracking":false,"_monsterinsights_sitenote_active":false,"_monsterinsights_sitenote_note":"","_monsterinsights_sitenote_category":0,"_jetpack_memberships_contains_paid_content":false,"footnotes":""},"categories":[9,11,10],"tags":[],"class_list":["post-27203","post","type-post","status-publish","format-standard","has-post-thumbnail","hentry","category-fotbolti","category-mflkarla","category-frettir"],"jetpack_sharing_enabled":true,"jetpack_featured_media_url":"https:\/\/fram.is\/wp-content\/uploads\/2021\/08\/forsida.jpg","_links":{"self":[{"href":"https:\/\/fram.is\/is\/wp-json\/wp\/v2\/posts\/27203","targetHints":{"allow":["GET"]}}],"collection":[{"href":"https:\/\/fram.is\/is\/wp-json\/wp\/v2\/posts"}],"about":[{"href":"https:\/\/fram.is\/is\/wp-json\/wp\/v2\/types\/post"}],"author":[{"embeddable":true,"href":"https:\/\/fram.is\/is\/wp-json\/wp\/v2\/users\/5"}],"replies":[{"embeddable":true,"href":"https:\/\/fram.is\/is\/wp-json\/wp\/v2\/comments?post=27203"}],"version-history":[{"count":3,"href":"https:\/\/fram.is\/is\/wp-json\/wp\/v2\/posts\/27203\/revisions"}],"predecessor-version":[{"id":27209,"href":"https:\/\/fram.is\/is\/wp-json\/wp\/v2\/posts\/27203\/revisions\/27209"}],"wp:featuredmedia":[{"embeddable":true,"href":"https:\/\/fram.is\/is\/wp-json\/wp\/v2\/media\/27204"}],"wp:attachment":[{"href":"https:\/\/fram.is\/is\/wp-json\/wp\/v2\/media?parent=27203"}],"wp:term":[{"taxonomy":"category","embeddable":true,"href":"https:\/\/fram.is\/is\/wp-json\/wp\/v2\/categories?post=27203"},{"taxonomy":"post_tag","embeddable":true,"href":"https:\/\/fram.is\/is\/wp-json\/wp\/v2\/tags?post=27203"}],"curies":[{"name":"wp","href":"https:\/\/api.w.org\/{rel}","templated":true}]}}