{"id":27277,"date":"2021-09-01T09:39:58","date_gmt":"2021-09-01T09:39:58","guid":{"rendered":"https:\/\/fram.is\/?p=27277"},"modified":"2021-09-01T14:39:39","modified_gmt":"2021-09-01T14:39:39","slug":"fallinn-er-fra-langt-fyrir-aldur-fram-eirikur-einarsson","status":"publish","type":"post","link":"https:\/\/fram.is\/is\/2021\/09\/01\/fallinn-er-fra-langt-fyrir-aldur-fram-eirikur-einarsson\/","title":{"rendered":"Fallinn er fr\u00e1, langt fyrir aldur fram, Eir\u00edkur Einarsson"},"content":{"rendered":"<div data-elementor-type=\"wp-post\" data-elementor-id=\"27277\" class=\"elementor elementor-27277\" data-elementor-post-type=\"post\">\n\t\t\t\t\t\t<section class=\"elementor-section elementor-top-section elementor-element elementor-element-2f8fdbe elementor-section-boxed elementor-section-height-default elementor-section-height-default\" data-id=\"2f8fdbe\" data-element_type=\"section\">\n\t\t\t\t\t\t<div class=\"elementor-container elementor-column-gap-default\">\n\t\t\t\t\t<div class=\"elementor-column elementor-col-100 elementor-top-column elementor-element elementor-element-d90a866\" data-id=\"d90a866\" data-element_type=\"column\">\n\t\t\t<div class=\"elementor-widget-wrap elementor-element-populated\">\n\t\t\t\t\t\t<div class=\"elementor-element elementor-element-a03150a elementor-widget elementor-widget-text-editor\" data-id=\"a03150a\" data-element_type=\"widget\" data-widget_type=\"text-editor.default\">\n\t\t\t\t<div class=\"elementor-widget-container\">\n\t\t\t\t\t\t\t\t\t<p>Fallinn er fr\u00e1, langt fyrir aldur fram, Eir\u00edkur Einarsson.<\/p>\n<p>Eiki er best \u00feekktur \u00e1 me\u00f0al Framara sem h\u00f6fundur og flytjandi Framlagsins Bl\u00e1ir og bestir; lag sem kl\u00e1ra\u00f0 var me\u00f0 g\u00f3\u00f0um stu\u00f0ningi, hj\u00e1lp og velvild margra Framara vori\u00f0 2012 og var afhent f\u00e9laginu til eignar og afnota \u00fea\u00f0 sumar.&nbsp; Lagi\u00f0 hefur \u00ed seinni t\u00ed\u00f0 heyrst talsvert \u00ed Safam\u00fdrinni, a\u00f0allega \u00e1 handboltaleikjum f\u00e9lagsins.<\/p>\n<p>Lengst af var Eiki sj\u00e1lst\u00e6tt starfandi bla\u00f0ama\u00f0ur.&nbsp; Hann var ritstj\u00f3ri Mi\u00f0b\u00e6jarp\u00f3stsins um \u00e1rabil jafnframt \u00fev\u00ed a\u00f0 gefa \u00fat reglulega handb\u00e6kur um EM og HM \u00ed b\u00e6\u00f0i f\u00f3tbolta og handbolta.&nbsp; Hann var hafsj\u00f3r fr\u00f3\u00f0leiks um f\u00f3tbolta s\u00e9rstaklega, og var \u00e1huginn \u00e1kafur og \u00f3svikinn og au\u00f0velt var a\u00f0 hr\u00edfast me\u00f0 Eika \u00feegar hann komst \u00e1 flug.<\/p>\n<p>Hann var jafnframt fl\u00ednkur m\u00fas\u00edkant og lunkinn lagasmi\u00f0ur me\u00f0 gott eyra fyrir gr\u00edpandi mel\u00f3d\u00edum enda alinn upp af \u00feeim f\u00e9l\u00f6gum Sir Paul og Mister Lennon.&nbsp;<\/p>\n<p>Eftir Eika liggja fimm s\u00f3l\u00f3pl\u00f6tur, \u00fdmist gefnar \u00fat undir nafninu Eiki Einars ellegar Eiki Einars og byltingaboltarnir.<\/p>\n<p>Um \u00e1rabil var Eiki einnegin forma\u00f0ur og einn af stofnendum B\u00edtlakl\u00fabbsins svokalla\u00f0a, sem l\u00e9t talsvert af s\u00e9r kve\u00f0a \u00e1 t\u00eduanda \u00e1ratug s\u00ed\u00f0ustu aldar.<\/p>\n<p>Eiki var eitilhar\u00f0ur Framari fr\u00e1 blautu barnsbeini og bar hag og velfer\u00f0 f\u00e9lagsins \u00e1vallt fyrir brj\u00f3sti.&nbsp; \u00dear sem hann var fjarri g\u00f3\u00f0u gamni \u00e1 Sp\u00e1ni \u00fear sem hann var b\u00fasettur a\u00f0 mestu leyti s\u00ed\u00f0ustu \u00e1rin, fylgdist hann spenntur me\u00f0 vegfer\u00f0 meistarflokks karla \u00ed sumar \u00ed gegnum veraldarvefinn og missti ekki af leik \u00fe\u00f6kk s\u00e9 <a href=\"http:\/\/lengjudeildin.is\" target=\"_blank\" rel=\"noopener\">lengjudeildin.is<\/a>.<\/p>\n<p>Eir\u00edkur Einarsson l\u00e9st \u00e1 Sp\u00e1ni \u00feann 18. \u00e1g\u00fast s.l.&nbsp; Hann var 56 \u00e1ra.&nbsp; Blessu\u00f0 s\u00e9 minning hans.<\/p>\n<p>Bl\u00e1ir og bestir \u00e1 YouTube:&nbsp;<a href=\"https:\/\/www.youtube.com\/watch?v=oCEcHAWuMCU&amp;t=13s\" target=\"_blank\" rel=\"noopener\">(471) Bl\u00e1ir og Bestir &#8211; Stu\u00f0ningsmannalag FRAM &#8211; YouTube<\/a><\/p>\n<p>Me\u00f0fylgjandi eru tv\u00e6r myndir af Eika, \u00f6nnur tekin \u00ed st\u00fakunni \u00e1 bikar\u00farslitaleiknum 2013.&nbsp;<\/p>\t\t\t\t\t\t\t\t<\/div>\n\t\t\t\t<\/div>\n\t\t\t\t\t<\/div>\n\t\t<\/div>\n\t\t\t\t\t<\/div>\n\t\t<\/section>\n\t\t\t\t<section class=\"elementor-section elementor-top-section elementor-element elementor-element-6a11bbc elementor-section-boxed elementor-section-height-default elementor-section-height-default\" data-id=\"6a11bbc\" data-element_type=\"section\">\n\t\t\t\t\t\t<div class=\"elementor-container elementor-column-gap-default\">\n\t\t\t\t\t<div class=\"elementor-column elementor-col-50 elementor-top-column elementor-element elementor-element-82ed713\" data-id=\"82ed713\" data-element_type=\"column\">\n\t\t\t<div class=\"elementor-widget-wrap elementor-element-populated\">\n\t\t\t\t\t\t<div class=\"elementor-element elementor-element-470fa02 elementor-widget elementor-widget-image\" data-id=\"470fa02\" data-element_type=\"widget\" data-widget_type=\"image.default\">\n\t\t\t\t<div class=\"elementor-widget-container\">\n\t\t\t\t\t\t\t\t\t\t\t\t\t\t\t<img decoding=\"async\" width=\"160\" height=\"160\" src=\"https:\/\/fram.is\/wp-content\/uploads\/2021\/09\/eirikur.jpg\" class=\"attachment-large size-large wp-image-27280\" alt=\"\" srcset=\"https:\/\/fram.is\/wp-content\/uploads\/2021\/09\/eirikur.jpg 160w, https:\/\/fram.is\/wp-content\/uploads\/2021\/09\/eirikur-100x100.jpg 100w, https:\/\/fram.is\/wp-content\/uploads\/2021\/09\/eirikur-150x150.jpg 150w\" sizes=\"(max-width: 160px) 100vw, 160px\" \/>\t\t\t\t\t\t\t\t\t\t\t\t\t\t\t<\/div>\n\t\t\t\t<\/div>\n\t\t\t\t\t<\/div>\n\t\t<\/div>\n\t\t\t\t<div class=\"elementor-column elementor-col-50 elementor-top-column elementor-element elementor-element-d00f027\" data-id=\"d00f027\" data-element_type=\"column\">\n\t\t\t<div class=\"elementor-widget-wrap elementor-element-populated\">\n\t\t\t\t\t\t<div class=\"elementor-element elementor-element-7efca9d elementor-widget elementor-widget-image\" data-id=\"7efca9d\" data-element_type=\"widget\" data-widget_type=\"image.default\">\n\t\t\t\t<div class=\"elementor-widget-container\">\n\t\t\t\t\t\t\t\t\t\t\t\t\t\t\t<img decoding=\"async\" width=\"87\" height=\"190\" src=\"https:\/\/fram.is\/wp-content\/uploads\/2021\/09\/sadawd.jpg\" class=\"attachment-large size-large wp-image-27281\" alt=\"\" \/>\t\t\t\t\t\t\t\t\t\t\t\t\t\t\t<\/div>\n\t\t\t\t<\/div>\n\t\t\t\t\t<\/div>\n\t\t<\/div>\n\t\t\t\t\t<\/div>\n\t\t<\/section>\n\t\t\t\t<\/div>","protected":false},"excerpt":{"rendered":"<p>Fallinn er fr\u00e1, langt fyrir aldur fram, Eir\u00edkur Einarsson. Eiki er best \u00feekktur \u00e1 me\u00f0al Framara sem h\u00f6fundur og flytjandi Framlagsins Bl\u00e1ir og bestir; lag sem kl\u00e1ra\u00f0 var me\u00f0 g\u00f3\u00f0um [&hellip;]<\/p>","protected":false},"author":7,"featured_media":27279,"comment_status":"closed","ping_status":"closed","sticky":false,"template":"","format":"standard","meta":{"_monsterinsights_skip_tracking":false,"_monsterinsights_sitenote_active":false,"_monsterinsights_sitenote_note":"","_monsterinsights_sitenote_category":0,"_jetpack_memberships_contains_paid_content":false,"footnotes":""},"categories":[58],"tags":[],"class_list":["post-27277","post","type-post","status-publish","format-standard","has-post-thumbnail","hentry","category-felagid"],"jetpack_sharing_enabled":true,"jetpack_featured_media_url":"https:\/\/fram.is\/wp-content\/uploads\/2021\/09\/Fyrir-heimasidu-2.png","_links":{"self":[{"href":"https:\/\/fram.is\/is\/wp-json\/wp\/v2\/posts\/27277","targetHints":{"allow":["GET"]}}],"collection":[{"href":"https:\/\/fram.is\/is\/wp-json\/wp\/v2\/posts"}],"about":[{"href":"https:\/\/fram.is\/is\/wp-json\/wp\/v2\/types\/post"}],"author":[{"embeddable":true,"href":"https:\/\/fram.is\/is\/wp-json\/wp\/v2\/users\/7"}],"replies":[{"embeddable":true,"href":"https:\/\/fram.is\/is\/wp-json\/wp\/v2\/comments?post=27277"}],"version-history":[{"count":7,"href":"https:\/\/fram.is\/is\/wp-json\/wp\/v2\/posts\/27277\/revisions"}],"predecessor-version":[{"id":27305,"href":"https:\/\/fram.is\/is\/wp-json\/wp\/v2\/posts\/27277\/revisions\/27305"}],"wp:featuredmedia":[{"embeddable":true,"href":"https:\/\/fram.is\/is\/wp-json\/wp\/v2\/media\/27279"}],"wp:attachment":[{"href":"https:\/\/fram.is\/is\/wp-json\/wp\/v2\/media?parent=27277"}],"wp:term":[{"taxonomy":"category","embeddable":true,"href":"https:\/\/fram.is\/is\/wp-json\/wp\/v2\/categories?post=27277"},{"taxonomy":"post_tag","embeddable":true,"href":"https:\/\/fram.is\/is\/wp-json\/wp\/v2\/tags?post=27277"}],"curies":[{"name":"wp","href":"https:\/\/api.w.org\/{rel}","templated":true}]}}