{"id":27658,"date":"2021-09-23T15:30:00","date_gmt":"2021-09-23T15:30:00","guid":{"rendered":"https:\/\/fram.is\/?p=27658"},"modified":"2021-09-23T15:31:26","modified_gmt":"2021-09-23T15:31:26","slug":"fyrsti-supufundur-fram-verdur-fimmtudaginn-30-sept","status":"publish","type":"post","link":"https:\/\/fram.is\/is\/2021\/09\/23\/fyrsti-supufundur-fram-verdur-fimmtudaginn-30-sept\/","title":{"rendered":"Fyrsti S\u00fapufundur FRAM ver\u00f0ur fimmtudaginn 30. sept."},"content":{"rendered":"<div data-elementor-type=\"wp-post\" data-elementor-id=\"27658\" class=\"elementor elementor-27658\" data-elementor-post-type=\"post\">\n\t\t\t\t<section class=\"elementor-section elementor-top-section elementor-element elementor-element-4c5ebf0 elementor-section-boxed elementor-section-height-default elementor-section-height-default\" data-id=\"4c5ebf0\" data-element_type=\"section\">\n\t\t\t\t\t\t<div class=\"elementor-container elementor-column-gap-default\">\n\t\t\t\t\t<div class=\"elementor-column elementor-col-100 elementor-top-column elementor-element elementor-element-3ba5d09c\" data-id=\"3ba5d09c\" data-element_type=\"column\">\n\t\t\t<div class=\"elementor-widget-wrap elementor-element-populated\">\n\t\t\t\t\t\t<div class=\"elementor-element elementor-element-60456462 elementor-widget elementor-widget-text-editor\" data-id=\"60456462\" data-element_type=\"widget\" data-widget_type=\"text-editor.default\">\n\t\t\t\t<div class=\"elementor-widget-container\"><p><a><img fetchpriority=\"high\" decoding=\"async\" class=\"size-medium wp-image-27661 alignright\" src=\"https:\/\/fram.is\/wp-content\/uploads\/2021\/09\/IMG_7820-300x200.jpg\" alt=\"\" width=\"300\" height=\"200\" srcset=\"https:\/\/fram.is\/wp-content\/uploads\/2021\/09\/IMG_7820-300x200.jpg 300w, https:\/\/fram.is\/wp-content\/uploads\/2021\/09\/IMG_7820-scaled-800x533.jpg 800w, https:\/\/fram.is\/wp-content\/uploads\/2021\/09\/IMG_7820-1024x683.jpg 1024w, https:\/\/fram.is\/wp-content\/uploads\/2021\/09\/IMG_7820-768x512.jpg 768w, https:\/\/fram.is\/wp-content\/uploads\/2021\/09\/IMG_7820-1536x1024.jpg 1536w, https:\/\/fram.is\/wp-content\/uploads\/2021\/09\/IMG_7820-2048x1365.jpg 2048w\" sizes=\"(max-width: 300px) 100vw, 300px\" \/>\u00c1g\u00e6tu Framarar<br \/><br \/><\/a>N\u00fa \u00e6tlum vi\u00f0 a\u00f0 halda \u00e1fram a\u00f0 hittast yfir s\u00fapudiski, \u00feetta ver\u00f0ur \u00e1ttundi veturinn sem vi\u00f0 h\u00f6ldum \u00feessum si\u00f0. Veturinn 2020-2021 f\u00f3r reyndar fyrir l\u00edti\u00f0.<br \/><br \/>Fyrsti \u00a0s\u00fapufundur vetrarins ver\u00f0ur \u00e1 fimmtudaginn 30. sept. \u00dea\u00f0 hefur veri\u00f0 almenn \u00e1n\u00e6gja me\u00f0 s\u00fapufundina og yfirleitt \u00a0vel m\u00e6tt.<br \/>Heilmiki\u00f0 spjalla\u00f0 og l\u00e9tt yfir mannskapnum.<br \/><br \/>Bo\u00f0i\u00f0 ver\u00f0ur upp \u00e1 s\u00fapu, brau\u00f0 og kaffi \u00a0eins og venjulega.<br \/><br \/>Ekki er \u00e6tlunin a\u00f0 hafa \u00feetta formlegt heldur kj\u00f6rin vettvangur fyrir okkur Framara til a\u00f0 hittast yfir s\u00fapusk\u00e1l og r\u00e6\u00f0a saman.<br \/><br \/>Ver\u00f0i\u00f0 hefur veri\u00f0 \u00f3breytt \u00ed sj\u00f6 \u00e1r, en ver\u00f0ur n\u00fana \u00a0kr. 1000.-<\/p><p><strong><u><img decoding=\"async\" class=\"size-medium wp-image-27662 alignright\" src=\"https:\/\/fram.is\/wp-content\/uploads\/2021\/09\/IMG_7826-300x200.jpg\" alt=\"\" width=\"300\" height=\"200\" srcset=\"https:\/\/fram.is\/wp-content\/uploads\/2021\/09\/IMG_7826-300x200.jpg 300w, https:\/\/fram.is\/wp-content\/uploads\/2021\/09\/IMG_7826-scaled-800x533.jpg 800w, https:\/\/fram.is\/wp-content\/uploads\/2021\/09\/IMG_7826-1024x683.jpg 1024w, https:\/\/fram.is\/wp-content\/uploads\/2021\/09\/IMG_7826-768x512.jpg 768w, https:\/\/fram.is\/wp-content\/uploads\/2021\/09\/IMG_7826-1536x1024.jpg 1536w, https:\/\/fram.is\/wp-content\/uploads\/2021\/09\/IMG_7826-2048x1365.jpg 2048w\" sizes=\"(max-width: 300px) 100vw, 300px\" \/>Fyrsti \u00a0fundurinn \u00ed \u00a0s\u00fapur\u00f6\u00f0inni ver\u00f0ur fimmtudaginn\u00a030. sept. \u00a0kl. 12.00-13.30 \u00ed h\u00e1t\u00ed\u00f0arsal okkar \u00ed Safam\u00fdri<\/u><\/strong><strong><u>.<\/u><\/strong><\/p><p><strong><u>Athugi\u00f0 a\u00f0 n\u00fana ver\u00f0ur s\u00fapan \u00e1 fimmtud\u00f6gum \u00ed vetur.<br \/><\/u><\/strong><\/p><p>Frumkv\u00f6\u00f0ull a\u00f0 s\u00fapuh\u00e1deginu<strong>\u00a0<\/strong><strong>H\u00f6r\u00f0ur \u201e Castro\u201c Einarsson<\/strong>\u00a0ver\u00f0ur ekki me\u00f0 okkur \u00ed veturinn frekar en undanfarin \u00e1r \u00a0en \u00e9g er sannf\u00e6r\u00f0ur um a\u00f0 hann ver\u00f0ur \u00e1fram me\u00f0 okkur \u00ed anda enda var \u00feetta honum miki\u00f0 hjartans m\u00e1l a\u00f0 finna vettvang fyrir\u00a0<strong>alla<\/strong> FRAMara til a\u00f0 koma saman og eiga g\u00f3\u00f0a stund.<\/p><p>Vi\u00f0 hvetjum alla FRAMarar til a\u00f0 koma \u00ed s\u00fapu \u00a0og endilega taki\u00f0 me\u00f0 ykkur f\u00e9laga.<\/p><p>Allir velkomnir.<\/p><p>Kve\u00f0ja<br \/><br \/>Knattspyrnuf\u00e9lagi\u00f0 FRAM<\/p><\/div>\n\t\t\t\t<\/div>\n\t\t\t\t\t<\/div>\n\t\t<\/div>\n\t\t\t\t\t<\/div>\n\t\t<\/section>\t\t<\/div>","protected":false},"excerpt":{"rendered":"<p>\u00c1g\u00e6tu Framarar N\u00fa \u00e6tlum vi\u00f0 a\u00f0 halda \u00e1fram a\u00f0 hittast yfir s\u00fapudiski, \u00feetta ver\u00f0ur \u00e1ttundi veturinn sem vi\u00f0 h\u00f6ldum \u00feessum si\u00f0. Veturinn 2020-2021 f\u00f3r reyndar fyrir l\u00edti\u00f0. Fyrsti \u00a0s\u00fapufundur vetrarins [&hellip;]<\/p>","protected":false},"author":5,"featured_media":9329,"comment_status":"closed","ping_status":"closed","sticky":false,"template":"","format":"standard","meta":{"_monsterinsights_skip_tracking":false,"_monsterinsights_sitenote_active":false,"_monsterinsights_sitenote_note":"","_monsterinsights_sitenote_category":0,"_jetpack_memberships_contains_paid_content":false,"footnotes":""},"categories":[58,8],"tags":[],"class_list":["post-27658","post","type-post","status-publish","format-standard","has-post-thumbnail","hentry","category-felagid","category-adalstjorn"],"jetpack_sharing_enabled":true,"jetpack_featured_media_url":"https:\/\/fram.is\/wp-content\/uploads\/2015\/01\/Supuvefur.jpg","_links":{"self":[{"href":"https:\/\/fram.is\/is\/wp-json\/wp\/v2\/posts\/27658","targetHints":{"allow":["GET"]}}],"collection":[{"href":"https:\/\/fram.is\/is\/wp-json\/wp\/v2\/posts"}],"about":[{"href":"https:\/\/fram.is\/is\/wp-json\/wp\/v2\/types\/post"}],"author":[{"embeddable":true,"href":"https:\/\/fram.is\/is\/wp-json\/wp\/v2\/users\/5"}],"replies":[{"embeddable":true,"href":"https:\/\/fram.is\/is\/wp-json\/wp\/v2\/comments?post=27658"}],"version-history":[{"count":11,"href":"https:\/\/fram.is\/is\/wp-json\/wp\/v2\/posts\/27658\/revisions"}],"predecessor-version":[{"id":27680,"href":"https:\/\/fram.is\/is\/wp-json\/wp\/v2\/posts\/27658\/revisions\/27680"}],"wp:featuredmedia":[{"embeddable":true,"href":"https:\/\/fram.is\/is\/wp-json\/wp\/v2\/media\/9329"}],"wp:attachment":[{"href":"https:\/\/fram.is\/is\/wp-json\/wp\/v2\/media?parent=27658"}],"wp:term":[{"taxonomy":"category","embeddable":true,"href":"https:\/\/fram.is\/is\/wp-json\/wp\/v2\/categories?post=27658"},{"taxonomy":"post_tag","embeddable":true,"href":"https:\/\/fram.is\/is\/wp-json\/wp\/v2\/tags?post=27658"}],"curies":[{"name":"wp","href":"https:\/\/api.w.org\/{rel}","templated":true}]}}