{"id":27668,"date":"2021-09-22T15:46:19","date_gmt":"2021-09-22T15:46:19","guid":{"rendered":"https:\/\/fram.is\/?p=27668"},"modified":"2021-09-22T15:46:35","modified_gmt":"2021-09-22T15:46:35","slug":"ingunn-maria-valin-i-u-18-landslidid","status":"publish","type":"post","link":"https:\/\/fram.is\/is\/2021\/09\/22\/ingunn-maria-valin-i-u-18-landslidid\/","title":{"rendered":"Ingunn Mar\u00eda valin \u00ed u-18 landsli\u00f0i\u00f0!"},"content":{"rendered":"<div data-elementor-type=\"wp-post\" data-elementor-id=\"27668\" class=\"elementor elementor-27668\" data-elementor-post-type=\"post\">\n\t\t\t\t\t\t<section class=\"elementor-section elementor-top-section elementor-element elementor-element-e1a2ce0 elementor-section-boxed elementor-section-height-default elementor-section-height-default\" data-id=\"e1a2ce0\" data-element_type=\"section\">\n\t\t\t\t\t\t<div class=\"elementor-container elementor-column-gap-default\">\n\t\t\t\t\t<div class=\"elementor-column elementor-col-100 elementor-top-column elementor-element elementor-element-141b304\" data-id=\"141b304\" data-element_type=\"column\">\n\t\t\t<div class=\"elementor-widget-wrap elementor-element-populated\">\n\t\t\t\t\t\t<div class=\"elementor-element elementor-element-dc4b7a5 elementor-widget elementor-widget-text-editor\" data-id=\"dc4b7a5\" data-element_type=\"widget\" data-widget_type=\"text-editor.default\">\n\t\t\t\t<div class=\"elementor-widget-container\">\n\t\t\t\t\t\t\t\t\t<p>\u00c1g\u00fast J\u00f3hannsson og \u00c1rni Stef\u00e1n Gu\u00f0j\u00f3nsson \u00fej\u00e1lfarar U-18 \u00e1ra landsli\u00f0s kvenna hafa vali\u00f0 \u00fe\u00e1 16 leikmenn sem leika tvo vin\u00e1ttulandsleiki gegn D\u00f6num ytra 8. og 9. okt\u00f3ber nk.<\/p><p>Li\u00f0i\u00f0 hefur \u00e6fingar lau. 4. okt\u00f3ber og heldur utan fim. 7. okt\u00f3ber. Leikirnir gegn D\u00f6num fara fram 8. og 9. okt\u00f3ber en h\u00f3purinn heldur aftur heim \u00e1 lei\u00f0 sun. 10. okt\u00f3ber.<\/p><p>Allar n\u00e1nari uppl\u00fdsingar gefa \u00fej\u00e1lfarar li\u00f0sins.<\/p><p>\u00c1g\u00fast \u00de\u00f3r J\u00f3hannsson, agust@hsi.is<br \/>\u00c1rni Stef\u00e1n Gu\u00f0j\u00f3nsson, arnistefan@gmail.com<\/p><p><strong>Leikmannah\u00f3pur:<\/strong><\/p><p>Markver\u00f0ir:<br \/>Ingunn Mar\u00eda Brynjarsd\u00f3ttir, Fram<br \/>\u00cdsabella Sch\u00f6bel Bj\u00f6rnsd\u00f3ttir, \u00cdR<\/p><p>A\u00f0rir leikmenn:<br \/>Alfa Br\u00e1 Oddsd\u00f3ttir, HK<br \/>Amel\u00eda Einarsd\u00f3ttir, \u00cdBV<br \/>An\u00edta Eik J\u00f3nsd\u00f3ttir, HK<br \/>El\u00edn Klara \u00deorkelsd\u00f3ttir, Haukar<br \/>El\u00edsa El\u00edasd\u00f3ttir, \u00cdBV<br \/>Embla Steind\u00f3rsd\u00f3ttir, HK<br \/>Hildur Sigur\u00f0ard\u00f3ttir, Valur<br \/>Inga D\u00eds J\u00f3hannsd\u00f3ttir, HK<br \/>Katr\u00edn \u00c1smundsd\u00f3ttir, Gr\u00f3tta<br \/>Lilja \u00c1g\u00fastsd\u00f3ttir, Valur<br \/>Sara Dr\u00f6fn R\u00edkhar\u00f0sd\u00f3ttir, \u00cdBV<br \/>Thelma Melsted Bj\u00f6rgvinsd\u00f3ttir, Haukar<br \/>Tinna Traustad\u00f3ttir, Selfoss<br \/>\u00de\u00f3ra Bj\u00f6rg Stef\u00e1nsd\u00f3ttir, \u00cdBV<\/p><p>Starfsli\u00f0:<br \/>\u00c1g\u00fast \u00de\u00f3r J\u00f3hannsson, \u00fej\u00e1lfari<br \/>\u00c1rni Stef\u00e1n Gu\u00f0j\u00f3nsson, a\u00f0sto\u00f0ar\u00fej\u00e1lfari<br \/>J\u00f3hann Ingi Gu\u00f0mundsson, markmanns\u00fej\u00e1lfari<br \/>Silja R\u00f3s Theod\u00f3rsd\u00f3ttir, sj\u00fakra\u00fej\u00e1lfari<br \/>Gu\u00f0r\u00ed\u00f0ur Gu\u00f0j\u00f3nsd\u00f3ttir, li\u00f0sstj\u00f3ri<\/p>\t\t\t\t\t\t\t\t<\/div>\n\t\t\t\t<\/div>\n\t\t\t\t\t<\/div>\n\t\t<\/div>\n\t\t\t\t\t<\/div>\n\t\t<\/section>\n\t\t\t\t<section class=\"elementor-section elementor-top-section elementor-element elementor-element-e970404 elementor-section-boxed elementor-section-height-default elementor-section-height-default\" data-id=\"e970404\" data-element_type=\"section\">\n\t\t\t\t\t\t<div class=\"elementor-container elementor-column-gap-default\">\n\t\t\t\t\t<div class=\"elementor-column elementor-col-100 elementor-top-column elementor-element elementor-element-e515d5a\" data-id=\"e515d5a\" data-element_type=\"column\">\n\t\t\t<div class=\"elementor-widget-wrap elementor-element-populated\">\n\t\t\t\t\t\t<div class=\"elementor-element elementor-element-38af086 elementor-widget elementor-widget-image\" data-id=\"38af086\" data-element_type=\"widget\" data-widget_type=\"image.default\">\n\t\t\t\t<div class=\"elementor-widget-container\">\n\t\t\t\t\t\t\t\t\t\t\t\t\t\t\t<img fetchpriority=\"high\" decoding=\"async\" width=\"800\" height=\"445\" src=\"https:\/\/fram.is\/wp-content\/uploads\/2021\/09\/IMG_7894-1170x650-1-1024x569.jpg\" class=\"attachment-large size-large wp-image-27670\" alt=\"\" srcset=\"https:\/\/fram.is\/wp-content\/uploads\/2021\/09\/IMG_7894-1170x650-1-1024x569.jpg 1024w, https:\/\/fram.is\/wp-content\/uploads\/2021\/09\/IMG_7894-1170x650-1-800x444.jpg 800w, https:\/\/fram.is\/wp-content\/uploads\/2021\/09\/IMG_7894-1170x650-1-300x167.jpg 300w, https:\/\/fram.is\/wp-content\/uploads\/2021\/09\/IMG_7894-1170x650-1-768x427.jpg 768w, https:\/\/fram.is\/wp-content\/uploads\/2021\/09\/IMG_7894-1170x650-1.jpg 1170w\" sizes=\"(max-width: 800px) 100vw, 800px\" \/>\t\t\t\t\t\t\t\t\t\t\t\t\t\t\t<\/div>\n\t\t\t\t<\/div>\n\t\t\t\t\t<\/div>\n\t\t<\/div>\n\t\t\t\t\t<\/div>\n\t\t<\/section>\n\t\t\t\t<\/div>","protected":false},"excerpt":{"rendered":"<p>\u00c1g\u00fast J\u00f3hannsson og \u00c1rni Stef\u00e1n Gu\u00f0j\u00f3nsson \u00fej\u00e1lfarar U-18 \u00e1ra landsli\u00f0s kvenna hafa vali\u00f0 \u00fe\u00e1 16 leikmenn sem leika tvo vin\u00e1ttulandsleiki gegn D\u00f6num ytra 8. og 9. okt\u00f3ber nk. Li\u00f0i\u00f0 hefur [&hellip;]<\/p>","protected":false},"author":7,"featured_media":27058,"comment_status":"closed","ping_status":"closed","sticky":false,"template":"","format":"standard","meta":{"_monsterinsights_skip_tracking":false,"_monsterinsights_sitenote_active":false,"_monsterinsights_sitenote_note":"","_monsterinsights_sitenote_category":0,"_jetpack_memberships_contains_paid_content":false,"footnotes":""},"categories":[6],"tags":[],"class_list":["post-27668","post","type-post","status-publish","format-standard","has-post-thumbnail","hentry","category-handbolti"],"jetpack_sharing_enabled":true,"jetpack_featured_media_url":"https:\/\/fram.is\/wp-content\/uploads\/2021\/08\/Leikmenn-KVK-Profile-myndir-2.png","_links":{"self":[{"href":"https:\/\/fram.is\/is\/wp-json\/wp\/v2\/posts\/27668","targetHints":{"allow":["GET"]}}],"collection":[{"href":"https:\/\/fram.is\/is\/wp-json\/wp\/v2\/posts"}],"about":[{"href":"https:\/\/fram.is\/is\/wp-json\/wp\/v2\/types\/post"}],"author":[{"embeddable":true,"href":"https:\/\/fram.is\/is\/wp-json\/wp\/v2\/users\/7"}],"replies":[{"embeddable":true,"href":"https:\/\/fram.is\/is\/wp-json\/wp\/v2\/comments?post=27668"}],"version-history":[{"count":4,"href":"https:\/\/fram.is\/is\/wp-json\/wp\/v2\/posts\/27668\/revisions"}],"predecessor-version":[{"id":27673,"href":"https:\/\/fram.is\/is\/wp-json\/wp\/v2\/posts\/27668\/revisions\/27673"}],"wp:featuredmedia":[{"embeddable":true,"href":"https:\/\/fram.is\/is\/wp-json\/wp\/v2\/media\/27058"}],"wp:attachment":[{"href":"https:\/\/fram.is\/is\/wp-json\/wp\/v2\/media?parent=27668"}],"wp:term":[{"taxonomy":"category","embeddable":true,"href":"https:\/\/fram.is\/is\/wp-json\/wp\/v2\/categories?post=27668"},{"taxonomy":"post_tag","embeddable":true,"href":"https:\/\/fram.is\/is\/wp-json\/wp\/v2\/tags?post=27668"}],"curies":[{"name":"wp","href":"https:\/\/api.w.org\/{rel}","templated":true}]}}