{"id":27683,"date":"2021-09-27T11:04:19","date_gmt":"2021-09-27T11:04:19","guid":{"rendered":"https:\/\/fram.is\/?p=27683"},"modified":"2021-09-27T11:04:19","modified_gmt":"2021-09-27T11:04:19","slug":"glaesilegt-lokahof-knattspyrnudeildar","status":"publish","type":"post","link":"https:\/\/fram.is\/is\/2021\/09\/27\/glaesilegt-lokahof-knattspyrnudeildar\/","title":{"rendered":"Gl\u00e6silegt lokah\u00f3f knattspyrnudeildar"},"content":{"rendered":"<p>Lokah\u00f3f knattspyrnudeildar Fram f\u00f3r fram me\u00f0 pompi og prakt um s\u00ed\u00f0ustu helgi.<\/p><p>Miki\u00f0 fj\u00f6lmenni var samankomi\u00f0 \u00ed Safam\u00fdrinni til \u00feess a\u00f0 fagna gl\u00e6silegum \u00e1rangri \u00ed sumar.  Meistaraflokkur karla f\u00f3r taplaus \u00ed gegnum Lengjudeildina, setti stigamet og trygg\u00f0i s\u00e9r lang\u00fer\u00e1\u00f0 s\u00e6ti \u00ed efstu deild.  Meistaraflokkur kvenna \u00e1tti einnig fr\u00e1b\u00e6rt sumar.  Li\u00f0i\u00f0 komst \u00ed \u00farslitakeppni 2. deildar og l\u00e9k \u00farslitaleiki vi\u00f0 FHL um s\u00e6ti \u00ed Lengjudeild kvenna.  \u00dear haf\u00f0i FHL betur en \u00e1rangur Framli\u00f0sins engu a\u00f0 s\u00ed\u00f0ur fr\u00e1b\u00e6r.<\/p><p>\u00dea\u00f0 var \u00fev\u00ed sannarlega \u00e1st\u00e6\u00f0a til a\u00f0 fagna og gle\u00f0jast og halda upp \u00e1 \u00e1rangurinn.<\/p><p>Lilja D\u00f6gg Alfre\u00f0sd\u00f3ttir mennta- og menningarm\u00e1lar\u00e1\u00f0herra var hei\u00f0ursgestur kv\u00f6ldsins og \u00e1varpa\u00f0i h\u00fan samkomuna.<br>Hreimur \u00d6rn Heimisson st\u00fdr\u00f0i veislunni af sinni alkunnu snilld og t\u00f3k lagi\u00f0 \u00e1 milli \u00feess sem leikmenn voru ver\u00f0launa\u00f0ir fyrir frammist\u00f6\u00f0u s\u00edna \u00ed sumar.<\/p><figure class=\"wp-block-gallery columns-2 is-cropped wp-block-gallery-1 is-layout-flex wp-block-gallery-is-layout-flex\"><ul class=\"blocks-gallery-grid\"><li class=\"blocks-gallery-item\"><figure><img fetchpriority=\"high\" decoding=\"async\" width=\"1024\" height=\"890\" src=\"https:\/\/fram.is\/wp-content\/uploads\/2021\/09\/Lilja-Alfredsdottir-Menntamalaradherra-heidursgestur-2021-1024x890.jpg\" alt=\"\" data-id=\"27606\" data-full-url=\"https:\/\/fram.is\/wp-content\/uploads\/2021\/09\/Lilja-Alfredsdottir-Menntamalaradherra-heidursgestur-2021-scaled.jpg\" data-link=\"https:\/\/fram.is\/lilja-alfredsdottir-menntamalaradherra-heidursgestur-2021\/\" class=\"wp-image-27606\" srcset=\"https:\/\/fram.is\/wp-content\/uploads\/2021\/09\/Lilja-Alfredsdottir-Menntamalaradherra-heidursgestur-2021-1024x890.jpg 1024w, https:\/\/fram.is\/wp-content\/uploads\/2021\/09\/Lilja-Alfredsdottir-Menntamalaradherra-heidursgestur-2021-scaled-800x696.jpg 800w, https:\/\/fram.is\/wp-content\/uploads\/2021\/09\/Lilja-Alfredsdottir-Menntamalaradherra-heidursgestur-2021-300x261.jpg 300w, https:\/\/fram.is\/wp-content\/uploads\/2021\/09\/Lilja-Alfredsdottir-Menntamalaradherra-heidursgestur-2021-768x668.jpg 768w, https:\/\/fram.is\/wp-content\/uploads\/2021\/09\/Lilja-Alfredsdottir-Menntamalaradherra-heidursgestur-2021-1536x1335.jpg 1536w, https:\/\/fram.is\/wp-content\/uploads\/2021\/09\/Lilja-Alfredsdottir-Menntamalaradherra-heidursgestur-2021-2048x1781.jpg 2048w\" sizes=\"(max-width: 1024px) 100vw, 1024px\" \/><\/figure><\/li><li class=\"blocks-gallery-item\"><figure><img decoding=\"async\" width=\"1024\" height=\"890\" src=\"https:\/\/fram.is\/wp-content\/uploads\/2021\/09\/Hreimur-veislustjori-1024x890.jpg\" alt=\"\" data-id=\"27602\" data-full-url=\"https:\/\/fram.is\/wp-content\/uploads\/2021\/09\/Hreimur-veislustjori-scaled.jpg\" data-link=\"https:\/\/fram.is\/hreimur-veislustjori\/\" class=\"wp-image-27602\" srcset=\"https:\/\/fram.is\/wp-content\/uploads\/2021\/09\/Hreimur-veislustjori-1024x890.jpg 1024w, https:\/\/fram.is\/wp-content\/uploads\/2021\/09\/Hreimur-veislustjori-scaled-800x696.jpg 800w, https:\/\/fram.is\/wp-content\/uploads\/2021\/09\/Hreimur-veislustjori-300x261.jpg 300w, https:\/\/fram.is\/wp-content\/uploads\/2021\/09\/Hreimur-veislustjori-768x668.jpg 768w, https:\/\/fram.is\/wp-content\/uploads\/2021\/09\/Hreimur-veislustjori-1536x1335.jpg 1536w, https:\/\/fram.is\/wp-content\/uploads\/2021\/09\/Hreimur-veislustjori-2048x1780.jpg 2048w\" sizes=\"(max-width: 1024px) 100vw, 1024px\" \/><\/figure><\/li><\/ul><\/figure><p>Eins og venja er voru bestu, efnilegustu og markah\u00e6stu menn t\u00edmabilsins hei\u00f0ra\u00f0ir \u00e1samt \u00fev\u00ed a\u00f0 tveir leikmenn voru hei\u00f0ra\u00f0ir fyrir a\u00f0 hafa leiki\u00f0 \u00e1fangleiki \u00e1 \u00e1rinu.<\/p><p>Besti leikma\u00f0ur meistaraflokks karla t\u00edmabili\u00f0 2021 var valinn Kyle Douglas McLagan.  Efnilegastur anna\u00f0 \u00e1ri\u00f0 \u00ed r\u00f6\u00f0 var Haraldur Einar \u00c1sgr\u00edmsson og markah\u00e6stur var Albert Hafsteinsson me\u00f0 10 m\u00f6rk.<\/p><figure class=\"wp-block-gallery columns-3 is-cropped wp-block-gallery-2 is-layout-flex wp-block-gallery-is-layout-flex\"><ul class=\"blocks-gallery-grid\"><li class=\"blocks-gallery-item\"><figure><img decoding=\"async\" width=\"1024\" height=\"890\" src=\"https:\/\/fram.is\/wp-content\/uploads\/2021\/09\/Kyle-Bestur-mfl.-ka-1024x890.jpg\" alt=\"\" data-id=\"27604\" data-full-url=\"https:\/\/fram.is\/wp-content\/uploads\/2021\/09\/Kyle-Bestur-mfl.-ka-scaled.jpg\" data-link=\"https:\/\/fram.is\/kyle-bestur-mfl-ka\/\" class=\"wp-image-27604\" srcset=\"https:\/\/fram.is\/wp-content\/uploads\/2021\/09\/Kyle-Bestur-mfl.-ka-1024x890.jpg 1024w, https:\/\/fram.is\/wp-content\/uploads\/2021\/09\/Kyle-Bestur-mfl.-ka-scaled-800x696.jpg 800w, https:\/\/fram.is\/wp-content\/uploads\/2021\/09\/Kyle-Bestur-mfl.-ka-300x261.jpg 300w, https:\/\/fram.is\/wp-content\/uploads\/2021\/09\/Kyle-Bestur-mfl.-ka-768x668.jpg 768w, https:\/\/fram.is\/wp-content\/uploads\/2021\/09\/Kyle-Bestur-mfl.-ka-1536x1335.jpg 1536w, https:\/\/fram.is\/wp-content\/uploads\/2021\/09\/Kyle-Bestur-mfl.-ka-2048x1780.jpg 2048w\" sizes=\"(max-width: 1024px) 100vw, 1024px\" \/><figcaption class=\"blocks-gallery-item__caption\">Kyle Douglas McLagan var valinn bestur.<\/figcaption><\/figure><\/li><li class=\"blocks-gallery-item\"><figure><img loading=\"lazy\" decoding=\"async\" width=\"1024\" height=\"890\" src=\"https:\/\/fram.is\/wp-content\/uploads\/2021\/09\/Haraldur-efnilegastur-Mfl-1024x890.jpg\" alt=\"\" data-id=\"27600\" data-full-url=\"https:\/\/fram.is\/wp-content\/uploads\/2021\/09\/Haraldur-efnilegastur-Mfl-scaled.jpg\" data-link=\"https:\/\/fram.is\/haraldur-efnilegastur-mfl\/\" class=\"wp-image-27600\" srcset=\"https:\/\/fram.is\/wp-content\/uploads\/2021\/09\/Haraldur-efnilegastur-Mfl-1024x890.jpg 1024w, https:\/\/fram.is\/wp-content\/uploads\/2021\/09\/Haraldur-efnilegastur-Mfl-scaled-800x696.jpg 800w, https:\/\/fram.is\/wp-content\/uploads\/2021\/09\/Haraldur-efnilegastur-Mfl-300x261.jpg 300w, https:\/\/fram.is\/wp-content\/uploads\/2021\/09\/Haraldur-efnilegastur-Mfl-768x668.jpg 768w, https:\/\/fram.is\/wp-content\/uploads\/2021\/09\/Haraldur-efnilegastur-Mfl-1536x1335.jpg 1536w, https:\/\/fram.is\/wp-content\/uploads\/2021\/09\/Haraldur-efnilegastur-Mfl-2048x1780.jpg 2048w\" sizes=\"(max-width: 1024px) 100vw, 1024px\" \/><figcaption class=\"blocks-gallery-item__caption\">Haraldur Einar \u00c1sgr\u00edmsson efnilegastur<\/figcaption><\/figure><\/li><li class=\"blocks-gallery-item\"><figure><img loading=\"lazy\" decoding=\"async\" width=\"1024\" height=\"890\" src=\"https:\/\/fram.is\/wp-content\/uploads\/2021\/09\/Albert-H-1024x890.jpg\" alt=\"\" data-id=\"27592\" data-full-url=\"https:\/\/fram.is\/wp-content\/uploads\/2021\/09\/Albert-H-scaled.jpg\" data-link=\"https:\/\/fram.is\/?attachment_id=27592\" class=\"wp-image-27592\" srcset=\"https:\/\/fram.is\/wp-content\/uploads\/2021\/09\/Albert-H-1024x890.jpg 1024w, https:\/\/fram.is\/wp-content\/uploads\/2021\/09\/Albert-H-scaled-800x696.jpg 800w, https:\/\/fram.is\/wp-content\/uploads\/2021\/09\/Albert-H-300x261.jpg 300w, https:\/\/fram.is\/wp-content\/uploads\/2021\/09\/Albert-H-768x668.jpg 768w, https:\/\/fram.is\/wp-content\/uploads\/2021\/09\/Albert-H-1536x1336.jpg 1536w, https:\/\/fram.is\/wp-content\/uploads\/2021\/09\/Albert-H-2048x1781.jpg 2048w\" sizes=\"(max-width: 1024px) 100vw, 1024px\" \/><figcaption class=\"blocks-gallery-item__caption\">Albert Hafsteinsson markah\u00e6stur<\/figcaption><\/figure><\/li><li class=\"blocks-gallery-item\"><figure><img loading=\"lazy\" decoding=\"async\" width=\"1024\" height=\"890\" src=\"https:\/\/fram.is\/wp-content\/uploads\/2021\/09\/Halli-og-kyle-bestir-2021-1024x890.jpg\" alt=\"\" data-id=\"27599\" data-full-url=\"https:\/\/fram.is\/wp-content\/uploads\/2021\/09\/Halli-og-kyle-bestir-2021-scaled.jpg\" data-link=\"https:\/\/fram.is\/halli-og-kyle-bestir-2021\/\" class=\"wp-image-27599\" srcset=\"https:\/\/fram.is\/wp-content\/uploads\/2021\/09\/Halli-og-kyle-bestir-2021-1024x890.jpg 1024w, https:\/\/fram.is\/wp-content\/uploads\/2021\/09\/Halli-og-kyle-bestir-2021-scaled-800x696.jpg 800w, https:\/\/fram.is\/wp-content\/uploads\/2021\/09\/Halli-og-kyle-bestir-2021-300x261.jpg 300w, https:\/\/fram.is\/wp-content\/uploads\/2021\/09\/Halli-og-kyle-bestir-2021-768x668.jpg 768w, https:\/\/fram.is\/wp-content\/uploads\/2021\/09\/Halli-og-kyle-bestir-2021-1536x1336.jpg 1536w, https:\/\/fram.is\/wp-content\/uploads\/2021\/09\/Halli-og-kyle-bestir-2021-2048x1781.jpg 2048w\" sizes=\"(max-width: 1024px) 100vw, 1024px\" \/><figcaption class=\"blocks-gallery-item__caption\">S\u00e1 besti og s\u00e1 efnilegasti<\/figcaption><\/figure><\/li><\/ul><\/figure><p>Besti leikma\u00f0ur meistaraflokks kvenna t\u00edmabili\u00f0 2021 var Hannah Jane Cade.  Efnilegust var Erika R\u00fan Hei\u00f0arsd\u00f3ttir og markah\u00e6st var Halla \u00de\u00f3rd\u00eds Svansd\u00f3ttir me\u00f0 9 m\u00f6rk.<\/p><figure class=\"wp-block-image size-large\"><img loading=\"lazy\" decoding=\"async\" width=\"1024\" height=\"890\" src=\"https:\/\/fram.is\/wp-content\/uploads\/2021\/09\/Efnilegust-i-mfl.-kv-1024x890.jpg\" alt=\"\" class=\"wp-image-27598\" srcset=\"https:\/\/fram.is\/wp-content\/uploads\/2021\/09\/Efnilegust-i-mfl.-kv-1024x890.jpg 1024w, https:\/\/fram.is\/wp-content\/uploads\/2021\/09\/Efnilegust-i-mfl.-kv-scaled-800x695.jpg 800w, https:\/\/fram.is\/wp-content\/uploads\/2021\/09\/Efnilegust-i-mfl.-kv-300x261.jpg 300w, https:\/\/fram.is\/wp-content\/uploads\/2021\/09\/Efnilegust-i-mfl.-kv-768x668.jpg 768w, https:\/\/fram.is\/wp-content\/uploads\/2021\/09\/Efnilegust-i-mfl.-kv-1536x1335.jpg 1536w, https:\/\/fram.is\/wp-content\/uploads\/2021\/09\/Efnilegust-i-mfl.-kv-2048x1780.jpg 2048w\" sizes=\"(max-width: 1024px) 100vw, 1024px\" \/><figcaption>Erika R\u00fan Hei\u00f0ard\u00f3ttir var valin efnilegust.  Hannah Jane Cade og Halla \u00de\u00f3rd\u00eds eru staddar \u00ed Bandar\u00edkjunum og n\u00e1\u00f0ust \u00fev\u00ed ekki \u00e1 mynd.<\/figcaption><\/figure><p>Besti leikma\u00f0ur 2. flokks karla var valinn Anton Hrafn Hallgr\u00edmsson.  Efnilegastur var Anton Ari Bjarkason og markah\u00e6stur var Steinar Bjarnason.<\/p><figure class=\"wp-block-gallery columns-2 is-cropped wp-block-gallery-3 is-layout-flex wp-block-gallery-is-layout-flex\"><ul class=\"blocks-gallery-grid\"><li class=\"blocks-gallery-item\"><figure><img loading=\"lazy\" decoding=\"async\" width=\"1024\" height=\"890\" src=\"https:\/\/fram.is\/wp-content\/uploads\/2021\/09\/bestur-2.-fl-1024x890.jpg\" alt=\"\" data-id=\"27597\" data-full-url=\"https:\/\/fram.is\/wp-content\/uploads\/2021\/09\/bestur-2.-fl-scaled.jpg\" data-link=\"https:\/\/fram.is\/bestur-2-fl\/\" class=\"wp-image-27597\" srcset=\"https:\/\/fram.is\/wp-content\/uploads\/2021\/09\/bestur-2.-fl-1024x890.jpg 1024w, https:\/\/fram.is\/wp-content\/uploads\/2021\/09\/bestur-2.-fl-scaled-800x696.jpg 800w, https:\/\/fram.is\/wp-content\/uploads\/2021\/09\/bestur-2.-fl-300x261.jpg 300w, https:\/\/fram.is\/wp-content\/uploads\/2021\/09\/bestur-2.-fl-768x668.jpg 768w, https:\/\/fram.is\/wp-content\/uploads\/2021\/09\/bestur-2.-fl-1536x1335.jpg 1536w, https:\/\/fram.is\/wp-content\/uploads\/2021\/09\/bestur-2.-fl-2048x1780.jpg 2048w\" sizes=\"(max-width: 1024px) 100vw, 1024px\" \/><figcaption class=\"blocks-gallery-item__caption\">Anton Hrafn Hallgr\u00edmsson besti leikma\u00f0ur 2.flokks<\/figcaption><\/figure><\/li><li class=\"blocks-gallery-item\"><figure><img loading=\"lazy\" decoding=\"async\" width=\"1024\" height=\"890\" src=\"https:\/\/fram.is\/wp-content\/uploads\/2021\/09\/Anton-efnilegastur-2.-fl-1024x890.jpg\" alt=\"\" data-id=\"27596\" data-full-url=\"https:\/\/fram.is\/wp-content\/uploads\/2021\/09\/Anton-efnilegastur-2.-fl-scaled.jpg\" data-link=\"https:\/\/fram.is\/anton-efnilegastur-2-fl\/\" class=\"wp-image-27596\" srcset=\"https:\/\/fram.is\/wp-content\/uploads\/2021\/09\/Anton-efnilegastur-2.-fl-1024x890.jpg 1024w, https:\/\/fram.is\/wp-content\/uploads\/2021\/09\/Anton-efnilegastur-2.-fl-scaled-800x696.jpg 800w, https:\/\/fram.is\/wp-content\/uploads\/2021\/09\/Anton-efnilegastur-2.-fl-300x261.jpg 300w, https:\/\/fram.is\/wp-content\/uploads\/2021\/09\/Anton-efnilegastur-2.-fl-768x668.jpg 768w, https:\/\/fram.is\/wp-content\/uploads\/2021\/09\/Anton-efnilegastur-2.-fl-1536x1335.jpg 1536w, https:\/\/fram.is\/wp-content\/uploads\/2021\/09\/Anton-efnilegastur-2.-fl-2048x1780.jpg 2048w\" sizes=\"(max-width: 1024px) 100vw, 1024px\" \/><figcaption class=\"blocks-gallery-item__caption\">Anton Ari Bjarkason efnilegasti leikma\u00f0ur 2.flokks<\/figcaption><\/figure><\/li><\/ul><\/figure><p>Alex Freyr El\u00edsson var hei\u00f0ra\u00f0ur fyrir 100 leiki \u00ed meistaraflokki karla.  Alls hefur hann n\u00fa leiki\u00f0 126 leiki fyrir Fram \u00ed meistaraflokki. <\/p><figure class=\"wp-block-image size-large\"><img loading=\"lazy\" decoding=\"async\" width=\"1024\" height=\"890\" src=\"https:\/\/fram.is\/wp-content\/uploads\/2021\/09\/Alex-Freyr-100-leikir-2021-1024x890.jpg\" alt=\"\" class=\"wp-image-27594\" srcset=\"https:\/\/fram.is\/wp-content\/uploads\/2021\/09\/Alex-Freyr-100-leikir-2021-1024x890.jpg 1024w, https:\/\/fram.is\/wp-content\/uploads\/2021\/09\/Alex-Freyr-100-leikir-2021-scaled-800x696.jpg 800w, https:\/\/fram.is\/wp-content\/uploads\/2021\/09\/Alex-Freyr-100-leikir-2021-300x261.jpg 300w, https:\/\/fram.is\/wp-content\/uploads\/2021\/09\/Alex-Freyr-100-leikir-2021-768x668.jpg 768w, https:\/\/fram.is\/wp-content\/uploads\/2021\/09\/Alex-Freyr-100-leikir-2021-1536x1335.jpg 1536w, https:\/\/fram.is\/wp-content\/uploads\/2021\/09\/Alex-Freyr-100-leikir-2021-2048x1780.jpg 2048w\" sizes=\"(max-width: 1024px) 100vw, 1024px\" \/><figcaption>Alex Freyr El\u00edsson hlaut vi\u00f0urkenningu fyrir 100 leiki.<\/figcaption><\/figure><p>Fyrirli\u00f0inn Hlynur Atli Magn\u00fasson hlaut vi\u00f0urkenningu fyrir 200 leiki.  Alls hefur hann n\u00fa leiki\u00f0 219 leiki fyrir Fram og er or\u00f0inn 16. leikjah\u00e6sti leikma\u00f0ur f\u00e9lagsins fr\u00e1 upphafi.<\/p><figure class=\"wp-block-image size-large\"><img loading=\"lazy\" decoding=\"async\" width=\"1024\" height=\"890\" src=\"https:\/\/fram.is\/wp-content\/uploads\/2021\/09\/Hlynur-200-leikir-2021-1024x890.jpg\" alt=\"\" class=\"wp-image-27601\" srcset=\"https:\/\/fram.is\/wp-content\/uploads\/2021\/09\/Hlynur-200-leikir-2021-1024x890.jpg 1024w, https:\/\/fram.is\/wp-content\/uploads\/2021\/09\/Hlynur-200-leikir-2021-scaled-800x696.jpg 800w, https:\/\/fram.is\/wp-content\/uploads\/2021\/09\/Hlynur-200-leikir-2021-300x261.jpg 300w, https:\/\/fram.is\/wp-content\/uploads\/2021\/09\/Hlynur-200-leikir-2021-768x668.jpg 768w, https:\/\/fram.is\/wp-content\/uploads\/2021\/09\/Hlynur-200-leikir-2021-1536x1335.jpg 1536w, https:\/\/fram.is\/wp-content\/uploads\/2021\/09\/Hlynur-200-leikir-2021-2048x1780.jpg 2048w\" sizes=\"(max-width: 1024px) 100vw, 1024px\" \/><figcaption>Hlynur Atli Magn\u00fasson var hei\u00f0ra\u00f0ur fyrir 200 leiki.<\/figcaption><\/figure>","protected":false},"excerpt":{"rendered":"<p>Lokah\u00f3f knattspyrnudeildar Fram f\u00f3r fram me\u00f0 pompi og prakt um s\u00ed\u00f0ustu helgi. Miki\u00f0 fj\u00f6lmenni var samankomi\u00f0 \u00ed Safam\u00fdrinni til \u00feess a\u00f0 fagna gl\u00e6silegum \u00e1rangri \u00ed sumar. Meistaraflokkur karla f\u00f3r taplaus [&hellip;]<\/p>","protected":false},"author":5,"featured_media":27581,"comment_status":"closed","ping_status":"closed","sticky":false,"template":"","format":"standard","meta":{"_monsterinsights_skip_tracking":false,"_monsterinsights_sitenote_active":false,"_monsterinsights_sitenote_note":"","_monsterinsights_sitenote_category":0,"_jetpack_memberships_contains_paid_content":false,"footnotes":""},"categories":[9,11,12],"tags":[],"class_list":["post-27683","post","type-post","status-publish","format-standard","has-post-thumbnail","hentry","category-fotbolti","category-mflkarla","category-mflkvenna"],"jetpack_sharing_enabled":true,"jetpack_featured_media_url":"https:\/\/fram.is\/wp-content\/uploads\/2021\/09\/meistarar-2021-Fram--scaled.jpg","_links":{"self":[{"href":"https:\/\/fram.is\/is\/wp-json\/wp\/v2\/posts\/27683","targetHints":{"allow":["GET"]}}],"collection":[{"href":"https:\/\/fram.is\/is\/wp-json\/wp\/v2\/posts"}],"about":[{"href":"https:\/\/fram.is\/is\/wp-json\/wp\/v2\/types\/post"}],"author":[{"embeddable":true,"href":"https:\/\/fram.is\/is\/wp-json\/wp\/v2\/users\/5"}],"replies":[{"embeddable":true,"href":"https:\/\/fram.is\/is\/wp-json\/wp\/v2\/comments?post=27683"}],"version-history":[{"count":3,"href":"https:\/\/fram.is\/is\/wp-json\/wp\/v2\/posts\/27683\/revisions"}],"predecessor-version":[{"id":41506,"href":"https:\/\/fram.is\/is\/wp-json\/wp\/v2\/posts\/27683\/revisions\/41506"}],"wp:featuredmedia":[{"embeddable":true,"href":"https:\/\/fram.is\/is\/wp-json\/wp\/v2\/media\/27581"}],"wp:attachment":[{"href":"https:\/\/fram.is\/is\/wp-json\/wp\/v2\/media?parent=27683"}],"wp:term":[{"taxonomy":"category","embeddable":true,"href":"https:\/\/fram.is\/is\/wp-json\/wp\/v2\/categories?post=27683"},{"taxonomy":"post_tag","embeddable":true,"href":"https:\/\/fram.is\/is\/wp-json\/wp\/v2\/tags?post=27683"}],"curies":[{"name":"wp","href":"https:\/\/api.w.org\/{rel}","templated":true}]}}