{"id":27755,"date":"2021-10-01T15:39:34","date_gmt":"2021-10-01T15:39:34","guid":{"rendered":"https:\/\/fram.is\/?p=27755"},"modified":"2021-10-01T15:41:48","modified_gmt":"2021-10-01T15:41:48","slug":"albert-hafsteinsson-framlengir-vid-fram","status":"publish","type":"post","link":"https:\/\/fram.is\/is\/2021\/10\/01\/albert-hafsteinsson-framlengir-vid-fram\/","title":{"rendered":"Albert Hafsteinsson framlengir vi\u00f0 Fram"},"content":{"rendered":"<p>Albert Hafsteinsson hefur framlengt samning sinn vi\u00f0 Fram til tveggja \u00e1ra. Samningurinn gildir \u00fat keppnist\u00edmabili\u00f0 2023.<\/p><p>Albert hefur veri\u00f0 lykilma\u00f0ur \u00ed sterku li\u00f0i Fram fr\u00e1 \u00fev\u00ed hann kom fr\u00e1 uppeldisf\u00e9lagi s\u00ednu \u00cdA hausti\u00f0 2019. Albert hefur leiki\u00f0 48 leiki fyrir Fram og skora\u00f0 \u00ed \u00feeim 13 m\u00f6rk. Hann l\u00e9k fr\u00e1b\u00e6rlega \u00e1 n\u00fdli\u00f0inni leikt\u00ed\u00f0 og var\u00f0 markah\u00e6stur \u00ed Framli\u00f0inu me\u00f0 10 m\u00f6rk \u00ed 24 leikjum. <\/p><p>Frammista\u00f0a Alberts vakti ver\u00f0skulda\u00f0a athygli og hann var vel a\u00f0 \u00fev\u00ed kominn a\u00f0 vera valinn \u00ed li\u00f0 \u00e1rsins hj\u00e1 fotbolti.net og \u00ed \u00fe\u00e1ttunum Lengjudeildarm\u00f6rkunum sem s\u00fdndir voru \u00e1 Hringbraut \u00ed sumar. Albert var jafnframt valinn besti leikma\u00f0ur deildarinnar \u00ed Lengjudeildarm\u00f6rkunum.<\/p><p>Hinn 25 \u00e1ra gamli Albert er afar \u00fatsj\u00f3narsamur og skapandi leikma\u00f0ur. Hann hefur \u00feess a\u00f0 auki b\u00e6tt vi\u00f0 mikilli markaskorun \u00ed sitt vopnab\u00far fr\u00e1 \u00fev\u00ed hann gekk til li\u00f0s vi\u00f0 Fram og er \u00fev\u00ed or\u00f0inn illvi\u00f0r\u00e1\u00f0anlegur. \u00der\u00e1tt fyrir ungan aldur er Albert afar reynslumikill og hefur \u00e1 s\u00ednum ferli leiki\u00f0 74 leiki \u00ed efstu deild.<\/p><p>Knattspyrnudeild Fram er himinlifandi yfir \u00fev\u00ed a\u00f0 hafa Albert \u00e1fram \u00ed s\u00ednum r\u00f6\u00f0um og hlakkar til a\u00f0 fylgjast me\u00f0 honum leika listir s\u00ednar \u00ed bl\u00e1a b\u00faningnum \u00e1 n\u00e6stu \u00e1rum.<\/p><figure class=\"wp-block-image size-large\"><img fetchpriority=\"high\" decoding=\"async\" width=\"655\" height=\"509\" src=\"https:\/\/fram.is\/wp-content\/uploads\/2021\/09\/Albert2.jpg\" alt=\"\" class=\"wp-image-27763\" srcset=\"https:\/\/fram.is\/wp-content\/uploads\/2021\/09\/Albert2.jpg 655w, https:\/\/fram.is\/wp-content\/uploads\/2021\/09\/Albert2-300x233.jpg 300w\" sizes=\"(max-width: 655px) 100vw, 655px\" \/><\/figure><p><\/p>","protected":false},"excerpt":{"rendered":"<p>Albert Hafsteinsson hefur framlengt samning sinn vi\u00f0 Fram til tveggja \u00e1ra. Samningurinn gildir \u00fat keppnist\u00edmabili\u00f0 2023. Albert hefur veri\u00f0 lykilma\u00f0ur \u00ed sterku li\u00f0i Fram fr\u00e1 \u00fev\u00ed hann kom fr\u00e1 uppeldisf\u00e9lagi [&hellip;]<\/p>","protected":false},"author":5,"featured_media":27754,"comment_status":"closed","ping_status":"closed","sticky":false,"template":"","format":"standard","meta":{"_monsterinsights_skip_tracking":false,"_monsterinsights_sitenote_active":false,"_monsterinsights_sitenote_note":"","_monsterinsights_sitenote_category":0,"_jetpack_memberships_contains_paid_content":false,"footnotes":""},"categories":[9,11],"tags":[],"class_list":["post-27755","post","type-post","status-publish","format-standard","has-post-thumbnail","hentry","category-fotbolti","category-mflkarla"],"jetpack_sharing_enabled":true,"jetpack_featured_media_url":"https:\/\/fram.is\/wp-content\/uploads\/2021\/09\/Albert-vefur-1-scaled.jpg","_links":{"self":[{"href":"https:\/\/fram.is\/is\/wp-json\/wp\/v2\/posts\/27755","targetHints":{"allow":["GET"]}}],"collection":[{"href":"https:\/\/fram.is\/is\/wp-json\/wp\/v2\/posts"}],"about":[{"href":"https:\/\/fram.is\/is\/wp-json\/wp\/v2\/types\/post"}],"author":[{"embeddable":true,"href":"https:\/\/fram.is\/is\/wp-json\/wp\/v2\/users\/5"}],"replies":[{"embeddable":true,"href":"https:\/\/fram.is\/is\/wp-json\/wp\/v2\/comments?post=27755"}],"version-history":[{"count":4,"href":"https:\/\/fram.is\/is\/wp-json\/wp\/v2\/posts\/27755\/revisions"}],"predecessor-version":[{"id":27787,"href":"https:\/\/fram.is\/is\/wp-json\/wp\/v2\/posts\/27755\/revisions\/27787"}],"wp:featuredmedia":[{"embeddable":true,"href":"https:\/\/fram.is\/is\/wp-json\/wp\/v2\/media\/27754"}],"wp:attachment":[{"href":"https:\/\/fram.is\/is\/wp-json\/wp\/v2\/media?parent=27755"}],"wp:term":[{"taxonomy":"category","embeddable":true,"href":"https:\/\/fram.is\/is\/wp-json\/wp\/v2\/categories?post=27755"},{"taxonomy":"post_tag","embeddable":true,"href":"https:\/\/fram.is\/is\/wp-json\/wp\/v2\/tags?post=27755"}],"curies":[{"name":"wp","href":"https:\/\/api.w.org\/{rel}","templated":true}]}}