{"id":27802,"date":"2021-10-05T16:52:50","date_gmt":"2021-10-05T16:52:50","guid":{"rendered":"https:\/\/fram.is\/?p=27802"},"modified":"2021-10-05T16:53:34","modified_gmt":"2021-10-05T16:53:34","slug":"unglingarad-handknattleiksdeildar-fram-heldur-a-stigs-domaranamskeid-fimmtudag-14-okt-kl-1800","status":"publish","type":"post","link":"https:\/\/fram.is\/is\/2021\/10\/05\/unglingarad-handknattleiksdeildar-fram-heldur-a-stigs-domaranamskeid-fimmtudag-14-okt-kl-1800\/","title":{"rendered":"Unglingar\u00e1\u00f0 handknattleiksdeildar Fram heldur A-stigs d\u00f3maran\u00e1mskei\u00f0 fimmtudag 14. okt. kl. 18:00"},"content":{"rendered":"<div data-elementor-type=\"wp-post\" data-elementor-id=\"27802\" class=\"elementor elementor-27802\" data-elementor-post-type=\"post\">\n\t\t\t\t<section class=\"elementor-section elementor-top-section elementor-element elementor-element-3912b69e elementor-section-boxed elementor-section-height-default elementor-section-height-default\" data-id=\"3912b69e\" data-element_type=\"section\">\n\t\t\t\t\t\t<div class=\"elementor-container elementor-column-gap-default\">\n\t\t\t\t\t<div class=\"elementor-column elementor-col-100 elementor-top-column elementor-element elementor-element-5b5e741e\" data-id=\"5b5e741e\" data-element_type=\"column\">\n\t\t\t<div class=\"elementor-widget-wrap elementor-element-populated\">\n\t\t\t\t\t\t<div class=\"elementor-element elementor-element-761da679 elementor-widget elementor-widget-text-editor\" data-id=\"761da679\" data-element_type=\"widget\" data-widget_type=\"text-editor.default\">\n\t\t\t\t<div class=\"elementor-widget-container\"><p>Fimmtudaginn 14.okt ver\u00f0ur A-stigs d\u00f3maran\u00e1mskei\u00f0 haldi\u00f0 \u00ed veislusal okkar Framara \u00ed Safam\u00fdrinni. <br \/>N\u00e1mskei\u00f0i\u00f0 hefst kl.18:00. Hvetjum alla \u00e1hugasama til a\u00f0 m\u00e6ta, einnig \u00fe\u00e1 sem n\u00fa \u00feegar eru me\u00f0 r\u00e9ttindi, \u00feeir eru hvattir til a\u00f0 m\u00e6ta og rifja upp. <br \/><br \/>Endilega skr\u00e1i\u00f0 m\u00e6tingu \u00e1 <a href=\"mailto:motastjorn@fram.is\">motastjorn@fram.is<\/a><\/p><p>Unglingar\u00e1\u00f0 handknattleiksdeildar Fram<\/p><\/div>\n\t\t\t\t<\/div>\n\t\t\t\t\t<\/div>\n\t\t<\/div>\n\t\t\t\t\t<\/div>\n\t\t<\/section>\t\t<\/div>","protected":false},"excerpt":{"rendered":"<p>Fimmtudaginn 14.okt ver\u00f0ur A-stigs d\u00f3maran\u00e1mskei\u00f0 haldi\u00f0 \u00ed veislusal okkar Framara \u00ed Safam\u00fdrinni. N\u00e1mskei\u00f0i\u00f0 hefst kl.18:00. Hvetjum alla \u00e1hugasama til a\u00f0 m\u00e6ta, einnig \u00fe\u00e1 sem n\u00fa \u00feegar eru me\u00f0 r\u00e9ttindi, \u00feeir [&hellip;]<\/p>","protected":false},"author":5,"featured_media":14120,"comment_status":"closed","ping_status":"closed","sticky":false,"template":"","format":"standard","meta":{"_monsterinsights_skip_tracking":false,"_monsterinsights_sitenote_active":false,"_monsterinsights_sitenote_note":"","_monsterinsights_sitenote_category":0,"_jetpack_memberships_contains_paid_content":false,"footnotes":""},"categories":[6,7,15,19],"tags":[],"class_list":["post-27802","post","type-post","status-publish","format-standard","has-post-thumbnail","hentry","category-handbolti","category-yngri-flokkar","category-mfl-kvenna","category-mfl-karla"],"jetpack_sharing_enabled":true,"jetpack_featured_media_url":"https:\/\/fram.is\/wp-content\/uploads\/2016\/09\/D\u00f3marar-vefur-scaled.jpg","_links":{"self":[{"href":"https:\/\/fram.is\/is\/wp-json\/wp\/v2\/posts\/27802","targetHints":{"allow":["GET"]}}],"collection":[{"href":"https:\/\/fram.is\/is\/wp-json\/wp\/v2\/posts"}],"about":[{"href":"https:\/\/fram.is\/is\/wp-json\/wp\/v2\/types\/post"}],"author":[{"embeddable":true,"href":"https:\/\/fram.is\/is\/wp-json\/wp\/v2\/users\/5"}],"replies":[{"embeddable":true,"href":"https:\/\/fram.is\/is\/wp-json\/wp\/v2\/comments?post=27802"}],"version-history":[{"count":4,"href":"https:\/\/fram.is\/is\/wp-json\/wp\/v2\/posts\/27802\/revisions"}],"predecessor-version":[{"id":27806,"href":"https:\/\/fram.is\/is\/wp-json\/wp\/v2\/posts\/27802\/revisions\/27806"}],"wp:featuredmedia":[{"embeddable":true,"href":"https:\/\/fram.is\/is\/wp-json\/wp\/v2\/media\/14120"}],"wp:attachment":[{"href":"https:\/\/fram.is\/is\/wp-json\/wp\/v2\/media?parent=27802"}],"wp:term":[{"taxonomy":"category","embeddable":true,"href":"https:\/\/fram.is\/is\/wp-json\/wp\/v2\/categories?post=27802"},{"taxonomy":"post_tag","embeddable":true,"href":"https:\/\/fram.is\/is\/wp-json\/wp\/v2\/tags?post=27802"}],"curies":[{"name":"wp","href":"https:\/\/api.w.org\/{rel}","templated":true}]}}