{"id":27825,"date":"2021-10-13T09:59:50","date_gmt":"2021-10-13T09:59:50","guid":{"rendered":"https:\/\/fram.is\/?p=27825"},"modified":"2021-10-13T10:01:57","modified_gmt":"2021-10-13T10:01:57","slug":"fimm-fra-fram-i-urtakshop-fyrir-reykjavikururvalid","status":"publish","type":"post","link":"https:\/\/fram.is\/is\/2021\/10\/13\/fimm-fra-fram-i-urtakshop-fyrir-reykjavikururvalid\/","title":{"rendered":"Fimm fr\u00e1 Fram \u00ed \u00fartaksh\u00f3p fyrir Reykjav\u00edkur\u00farvali\u00f0"},"content":{"rendered":"<div data-elementor-type=\"wp-post\" data-elementor-id=\"27825\" class=\"elementor elementor-27825\" data-elementor-post-type=\"post\">\n\t\t\t\t<section class=\"elementor-section elementor-top-section elementor-element elementor-element-7b2289ee elementor-section-boxed elementor-section-height-default elementor-section-height-default\" data-id=\"7b2289ee\" data-element_type=\"section\">\n\t\t\t\t\t\t<div class=\"elementor-container elementor-column-gap-default\">\n\t\t\t\t\t<div class=\"elementor-column elementor-col-100 elementor-top-column elementor-element elementor-element-2dd0cc0c\" data-id=\"2dd0cc0c\" data-element_type=\"column\">\n\t\t\t<div class=\"elementor-widget-wrap elementor-element-populated\">\n\t\t\t\t\t\t<div class=\"elementor-element elementor-element-7bc5e5e elementor-widget elementor-widget-text-editor\" data-id=\"7bc5e5e\" data-element_type=\"widget\" data-widget_type=\"text-editor.default\">\n\t\t\t\t<div class=\"elementor-widget-container\"><p><img fetchpriority=\"high\" decoding=\"async\" class=\"size-full wp-image-27858 alignright\" src=\"https:\/\/fram.is\/wp-content\/uploads\/2021\/10\/Reykjavikururvalid-god-okt.jpg\" alt=\"\" width=\"492\" height=\"428\" srcset=\"https:\/\/fram.is\/wp-content\/uploads\/2021\/10\/Reykjavikururvalid-god-okt.jpg 492w, https:\/\/fram.is\/wp-content\/uploads\/2021\/10\/Reykjavikururvalid-god-okt-300x261.jpg 300w\" sizes=\"(max-width: 492px) 100vw, 492px\" \/>HKRR hefur vali\u00f0 \u00fartaksh\u00f3p til \u00e6finga fyrir Reykjav\u00edkur\u00farval drengja f\u00e6ddir 2006 og 2007 en h\u00f3purinn mun koma sama \u00ed okt\u00f3ber 2021. \u00c6fingarnar fara fram 17. og 31. okt\u00f3ber. \u00c6fingarnar eru hluti af undirb\u00faningi li\u00f0sins fyrir keppnisfer\u00f0 til Ungverjalands.<br \/>\u00dej\u00e1lfarar h\u00f3psins eru Andri Sigf\u00fasson og Dagur Sn\u00e6r Steingr\u00edmsson.<\/p><p>Vi\u00f0 Framarar erum stoltir af \u00fev\u00ed a\u00f0 eiga fimm drengi \u00ed \u00feessu \u00fartaksh\u00f3pi en \u00feeir sem voru valdir fr\u00e1 Fram a\u00f0 \u00feessu sinni eru:<\/p><p>Dagur \u00c1rni Sigurj\u00f3nsson\u00a0\u00a0\u00a0\u00a0\u00a0\u00a0\u00a0\u00a0\u00a0\u00a0\u00a0\u00a0\u00a0\u00a0\u00a0 Fram<br \/>Marel Baldvinsson\u00a0\u00a0\u00a0\u00a0\u00a0\u00a0\u00a0\u00a0\u00a0\u00a0\u00a0\u00a0\u00a0\u00a0\u00a0\u00a0\u00a0\u00a0\u00a0\u00a0\u00a0\u00a0\u00a0\u00a0\u00a0\u00a0 Fram<br \/>Mark\u00fas P\u00e1ll Ellertsson\u00a0\u00a0\u00a0\u00a0\u00a0\u00a0\u00a0\u00a0\u00a0\u00a0\u00a0\u00a0\u00a0\u00a0\u00a0\u00a0\u00a0\u00a0\u00a0 Fram<br \/>Max Emil Stenlund\u00a0\u00a0\u00a0\u00a0\u00a0\u00a0\u00a0\u00a0\u00a0\u00a0\u00a0\u00a0\u00a0\u00a0\u00a0\u00a0\u00a0\u00a0\u00a0\u00a0\u00a0\u00a0\u00a0\u00a0\u00a0 Fram<br \/>\u00deorsteinn Kjartansson\u00a0\u00a0\u00a0\u00a0\u00a0\u00a0\u00a0\u00a0\u00a0\u00a0\u00a0\u00a0\u00a0\u00a0\u00a0\u00a0\u00a0\u00a0\u00a0 Fram<\/p><p>Gangi ykkur vel.<\/p><p>\u00c1FRAM FRAM<\/p><\/div>\n\t\t\t\t<\/div>\n\t\t\t\t\t<\/div>\n\t\t<\/div>\n\t\t\t\t\t<\/div>\n\t\t<\/section>\t\t<\/div>","protected":false},"excerpt":{"rendered":"<p>HKRR hefur vali\u00f0 \u00fartaksh\u00f3p til \u00e6finga fyrir Reykjav\u00edkur\u00farval drengja f\u00e6ddir 2006 og 2007 en h\u00f3purinn mun koma sama \u00ed okt\u00f3ber 2021. \u00c6fingarnar fara fram 17. og 31. okt\u00f3ber. \u00c6fingarnar eru [&hellip;]<\/p>","protected":false},"author":5,"featured_media":27857,"comment_status":"closed","ping_status":"closed","sticky":false,"template":"","format":"standard","meta":{"_monsterinsights_skip_tracking":false,"_monsterinsights_sitenote_active":false,"_monsterinsights_sitenote_note":"","_monsterinsights_sitenote_category":0,"_jetpack_memberships_contains_paid_content":false,"footnotes":""},"categories":[7,6],"tags":[],"class_list":["post-27825","post","type-post","status-publish","format-standard","has-post-thumbnail","hentry","category-yngri-flokkar","category-handbolti"],"jetpack_sharing_enabled":true,"jetpack_featured_media_url":"https:\/\/fram.is\/wp-content\/uploads\/2021\/10\/Reykjavikururvalid-okt.jpg","_links":{"self":[{"href":"https:\/\/fram.is\/is\/wp-json\/wp\/v2\/posts\/27825","targetHints":{"allow":["GET"]}}],"collection":[{"href":"https:\/\/fram.is\/is\/wp-json\/wp\/v2\/posts"}],"about":[{"href":"https:\/\/fram.is\/is\/wp-json\/wp\/v2\/types\/post"}],"author":[{"embeddable":true,"href":"https:\/\/fram.is\/is\/wp-json\/wp\/v2\/users\/5"}],"replies":[{"embeddable":true,"href":"https:\/\/fram.is\/is\/wp-json\/wp\/v2\/comments?post=27825"}],"version-history":[{"count":7,"href":"https:\/\/fram.is\/is\/wp-json\/wp\/v2\/posts\/27825\/revisions"}],"predecessor-version":[{"id":27864,"href":"https:\/\/fram.is\/is\/wp-json\/wp\/v2\/posts\/27825\/revisions\/27864"}],"wp:featuredmedia":[{"embeddable":true,"href":"https:\/\/fram.is\/is\/wp-json\/wp\/v2\/media\/27857"}],"wp:attachment":[{"href":"https:\/\/fram.is\/is\/wp-json\/wp\/v2\/media?parent=27825"}],"wp:term":[{"taxonomy":"category","embeddable":true,"href":"https:\/\/fram.is\/is\/wp-json\/wp\/v2\/categories?post=27825"},{"taxonomy":"post_tag","embeddable":true,"href":"https:\/\/fram.is\/is\/wp-json\/wp\/v2\/tags?post=27825"}],"curies":[{"name":"wp","href":"https:\/\/api.w.org\/{rel}","templated":true}]}}