{"id":27865,"date":"2021-10-13T10:56:25","date_gmt":"2021-10-13T10:56:25","guid":{"rendered":"https:\/\/fram.is\/?p=27865"},"modified":"2021-10-13T11:06:49","modified_gmt":"2021-10-13T11:06:49","slug":"anita-lisa-og-oskar-smari-taka-vid-fram","status":"publish","type":"post","link":"https:\/\/fram.is\/is\/2021\/10\/13\/anita-lisa-og-oskar-smari-taka-vid-fram\/","title":{"rendered":"An\u00edta L\u00edsa og \u00d3skar Sm\u00e1ri taka vi\u00f0 Fram"},"content":{"rendered":"<p>Knattspyrnudeild Fram hefur r\u00e1\u00f0i\u00f0 An\u00edtu L\u00edsu Svansd\u00f3ttur og \u00d3skar Sm\u00e1ra Haraldsson sem \u00fej\u00e1lfara meistaraflokks kvenna til n\u00e6stu tveggja \u00e1ra.  Samhli\u00f0a \u00fej\u00e1lfun meistaraflokks munu An\u00edta og \u00d3skar sj\u00e1 um \u00fej\u00e1lfun 4. flokks kvenna og koma a\u00f0 \u00e1framhaldandi uppbyggingu kvennaknattspyrnu innan f\u00e9lagsins.<\/p><p>An\u00edta L\u00edsa var s\u00ed\u00f0ast a\u00f0sto\u00f0ar\u00fej\u00e1lfari meistaraflokks kvenna hj\u00e1 KR \u00e1samt \u00fev\u00ed a\u00f0 gegna st\u00f6\u00f0u yfir\u00fej\u00e1lfara yngri flokka og \u00fej\u00e1lfa 2. 3. og 4. flokk kvenna.  H\u00fan var \u00e1\u00f0ur a\u00f0sto\u00f0ar\u00fej\u00e1lfari meistaraflokks \u00cdA og yngri flokka \u00fej\u00e1lfari.<\/p><p>\u00d3skar Sm\u00e1ri st\u00fdr\u00f0i li\u00f0i Tindast\u00f3ls \u00ed Pepsi-Max deild kvenna \u00e1 s\u00ed\u00f0ustu leikt\u00ed\u00f0.  Hann var \u00e1\u00f0ur a\u00f0sto\u00f0ar\u00fej\u00e1lfari meistaraflokks kvenna hj\u00e1 Stj\u00f6rnunni og \u00fej\u00e1lfa\u00f0i 2. og 3. flokk kvenna hj\u00e1 f\u00e9laginu.<\/p><p>Knattspyrnudeild Fram fagnar komu An\u00edtu L\u00edsu og \u00d3skars Sm\u00e1ra til f\u00e9lagsins og hlakkar til a\u00f0 fylgjast me\u00f0 frekari fram\u00fer\u00f3un kvennaknattspyrnunnar undir \u00feeirra lei\u00f0s\u00f6gn.<\/p>","protected":false},"excerpt":{"rendered":"<p>Knattspyrnudeild Fram hefur r\u00e1\u00f0i\u00f0 An\u00edtu L\u00edsu Svansd\u00f3ttur og \u00d3skar Sm\u00e1ra Haraldsson sem \u00fej\u00e1lfara meistaraflokks kvenna til n\u00e6stu tveggja \u00e1ra. Samhli\u00f0a \u00fej\u00e1lfun meistaraflokks munu An\u00edta og \u00d3skar sj\u00e1 um \u00fej\u00e1lfun 4. [&hellip;]<\/p>","protected":false},"author":5,"featured_media":27869,"comment_status":"closed","ping_status":"closed","sticky":false,"template":"","format":"standard","meta":{"_monsterinsights_skip_tracking":false,"_monsterinsights_sitenote_active":false,"_monsterinsights_sitenote_note":"","_monsterinsights_sitenote_category":0,"_jetpack_memberships_contains_paid_content":false,"footnotes":""},"categories":[9,12,13],"tags":[],"class_list":["post-27865","post","type-post","status-publish","format-standard","has-post-thumbnail","hentry","category-fotbolti","category-mflkvenna","category-yngriflokkar"],"jetpack_sharing_enabled":true,"jetpack_featured_media_url":"https:\/\/fram.is\/wp-content\/uploads\/2021\/10\/AnitaOskar2-scaled.jpg","_links":{"self":[{"href":"https:\/\/fram.is\/is\/wp-json\/wp\/v2\/posts\/27865","targetHints":{"allow":["GET"]}}],"collection":[{"href":"https:\/\/fram.is\/is\/wp-json\/wp\/v2\/posts"}],"about":[{"href":"https:\/\/fram.is\/is\/wp-json\/wp\/v2\/types\/post"}],"author":[{"embeddable":true,"href":"https:\/\/fram.is\/is\/wp-json\/wp\/v2\/users\/5"}],"replies":[{"embeddable":true,"href":"https:\/\/fram.is\/is\/wp-json\/wp\/v2\/comments?post=27865"}],"version-history":[{"count":2,"href":"https:\/\/fram.is\/is\/wp-json\/wp\/v2\/posts\/27865\/revisions"}],"predecessor-version":[{"id":27868,"href":"https:\/\/fram.is\/is\/wp-json\/wp\/v2\/posts\/27865\/revisions\/27868"}],"wp:featuredmedia":[{"embeddable":true,"href":"https:\/\/fram.is\/is\/wp-json\/wp\/v2\/media\/27869"}],"wp:attachment":[{"href":"https:\/\/fram.is\/is\/wp-json\/wp\/v2\/media?parent=27865"}],"wp:term":[{"taxonomy":"category","embeddable":true,"href":"https:\/\/fram.is\/is\/wp-json\/wp\/v2\/categories?post=27865"},{"taxonomy":"post_tag","embeddable":true,"href":"https:\/\/fram.is\/is\/wp-json\/wp\/v2\/tags?post=27865"}],"curies":[{"name":"wp","href":"https:\/\/api.w.org\/{rel}","templated":true}]}}