{"id":27874,"date":"2021-10-14T09:40:34","date_gmt":"2021-10-14T09:40:34","guid":{"rendered":"https:\/\/fram.is\/?p=27874"},"modified":"2021-10-14T12:54:28","modified_gmt":"2021-10-14T12:54:28","slug":"indridi-aki-framlengir-vid-fram","status":"publish","type":"post","link":"https:\/\/fram.is\/is\/2021\/10\/14\/indridi-aki-framlengir-vid-fram\/","title":{"rendered":"Indri\u00f0i \u00c1ki framlengir vi\u00f0 Fram"},"content":{"rendered":"<p>Indri\u00f0i \u00c1ki \u00deorl\u00e1ksson hefur framlengt samning sinn vi\u00f0 Fram til tveggja \u00e1ra. Samningurinn gildir \u00fat keppnist\u00edmabili\u00f0 2023.<\/p><p>Indri\u00f0i \u00c1ki sneri aftur til Fram fyrir s\u00ed\u00f0asta t\u00edmabil og \u00e1tti fr\u00e1b\u00e6rt sumar \u00ed \u00f3sigru\u00f0u li\u00f0i Fram \u00ed Lengjudeildinni.<br><br>Alls hefur Indri\u00f0i \u00c1ki leiki\u00f0 87 leiki fyrir Fram og skora\u00f0 \u00ed \u00feeim 13 m\u00f6rk en hann l\u00e9k \u00e1\u00f0ur me\u00f0 Fram \u00e1rin 2015-2017.<\/p><p>Frammista\u00f0a Indri\u00f0a \u00c1ka f\u00f3r ekki framhj\u00e1 sparkspekingum og var hann valinn \u00ed li\u00f0 \u00e1rsins \u00ed \u00fe\u00e1ttunum Lengjudeildarm\u00f6rkunum sem s\u00fdndir voru \u00e1 Hringbraut \u00ed sumar.<\/p><p>Knattspyrnudeild Fram fagnar \u00fev\u00ed a\u00f0 hafa Indri\u00f0a \u00c1ka \u00e1fram \u00ed s\u00ednum r\u00f6\u00f0um og bindur miklar vonir vi\u00f0 hann \u00e1 komandi \u00e1rum.<\/p><figure class=\"wp-block-image size-large\"><img fetchpriority=\"high\" decoding=\"async\" width=\"560\" height=\"756\" src=\"https:\/\/fram.is\/wp-content\/uploads\/2021\/10\/Indridi3.jpg\" alt=\"\" class=\"wp-image-27879\" srcset=\"https:\/\/fram.is\/wp-content\/uploads\/2021\/10\/Indridi3.jpg 560w, https:\/\/fram.is\/wp-content\/uploads\/2021\/10\/Indridi3-222x300.jpg 222w\" sizes=\"(max-width: 560px) 100vw, 560px\" \/><\/figure>","protected":false},"excerpt":{"rendered":"<p>Indri\u00f0i \u00c1ki \u00deorl\u00e1ksson hefur framlengt samning sinn vi\u00f0 Fram til tveggja \u00e1ra. Samningurinn gildir \u00fat keppnist\u00edmabili\u00f0 2023. Indri\u00f0i \u00c1ki sneri aftur til Fram fyrir s\u00ed\u00f0asta t\u00edmabil og \u00e1tti fr\u00e1b\u00e6rt sumar [&hellip;]<\/p>","protected":false},"author":5,"featured_media":27880,"comment_status":"closed","ping_status":"closed","sticky":false,"template":"","format":"standard","meta":{"_monsterinsights_skip_tracking":false,"_monsterinsights_sitenote_active":false,"_monsterinsights_sitenote_note":"","_monsterinsights_sitenote_category":0,"_jetpack_memberships_contains_paid_content":false,"footnotes":""},"categories":[9,11],"tags":[],"class_list":["post-27874","post","type-post","status-publish","format-standard","has-post-thumbnail","hentry","category-fotbolti","category-mflkarla"],"jetpack_sharing_enabled":true,"jetpack_featured_media_url":"https:\/\/fram.is\/wp-content\/uploads\/2021\/10\/Indridi1-2-scaled.jpg","_links":{"self":[{"href":"https:\/\/fram.is\/is\/wp-json\/wp\/v2\/posts\/27874","targetHints":{"allow":["GET"]}}],"collection":[{"href":"https:\/\/fram.is\/is\/wp-json\/wp\/v2\/posts"}],"about":[{"href":"https:\/\/fram.is\/is\/wp-json\/wp\/v2\/types\/post"}],"author":[{"embeddable":true,"href":"https:\/\/fram.is\/is\/wp-json\/wp\/v2\/users\/5"}],"replies":[{"embeddable":true,"href":"https:\/\/fram.is\/is\/wp-json\/wp\/v2\/comments?post=27874"}],"version-history":[{"count":5,"href":"https:\/\/fram.is\/is\/wp-json\/wp\/v2\/posts\/27874\/revisions"}],"predecessor-version":[{"id":27883,"href":"https:\/\/fram.is\/is\/wp-json\/wp\/v2\/posts\/27874\/revisions\/27883"}],"wp:featuredmedia":[{"embeddable":true,"href":"https:\/\/fram.is\/is\/wp-json\/wp\/v2\/media\/27880"}],"wp:attachment":[{"href":"https:\/\/fram.is\/is\/wp-json\/wp\/v2\/media?parent=27874"}],"wp:term":[{"taxonomy":"category","embeddable":true,"href":"https:\/\/fram.is\/is\/wp-json\/wp\/v2\/categories?post=27874"},{"taxonomy":"post_tag","embeddable":true,"href":"https:\/\/fram.is\/is\/wp-json\/wp\/v2\/tags?post=27874"}],"curies":[{"name":"wp","href":"https:\/\/api.w.org\/{rel}","templated":true}]}}