{"id":28000,"date":"2021-11-08T10:41:31","date_gmt":"2021-11-08T10:41:31","guid":{"rendered":"https:\/\/fram.is\/?p=28000"},"modified":"2021-11-08T10:43:06","modified_gmt":"2021-11-08T10:43:06","slug":"samskiptaradgjafi-ithrotta-og-aeskulydsstarfs-bodar-til-fundar","status":"publish","type":"post","link":"https:\/\/fram.is\/is\/2021\/11\/08\/samskiptaradgjafi-ithrotta-og-aeskulydsstarfs-bodar-til-fundar\/","title":{"rendered":"Samskiptar\u00e1\u00f0gjafi \u00ed\u00fer\u00f3tta- og \u00e6skul\u00fd\u00f0sstarfs bo\u00f0ar til fundar"},"content":{"rendered":"<div data-elementor-type=\"wp-post\" data-elementor-id=\"28000\" class=\"elementor elementor-28000\" data-elementor-post-type=\"post\">\n\t\t\t\t<section class=\"elementor-section elementor-top-section elementor-element elementor-element-110ae964 elementor-section-boxed elementor-section-height-default elementor-section-height-default\" data-id=\"110ae964\" data-element_type=\"section\">\n\t\t\t\t\t\t<div class=\"elementor-container elementor-column-gap-default\">\n\t\t\t\t\t<div class=\"elementor-column elementor-col-100 elementor-top-column elementor-element elementor-element-5d78d07a\" data-id=\"5d78d07a\" data-element_type=\"column\">\n\t\t\t<div class=\"elementor-widget-wrap elementor-element-populated\">\n\t\t\t\t\t\t<div class=\"elementor-element elementor-element-3dad734e elementor-widget elementor-widget-text-editor\" data-id=\"3dad734e\" data-element_type=\"widget\" data-widget_type=\"text-editor.default\">\n\t\t\t\t<div class=\"elementor-widget-container\"><figure class=\"wp-block-table\"><\/figure><figure class=\"wp-block-table\">\n<table>\n<tbody>\n<tr>\n<td><strong>Kynningarherfer\u00f0 ver\u00f0ur n\u00e6sta\u00a0m\u00e1nu\u00f0inn um allt land um starf samskiptar\u00e1\u00f0gjafa\u00a0og lei\u00f0irnar til a\u00f0 tryggja \u00f6ruggt umhverfi \u00ed \u00ed\u00fer\u00f3tta- og \u00e6skul\u00fd\u00f0sstarfi. \u00a0\u00a0<\/strong> \u00a0 <br \/><br \/>Samskiptar\u00e1\u00f0gjafi \u00ed\u00fer\u00f3tta- og \u00e6skul\u00fd\u00f0sstarfs mun kynna starfi\u00f0 \u00e1 n\u00e6stu d\u00f6gum og ver\u00f0a kynningarfundir haldnir v\u00ed\u00f0svegar um landi\u00f0 \u00e1 n\u00e6stu vikum. <br \/><br \/>Markmi\u00f0 me\u00f0 starfi samskiptar\u00e1\u00f0gjafa \u00ed\u00fer\u00f3tta- og \u00e6skul\u00fd\u00f0sstarfs er a\u00f0 sl\u00edkt starf fari fram \u00ed \u00f6ruggu umhverfi og a\u00f0 b\u00f6rn, unglingar og fullor\u00f0nir, \u00f3h\u00e1\u00f0 kynfer\u00f0i e\u00f0a st\u00f6\u00f0u a\u00f0 \u00f6\u00f0ru leyti, geti stunda\u00f0 \u00f6ruggt \u00ed\u00fer\u00f3tta- e\u00f0a \u00e6skul\u00fd\u00f0sstarf. \u00deau geti\u00a0leita\u00f0 s\u00e9r a\u00f0sto\u00f0ar e\u00f0a r\u00e9ttar s\u00edna \u00e1n \u00feess a\u00f0 \u00feurfa a\u00f0 \u00f3ttast aflei\u00f0ingarnar. Me\u00f0 atvikum og misger\u00f0um er \u00e1tt vi\u00f0 andlegt, l\u00edkamlegt og kynfer\u00f0islegt ofbeldi og \u00e1reitni, einelti og \u00f6nnur samb\u00e6rileg tilvik.<br \/><br \/>\u00cd okt\u00f3ber og n\u00f3vember n\u00e6stkomandi mun samskiptar\u00e1\u00f0gjafi fer\u00f0ast um landi\u00f0 og kynna starfsemina fyrir \u00ed\u00fer\u00f3tta- og \u00e6skul\u00fd\u00f0sf\u00e9l\u00f6gum.<br \/><br \/><strong>Dagskr\u00e1in: \u00a0<\/strong> <br \/>Kynning \u00e1 starfi samskiptar\u00e1\u00f0gjafa. Kynning \u00e1 \u00f6flun uppl\u00fdsinga \u00far sakaskr\u00e1. Kynning \u00e1 vinnu vi\u00f0 samr\u00e6mingu vi\u00f0brag\u00f0s\u00e1\u00e6tlana vegna atvika og misger\u00f0a.<br \/><br \/><strong>\u00d3ska\u00f0 er eftir \u00fev\u00ed a\u00f0 fulltr\u00faar f\u00e9laga\u00a0\u00e1samt starfsm\u00f6nnum, lei\u00f0beinendum e\u00f0a \u00fej\u00e1lfurum f\u00e9laga m\u00e6ti \u00e1 fundina. \u00cd kj\u00f6lfar kynningar ver\u00f0ur \u00fatb\u00fai\u00f0 efni sem f\u00e9l\u00f6g geta n\u00fdtt s\u00e9r til a\u00f0 uppl\u00fdsa starfsf\u00f3lk og i\u00f0kendur.\u00a0<\/strong> \u00a0 <br \/><br \/><strong>Kynningarnar ver\u00f0a \u00e1 eftirt\u00f6ldum st\u00f6\u00f0um og dagsetningum: \u00a0<\/strong> <br \/><br \/>Reykjav\u00edk m\u00e1nudaginn 15. n\u00f3vember. \u00cdS\u00cd Engjavegi 6, Fundarsalur E kl.17:00 <br \/>Reykjav\u00edk \u00feri\u00f0judaginn 16. n\u00f3vember. \u00cdS\u00cd Engjavegi 6, Fundarsalur E kl.13:00 <br \/>Reykjav\u00edk mi\u00f0vikudaginn 17. n\u00f3vember. \u00cdS\u00cd Engjavegi 6, Fundarsalur E kl.19:00 <br \/><br \/><strong>Vi\u00f0 hvetjum alla okkar stj\u00f3rnarmenn, lei\u00f0beinendur og \u00fej\u00e1lfara til a\u00f0 m\u00e6ta. <\/strong><br \/><br \/>Frekari uppl\u00fdsingar \u00e1 <a href=\"https:\/\/umfi.us14.list-manage.com\/track\/click?u=fc6daeec878f0797b35968d27&amp;id=b5ac1f6a9e&amp;e=4987acba23\" target=\"_blank\" rel=\"noreferrer noopener\">heimas\u00ed\u00f0u samskiptar\u00e1\u00f0gjafa \u00ed\u00fer\u00f3tta- og \u00e6skul\u00fd\u00f0sstarfs<\/a>.<br \/><br \/>Knattspyrnuf\u00e9lagi\u00f0 Fram <\/td>\n<\/tr>\n<\/tbody>\n<\/table>\n<\/figure><\/div>\n\t\t\t\t<\/div>\n\t\t\t\t\t<\/div>\n\t\t<\/div>\n\t\t\t\t\t<\/div>\n\t\t<\/section>\t\t<\/div>","protected":false},"excerpt":{"rendered":"<p>Kynningarherfer\u00f0 ver\u00f0ur n\u00e6sta\u00a0m\u00e1nu\u00f0inn um allt land um starf samskiptar\u00e1\u00f0gjafa\u00a0og lei\u00f0irnar til a\u00f0 tryggja \u00f6ruggt umhverfi \u00ed \u00ed\u00fer\u00f3tta- og \u00e6skul\u00fd\u00f0sstarfi. \u00a0\u00a0 \u00a0 Samskiptar\u00e1\u00f0gjafi \u00ed\u00fer\u00f3tta- og \u00e6skul\u00fd\u00f0sstarfs mun kynna starfi\u00f0 \u00e1 n\u00e6stu [&hellip;]<\/p>","protected":false},"author":5,"featured_media":27667,"comment_status":"closed","ping_status":"closed","sticky":false,"template":"","format":"standard","meta":{"_monsterinsights_skip_tracking":false,"_monsterinsights_sitenote_active":false,"_monsterinsights_sitenote_note":"","_monsterinsights_sitenote_category":0,"_jetpack_memberships_contains_paid_content":false,"footnotes":""},"categories":[58,8],"tags":[],"class_list":["post-28000","post","type-post","status-publish","format-standard","has-post-thumbnail","hentry","category-felagid","category-adalstjorn"],"jetpack_sharing_enabled":true,"jetpack_featured_media_url":"https:\/\/fram.is\/wp-content\/uploads\/2021\/09\/Forsida.jpg","_links":{"self":[{"href":"https:\/\/fram.is\/is\/wp-json\/wp\/v2\/posts\/28000","targetHints":{"allow":["GET"]}}],"collection":[{"href":"https:\/\/fram.is\/is\/wp-json\/wp\/v2\/posts"}],"about":[{"href":"https:\/\/fram.is\/is\/wp-json\/wp\/v2\/types\/post"}],"author":[{"embeddable":true,"href":"https:\/\/fram.is\/is\/wp-json\/wp\/v2\/users\/5"}],"replies":[{"embeddable":true,"href":"https:\/\/fram.is\/is\/wp-json\/wp\/v2\/comments?post=28000"}],"version-history":[{"count":5,"href":"https:\/\/fram.is\/is\/wp-json\/wp\/v2\/posts\/28000\/revisions"}],"predecessor-version":[{"id":28063,"href":"https:\/\/fram.is\/is\/wp-json\/wp\/v2\/posts\/28000\/revisions\/28063"}],"wp:featuredmedia":[{"embeddable":true,"href":"https:\/\/fram.is\/is\/wp-json\/wp\/v2\/media\/27667"}],"wp:attachment":[{"href":"https:\/\/fram.is\/is\/wp-json\/wp\/v2\/media?parent=28000"}],"wp:term":[{"taxonomy":"category","embeddable":true,"href":"https:\/\/fram.is\/is\/wp-json\/wp\/v2\/categories?post=28000"},{"taxonomy":"post_tag","embeddable":true,"href":"https:\/\/fram.is\/is\/wp-json\/wp\/v2\/tags?post=28000"}],"curies":[{"name":"wp","href":"https:\/\/api.w.org\/{rel}","templated":true}]}}