{"id":28111,"date":"2021-11-15T12:53:18","date_gmt":"2021-11-15T12:53:18","guid":{"rendered":"https:\/\/fram.is\/?p=28111"},"modified":"2021-11-15T12:55:30","modified_gmt":"2021-11-15T12:55:30","slug":"mikael-trausti-og-stefan-orri-i-aefingahopi-islands-u17","status":"publish","type":"post","link":"https:\/\/fram.is\/is\/2021\/11\/15\/mikael-trausti-og-stefan-orri-i-aefingahopi-islands-u17\/","title":{"rendered":"Mikael Trausti og Stef\u00e1n Orri \u00ed \u00e6fingah\u00f3pi \u00cdslands U17"},"content":{"rendered":"<div data-elementor-type=\"wp-post\" data-elementor-id=\"28111\" class=\"elementor elementor-28111\" data-elementor-post-type=\"post\">\n\t\t\t\t<section class=\"elementor-section elementor-top-section elementor-element elementor-element-72e515f0 elementor-section-boxed elementor-section-height-default elementor-section-height-default\" data-id=\"72e515f0\" data-element_type=\"section\">\n\t\t\t\t\t\t<div class=\"elementor-container elementor-column-gap-default\">\n\t\t\t\t\t<div class=\"elementor-column elementor-col-100 elementor-top-column elementor-element elementor-element-2a838b94\" data-id=\"2a838b94\" data-element_type=\"column\">\n\t\t\t<div class=\"elementor-widget-wrap elementor-element-populated\">\n\t\t\t\t\t\t<div class=\"elementor-element elementor-element-49be7c88 elementor-widget elementor-widget-text-editor\" data-id=\"49be7c88\" data-element_type=\"widget\" data-widget_type=\"text-editor.default\">\n\t\t\t\t<div class=\"elementor-widget-container\"><p><img fetchpriority=\"high\" decoding=\"async\" class=\"size-medium wp-image-27838 alignright\" src=\"https:\/\/fram.is\/wp-content\/uploads\/2021\/10\/Mikael-Trausti-U17-300x300.jpg\" alt=\"\" width=\"300\" height=\"300\" srcset=\"https:\/\/fram.is\/wp-content\/uploads\/2021\/10\/Mikael-Trausti-U17-300x300.jpg 300w, https:\/\/fram.is\/wp-content\/uploads\/2021\/10\/Mikael-Trausti-U17-800x800.jpg 800w, https:\/\/fram.is\/wp-content\/uploads\/2021\/10\/Mikael-Trausti-U17-100x100.jpg 100w, https:\/\/fram.is\/wp-content\/uploads\/2021\/10\/Mikael-Trausti-U17-1024x1024.jpg 1024w, https:\/\/fram.is\/wp-content\/uploads\/2021\/10\/Mikael-Trausti-U17-150x150.jpg 150w, https:\/\/fram.is\/wp-content\/uploads\/2021\/10\/Mikael-Trausti-U17-768x768.jpg 768w, https:\/\/fram.is\/wp-content\/uploads\/2021\/10\/Mikael-Trausti-U17.jpg 1080w\" sizes=\"(max-width: 300px) 100vw, 300px\" \/>J\u00f6rundur \u00c1ki Sveinsson, landsli\u00f0s\u00fej\u00e1lfari \u00cdslands \u00a0U17 karla, hefur vali\u00f0 leikmannah\u00f3p sem kemur saman til \u00e6finga dagana 22.- 24.n\u00f3vember n.k.<\/p><p>Vi\u00f0 Framarar erum stoltir af \u00fev\u00ed a\u00f0 eiga tvo fulltr\u00faa \u00ed \u00feessu \u00e6fingah\u00f3pi \u00cdslands en \u00feeir sem voru valdir fr\u00e1 Fram a\u00f0 \u00feessu sinni eru:<\/p><p>Mikael Trausti Vi\u00f0arsson\u00a0\u00a0\u00a0\u00a0\u00a0\u00a0\u00a0\u00a0\u00a0\u00a0\u00a0\u00a0\u00a0\u00a0 Fram<br \/>Stef\u00e1n Orri H\u00e1konarson\u00a0\u00a0\u00a0\u00a0\u00a0\u00a0\u00a0\u00a0\u00a0\u00a0\u00a0\u00a0\u00a0\u00a0\u00a0\u00a0 Fram<\/p><p><img decoding=\"async\" class=\"size-medium wp-image-27846 alignright\" src=\"https:\/\/fram.is\/wp-content\/uploads\/2021\/10\/Stefan-Orri-U17-300x300.jpg\" alt=\"\" width=\"300\" height=\"300\" srcset=\"https:\/\/fram.is\/wp-content\/uploads\/2021\/10\/Stefan-Orri-U17-300x300.jpg 300w, https:\/\/fram.is\/wp-content\/uploads\/2021\/10\/Stefan-Orri-U17-800x800.jpg 800w, https:\/\/fram.is\/wp-content\/uploads\/2021\/10\/Stefan-Orri-U17-100x100.jpg 100w, https:\/\/fram.is\/wp-content\/uploads\/2021\/10\/Stefan-Orri-U17-1024x1024.jpg 1024w, https:\/\/fram.is\/wp-content\/uploads\/2021\/10\/Stefan-Orri-U17-150x150.jpg 150w, https:\/\/fram.is\/wp-content\/uploads\/2021\/10\/Stefan-Orri-U17-768x768.jpg 768w, https:\/\/fram.is\/wp-content\/uploads\/2021\/10\/Stefan-Orri-U17.jpg 1080w\" sizes=\"(max-width: 300px) 100vw, 300px\" \/>Gangi ykkur vel.<\/p><p>\u00c1FRAM FRAM<\/p><\/div>\n\t\t\t\t<\/div>\n\t\t\t\t\t<\/div>\n\t\t<\/div>\n\t\t\t\t\t<\/div>\n\t\t<\/section>\t\t<\/div>","protected":false},"excerpt":{"rendered":"<p>J\u00f6rundur \u00c1ki Sveinsson, landsli\u00f0s\u00fej\u00e1lfari \u00cdslands \u00a0U17 karla, hefur vali\u00f0 leikmannah\u00f3p sem kemur saman til \u00e6finga dagana 22.- 24.n\u00f3vember n.k. Vi\u00f0 Framarar erum stoltir af \u00fev\u00ed a\u00f0 eiga tvo fulltr\u00faa \u00ed [&hellip;]<\/p>","protected":false},"author":5,"featured_media":24695,"comment_status":"closed","ping_status":"closed","sticky":false,"template":"","format":"standard","meta":{"_monsterinsights_skip_tracking":false,"_monsterinsights_sitenote_active":false,"_monsterinsights_sitenote_note":"","_monsterinsights_sitenote_category":0,"_jetpack_memberships_contains_paid_content":false,"footnotes":""},"categories":[9,13],"tags":[],"class_list":["post-28111","post","type-post","status-publish","format-standard","has-post-thumbnail","hentry","category-fotbolti","category-yngriflokkar"],"jetpack_sharing_enabled":true,"jetpack_featured_media_url":"https:\/\/fram.is\/wp-content\/uploads\/2021\/01\/U16-Mikki-og-Stefan-vefur-scaled.jpg","_links":{"self":[{"href":"https:\/\/fram.is\/is\/wp-json\/wp\/v2\/posts\/28111","targetHints":{"allow":["GET"]}}],"collection":[{"href":"https:\/\/fram.is\/is\/wp-json\/wp\/v2\/posts"}],"about":[{"href":"https:\/\/fram.is\/is\/wp-json\/wp\/v2\/types\/post"}],"author":[{"embeddable":true,"href":"https:\/\/fram.is\/is\/wp-json\/wp\/v2\/users\/5"}],"replies":[{"embeddable":true,"href":"https:\/\/fram.is\/is\/wp-json\/wp\/v2\/comments?post=28111"}],"version-history":[{"count":4,"href":"https:\/\/fram.is\/is\/wp-json\/wp\/v2\/posts\/28111\/revisions"}],"predecessor-version":[{"id":28115,"href":"https:\/\/fram.is\/is\/wp-json\/wp\/v2\/posts\/28111\/revisions\/28115"}],"wp:featuredmedia":[{"embeddable":true,"href":"https:\/\/fram.is\/is\/wp-json\/wp\/v2\/media\/24695"}],"wp:attachment":[{"href":"https:\/\/fram.is\/is\/wp-json\/wp\/v2\/media?parent=28111"}],"wp:term":[{"taxonomy":"category","embeddable":true,"href":"https:\/\/fram.is\/is\/wp-json\/wp\/v2\/categories?post=28111"},{"taxonomy":"post_tag","embeddable":true,"href":"https:\/\/fram.is\/is\/wp-json\/wp\/v2\/tags?post=28111"}],"curies":[{"name":"wp","href":"https:\/\/api.w.org\/{rel}","templated":true}]}}