{"id":28134,"date":"2021-11-25T09:36:21","date_gmt":"2021-11-25T09:36:21","guid":{"rendered":"https:\/\/fram.is\/?p=28134"},"modified":"2021-11-25T09:39:50","modified_gmt":"2021-11-25T09:39:50","slug":"fjorar-fra-fram-i-aefingahopi-islands-u16","status":"publish","type":"post","link":"https:\/\/fram.is\/is\/2021\/11\/25\/fjorar-fra-fram-i-aefingahopi-islands-u16\/","title":{"rendered":"Fj\u00f3rar fr\u00e1 Fram \u00ed \u00e6fingah\u00f3pi \u00cdslands U16"},"content":{"rendered":"<div data-elementor-type=\"wp-post\" data-elementor-id=\"28134\" class=\"elementor elementor-28134\" data-elementor-post-type=\"post\">\n\t\t\t\t<section class=\"elementor-section elementor-top-section elementor-element elementor-element-6d3c8182 elementor-section-boxed elementor-section-height-default elementor-section-height-default\" data-id=\"6d3c8182\" data-element_type=\"section\">\n\t\t\t\t\t\t<div class=\"elementor-container elementor-column-gap-default\">\n\t\t\t\t\t<div class=\"elementor-column elementor-col-100 elementor-top-column elementor-element elementor-element-685bc746\" data-id=\"685bc746\" data-element_type=\"column\">\n\t\t\t<div class=\"elementor-widget-wrap elementor-element-populated\">\n\t\t\t\t\t\t<div class=\"elementor-element elementor-element-7439d04a elementor-widget elementor-widget-text-editor\" data-id=\"7439d04a\" data-element_type=\"widget\" data-widget_type=\"text-editor.default\">\n\t\t\t\t<div class=\"elementor-widget-container\"><p><img fetchpriority=\"high\" decoding=\"async\" class=\"wp-image-28166 alignright\" src=\"https:\/\/fram.is\/wp-content\/uploads\/2021\/11\/U-15-kvenna-233x300.jpg\" alt=\"\" width=\"366\" height=\"471\" srcset=\"https:\/\/fram.is\/wp-content\/uploads\/2021\/11\/U-15-kvenna-233x300.jpg 233w, https:\/\/fram.is\/wp-content\/uploads\/2021\/11\/U-15-kvenna-800x1031.jpg 800w, https:\/\/fram.is\/wp-content\/uploads\/2021\/11\/U-15-kvenna-795x1024.jpg 795w, https:\/\/fram.is\/wp-content\/uploads\/2021\/11\/U-15-kvenna-768x989.jpg 768w, https:\/\/fram.is\/wp-content\/uploads\/2021\/11\/U-15-kvenna-1192x1536.jpg 1192w, https:\/\/fram.is\/wp-content\/uploads\/2021\/11\/U-15-kvenna.jpg 1200w\" sizes=\"(max-width: 366px) 100vw, 366px\" \/>Gu\u00f0mundur Helgi P\u00e1lsson og Dagur Sn\u00e6r Steingr\u00edmsson landsli\u00f0s\u00fej\u00e1lfarar \u00cdslands U16 kvenna \u00ed handbolta, hafa vali\u00f0 \u00e6fingah\u00f3p sem kemur saman til \u00e6finga helgina 26.-28. n\u00f3vember.<\/p><p>Vi\u00f0 Framarar erum stoltir af \u00fev\u00ed a\u00f0 eiga fj\u00f3ra fulltr\u00faa \u00ed \u00feessi \u00e6fingah\u00f3pi \u00cdslands en \u00fe\u00e6r sem voru valdar fr\u00e1 Fram a\u00f0 \u00feessu sinni eru:\u00a0<\/p><p>Dagmar Gu\u00f0r\u00fan P\u00e1lsd\u00f3ttir\u00a0\u00a0\u00a0\u00a0\u00a0\u00a0\u00a0\u00a0\u00a0\u00a0\u00a0\u00a0\u00a0\u00a0\u00a0\u00a0\u00a0\u00a0\u00a0\u00a0\u00a0\u00a0 Fram<br \/>Ingibj\u00f6rg Eva Baldvinsd\u00f3ttir\u00a0\u00a0\u00a0\u00a0\u00a0\u00a0\u00a0\u00a0\u00a0\u00a0\u00a0\u00a0\u00a0\u00a0\u00a0\u00a0\u00a0\u00a0\u00a0 Fram<br \/>Matthildur Bjarnad\u00f3ttir\u00a0\u00a0\u00a0\u00a0\u00a0\u00a0\u00a0\u00a0\u00a0\u00a0\u00a0\u00a0\u00a0\u00a0\u00a0\u00a0\u00a0\u00a0\u00a0\u00a0\u00a0\u00a0\u00a0\u00a0\u00a0\u00a0\u00a0\u00a0\u00a0 Fram<br \/>Sara R\u00fan G\u00edslad\u00f3ttir\u00a0\u00a0\u00a0\u00a0\u00a0\u00a0\u00a0\u00a0\u00a0\u00a0\u00a0\u00a0\u00a0\u00a0\u00a0\u00a0\u00a0\u00a0\u00a0\u00a0\u00a0\u00a0\u00a0\u00a0\u00a0\u00a0\u00a0\u00a0\u00a0\u00a0\u00a0\u00a0\u00a0\u00a0\u00a0\u00a0 Fram<br \/>Gangi ykkur vel.<\/p><p>\u00c1FRAM FRAM<\/p><\/div>\n\t\t\t\t<\/div>\n\t\t\t\t\t<\/div>\n\t\t<\/div>\n\t\t\t\t\t<\/div>\n\t\t<\/section>\t\t<\/div>","protected":false},"excerpt":{"rendered":"<p>Gu\u00f0mundur Helgi P\u00e1lsson og Dagur Sn\u00e6r Steingr\u00edmsson landsli\u00f0s\u00fej\u00e1lfarar \u00cdslands U16 kvenna \u00ed handbolta, hafa vali\u00f0 \u00e6fingah\u00f3p sem kemur saman til \u00e6finga helgina 26.-28. n\u00f3vember. Vi\u00f0 Framarar erum stoltir af \u00fev\u00ed [&hellip;]<\/p>","protected":false},"author":5,"featured_media":28167,"comment_status":"closed","ping_status":"closed","sticky":false,"template":"","format":"standard","meta":{"_monsterinsights_skip_tracking":false,"_monsterinsights_sitenote_active":false,"_monsterinsights_sitenote_note":"","_monsterinsights_sitenote_category":0,"_jetpack_memberships_contains_paid_content":false,"footnotes":""},"categories":[6,7],"tags":[],"class_list":["post-28134","post","type-post","status-publish","format-standard","has-post-thumbnail","hentry","category-handbolti","category-yngri-flokkar"],"jetpack_sharing_enabled":true,"jetpack_featured_media_url":"https:\/\/fram.is\/wp-content\/uploads\/2021\/11\/U-15-kvenna-vefur.jpg","_links":{"self":[{"href":"https:\/\/fram.is\/is\/wp-json\/wp\/v2\/posts\/28134","targetHints":{"allow":["GET"]}}],"collection":[{"href":"https:\/\/fram.is\/is\/wp-json\/wp\/v2\/posts"}],"about":[{"href":"https:\/\/fram.is\/is\/wp-json\/wp\/v2\/types\/post"}],"author":[{"embeddable":true,"href":"https:\/\/fram.is\/is\/wp-json\/wp\/v2\/users\/5"}],"replies":[{"embeddable":true,"href":"https:\/\/fram.is\/is\/wp-json\/wp\/v2\/comments?post=28134"}],"version-history":[{"count":5,"href":"https:\/\/fram.is\/is\/wp-json\/wp\/v2\/posts\/28134\/revisions"}],"predecessor-version":[{"id":28170,"href":"https:\/\/fram.is\/is\/wp-json\/wp\/v2\/posts\/28134\/revisions\/28170"}],"wp:featuredmedia":[{"embeddable":true,"href":"https:\/\/fram.is\/is\/wp-json\/wp\/v2\/media\/28167"}],"wp:attachment":[{"href":"https:\/\/fram.is\/is\/wp-json\/wp\/v2\/media?parent=28134"}],"wp:term":[{"taxonomy":"category","embeddable":true,"href":"https:\/\/fram.is\/is\/wp-json\/wp\/v2\/categories?post=28134"},{"taxonomy":"post_tag","embeddable":true,"href":"https:\/\/fram.is\/is\/wp-json\/wp\/v2\/tags?post=28134"}],"curies":[{"name":"wp","href":"https:\/\/api.w.org\/{rel}","templated":true}]}}