{"id":2827,"date":"2013-04-24T10:41:37","date_gmt":"2013-04-24T10:41:37","guid":{"rendered":"http:\/\/fram.is\/?p=2827"},"modified":"2013-04-24T10:41:37","modified_gmt":"2013-04-24T10:41:37","slug":"sumarhlaup-fram-hatidardagskra-i-grafarholti","status":"publish","type":"post","link":"https:\/\/fram.is\/is\/2013\/04\/24\/sumarhlaup-fram-hatidardagskra-i-grafarholti\/","title":{"rendered":"Sumarhlaup FRAM | H\u00e1t\u00ed\u00f0ardagskr\u00e1 \u00ed Grafarholti"},"content":{"rendered":"<p>Almennings\u00ed\u00fer\u00f3ttadeild Fram heldur hi\u00f0 \u00e1rlega Fram-hlaup \u00ed Grafarholti og \u00dalfars\u00e1rdal \u00e1 Sumardaginn fyrsta, fimmtudaginn 25.apr\u00edl.\u00a0 Hlaupi\u00f0 er hluti af vi\u00f0amikilli sumarh\u00e1t\u00ed\u00f0ardagskr\u00e1 \u00ed Grafarholti.<\/p>\n<p>Hlaupi\u00f0 hefst kl. 10:00 vi\u00f0 Ingunnarsk\u00f3la en skr\u00e1ning byrjar \u00ed anddyri sk\u00f3lans kl. 09:30.<\/p>\n<p>Tv\u00e6r vegalengdir ver\u00f0a \u00ed bo\u00f0i:<br \/>\n&#8211;\u00a0\u00a0\u00a0\u00a0\u00a0\u00a0\u00a0\u00a0\u00a0 3 km skemmtiskokk<br \/>\n&#8211;\u00a0\u00a0\u00a0\u00a0\u00a0\u00a0\u00a0\u00a0\u00a0 7,6 km hlaup \u00ed kringum Rau\u00f0avatn<\/p>\n<p>Ver\u00f0laun ver\u00f0a veitt fyrir \u00ferj\u00fa efstu s\u00e6tin \u00ed hvorum flokki, fyrir b\u00f6rn og fullor\u00f0na.\u00a0 \u00d6ll b\u00f6rn f\u00e1 vi\u00f0urkenningarskjal a\u00f0 loknu hlaupi.<\/p>\n<p>Fram kemur einnig a\u00f0 skemmtun \u00ed Ingunnarsk\u00f3la og vi\u00f0 Grafarholtstorg sem hefst klukkan 13.30.\u00a0 \u00dear mun f\u00e9lagi\u00f0 bj\u00f3\u00f0a upp \u00e1 bing\u00f3, k\u00f6kubasar og veitingas\u00f6lu og allt er \u00feetta li\u00f0ur \u00ed fj\u00e1r\u00f6flun yngri flokka \u00ed f\u00f3tboltanum.<\/p>\n<p><b><span style=\"text-decoration: underline;\">Sumarbing\u00f3 Fram \u2013 Fr\u00e1b\u00e6rir vinningar!<\/span><\/b><\/p>\n<p>\u00c1 sumardaginn fyrsta ver\u00f0ur haldi\u00f0 hef\u00f0bundi\u00f0 sumarbing\u00f3 \u00e1 vegum Fram.<\/p>\n<p>A\u00f0 \u00feessu sinni eru \u00fea\u00f0 3. og 4. fl. kk og kvk \u00ed knattspyrnu sem hafa veg og vanda a\u00f0 undirb\u00faningi og skiplagningu en \u00feessir flokkar eru a\u00f0 fara \u00ed \u00e6fingafer\u00f0 til Sp\u00e1nar \u00ed sumar.<\/p>\n<p>Fr\u00e1b\u00e6rir vinningar: Framfatna\u00f0ur, gjafami\u00f0ar \u00fdmiskonar (\u00fat a\u00f0 bor\u00f0a, laser-tag, snyrting o.fl.), landsli\u00f0streyja, snyrtiv\u00f6rur og margt, margt fleira.\u00a0 A\u00f0alvinningurinn er svo ekki af verri endanum: Samsung Galaxy Ace 2.<\/p>\n<p>K\u00f6kubasar \u2013 fr\u00e1b\u00e6rt a\u00f0 taka me\u00f0 s\u00e9r k\u00f6ku heim til a\u00f0 fagna sumri J<\/p>\n<p>Kaffisala \u00e1 sta\u00f0num \u2013 nau\u00f0synlegt a\u00f0 f\u00e1 s\u00e9r sopa og bita \u00e1 me\u00f0an ma\u00f0ur spilar \u00e6sispennandi bing\u00f3.<\/p>\n<p>Vonumst til a\u00f0 sj\u00e1 sem flesta!<\/p>\n<p><a href=\"http:\/\/fram.is\/wp-content\/uploads\/2013\/04\/sf.jpg\"><img fetchpriority=\"high\" decoding=\"async\" class=\"alignleft size-full wp-image-2828\" alt=\"Arsel augl 255X390.indd\" src=\"http:\/\/fram.is\/wp-content\/uploads\/2013\/04\/sf.jpg\" width=\"723\" height=\"1106\" srcset=\"https:\/\/fram.is\/wp-content\/uploads\/2013\/04\/sf.jpg 723w, https:\/\/fram.is\/wp-content\/uploads\/2013\/04\/sf-196x300.jpg 196w, https:\/\/fram.is\/wp-content\/uploads\/2013\/04\/sf-669x1024.jpg 669w\" sizes=\"(max-width: 723px) 100vw, 723px\" \/><\/a><\/p>","protected":false},"excerpt":{"rendered":"<p>Almennings\u00ed\u00fer\u00f3ttadeild Fram heldur hi\u00f0 \u00e1rlega Fram-hlaup \u00ed Grafarholti og \u00dalfars\u00e1rdal \u00e1 Sumardaginn fyrsta, fimmtudaginn 25.apr\u00edl.\u00a0 Hlaupi\u00f0 er hluti af vi\u00f0amikilli sumarh\u00e1t\u00ed\u00f0ardagskr\u00e1 \u00ed Grafarholti. Hlaupi\u00f0 hefst kl. 10:00 vi\u00f0 Ingunnarsk\u00f3la en [&hellip;]<\/p>","protected":false},"author":3,"featured_media":2829,"comment_status":"open","ping_status":"open","sticky":false,"template":"","format":"standard","meta":{"_monsterinsights_skip_tracking":false,"_monsterinsights_sitenote_active":false,"_monsterinsights_sitenote_note":"","_monsterinsights_sitenote_category":0,"_jetpack_memberships_contains_paid_content":false,"footnotes":""},"categories":[1],"tags":[],"class_list":["post-2827","post","type-post","status-publish","format-standard","has-post-thumbnail","hentry","category-uncategorized"],"jetpack_sharing_enabled":true,"jetpack_featured_media_url":"https:\/\/fram.is\/wp-content\/uploads\/2013\/04\/sfhead.jpg","_links":{"self":[{"href":"https:\/\/fram.is\/is\/wp-json\/wp\/v2\/posts\/2827","targetHints":{"allow":["GET"]}}],"collection":[{"href":"https:\/\/fram.is\/is\/wp-json\/wp\/v2\/posts"}],"about":[{"href":"https:\/\/fram.is\/is\/wp-json\/wp\/v2\/types\/post"}],"author":[{"embeddable":true,"href":"https:\/\/fram.is\/is\/wp-json\/wp\/v2\/users\/3"}],"replies":[{"embeddable":true,"href":"https:\/\/fram.is\/is\/wp-json\/wp\/v2\/comments?post=2827"}],"version-history":[{"count":0,"href":"https:\/\/fram.is\/is\/wp-json\/wp\/v2\/posts\/2827\/revisions"}],"wp:featuredmedia":[{"embeddable":true,"href":"https:\/\/fram.is\/is\/wp-json\/wp\/v2\/media\/2829"}],"wp:attachment":[{"href":"https:\/\/fram.is\/is\/wp-json\/wp\/v2\/media?parent=2827"}],"wp:term":[{"taxonomy":"category","embeddable":true,"href":"https:\/\/fram.is\/is\/wp-json\/wp\/v2\/categories?post=2827"},{"taxonomy":"post_tag","embeddable":true,"href":"https:\/\/fram.is\/is\/wp-json\/wp\/v2\/tags?post=2827"}],"curies":[{"name":"wp","href":"https:\/\/api.w.org\/{rel}","templated":true}]}}