{"id":28302,"date":"2021-12-10T10:06:10","date_gmt":"2021-12-10T10:06:10","guid":{"rendered":"https:\/\/fram.is\/?p=28302"},"modified":"2021-12-10T10:06:10","modified_gmt":"2021-12-10T10:06:10","slug":"thorir-gudjonsson-semur-til-tveggja-ara","status":"publish","type":"post","link":"https:\/\/fram.is\/is\/2021\/12\/10\/thorir-gudjonsson-semur-til-tveggja-ara\/","title":{"rendered":"\u00de\u00f3rir Gu\u00f0j\u00f3nsson semur til tveggja \u00e1ra"},"content":{"rendered":"<p>Framherjinn \u00de\u00f3rir Gu\u00f0j\u00f3nsson hefur gert n\u00fdjan samning vi\u00f0 Fram til tveggja \u00e1ra. Samningurinn gildir \u00fat keppnist\u00edmabili\u00f0 2023.<\/p><p>Hinn \u00fer\u00edtugi \u00de\u00f3rir er uppalinn Framari og l\u00e9k hann s\u00edna fyrstu leiki fyrir meistaraflokk f\u00e9lagsins 18 \u00e1ra gamall \u00e1ri\u00f0 2009.\u00a0 \u00c1ri\u00f0 2010 gekk \u00de\u00f3rir til li\u00f0s vi\u00f0 Val og hefur \u00e1 s\u00ednum ferli einnig leiki\u00f0 me\u00f0 Fj\u00f6lni og Brei\u00f0abliki.\u00a0 Alls hefur hann leiki\u00f0 128 leiki \u00ed efstu deild og skora\u00f0 \u00ed \u00feeim 33 m\u00f6rk.<\/p><p>\u00de\u00f3rir gekk til li\u00f0s vi\u00f0 Fram \u00e1 n\u00fdjan leik hausti\u00f0 2019 og hefur leiki\u00f0 st\u00f3rt hlutverk \u00ed velgengni li\u00f0sins \u00e1 s\u00ed\u00f0ustu tveimur \u00e1rum.&nbsp; Hann hefur \u00e1 \u00feessum t\u00edma leitt s\u00f3knarl\u00ednu li\u00f0sins og skora\u00f0 19 m\u00f6rk \u00ed 56 leikjum.<\/p><p>Knattspyrnudeild Fram fagnar \u00fev\u00ed a\u00f0 hafa tryggt s\u00e9r starfskrafta \u00de\u00f3ris og bindur miklar vonir vi\u00f0 hann \u00e1 komandi \u00e1rum.<\/p><figure class=\"wp-block-image size-full\"><img fetchpriority=\"high\" decoding=\"async\" width=\"750\" height=\"830\" src=\"https:\/\/fram.is\/wp-content\/uploads\/2021\/12\/Toti.jpg\" alt=\"\" class=\"wp-image-28303\" srcset=\"https:\/\/fram.is\/wp-content\/uploads\/2021\/12\/Toti.jpg 750w, https:\/\/fram.is\/wp-content\/uploads\/2021\/12\/Toti-271x300.jpg 271w\" sizes=\"(max-width: 750px) 100vw, 750px\" \/><\/figure>","protected":false},"excerpt":{"rendered":"<p>Framherjinn \u00de\u00f3rir Gu\u00f0j\u00f3nsson hefur gert n\u00fdjan samning vi\u00f0 Fram til tveggja \u00e1ra. Samningurinn gildir \u00fat keppnist\u00edmabili\u00f0 2023. Hinn \u00fer\u00edtugi \u00de\u00f3rir er uppalinn Framari og l\u00e9k hann s\u00edna fyrstu leiki fyrir [&hellip;]<\/p>","protected":false},"author":5,"featured_media":28305,"comment_status":"closed","ping_status":"closed","sticky":false,"template":"","format":"standard","meta":{"_monsterinsights_skip_tracking":false,"_monsterinsights_sitenote_active":false,"_monsterinsights_sitenote_note":"","_monsterinsights_sitenote_category":0,"_jetpack_memberships_contains_paid_content":false,"footnotes":""},"categories":[9,11,10],"tags":[],"class_list":["post-28302","post","type-post","status-publish","format-standard","has-post-thumbnail","hentry","category-fotbolti","category-mflkarla","category-frettir"],"jetpack_sharing_enabled":true,"jetpack_featured_media_url":"https:\/\/fram.is\/wp-content\/uploads\/2021\/12\/Toti2.jpg","_links":{"self":[{"href":"https:\/\/fram.is\/is\/wp-json\/wp\/v2\/posts\/28302","targetHints":{"allow":["GET"]}}],"collection":[{"href":"https:\/\/fram.is\/is\/wp-json\/wp\/v2\/posts"}],"about":[{"href":"https:\/\/fram.is\/is\/wp-json\/wp\/v2\/types\/post"}],"author":[{"embeddable":true,"href":"https:\/\/fram.is\/is\/wp-json\/wp\/v2\/users\/5"}],"replies":[{"embeddable":true,"href":"https:\/\/fram.is\/is\/wp-json\/wp\/v2\/comments?post=28302"}],"version-history":[{"count":2,"href":"https:\/\/fram.is\/is\/wp-json\/wp\/v2\/posts\/28302\/revisions"}],"predecessor-version":[{"id":28306,"href":"https:\/\/fram.is\/is\/wp-json\/wp\/v2\/posts\/28302\/revisions\/28306"}],"wp:featuredmedia":[{"embeddable":true,"href":"https:\/\/fram.is\/is\/wp-json\/wp\/v2\/media\/28305"}],"wp:attachment":[{"href":"https:\/\/fram.is\/is\/wp-json\/wp\/v2\/media?parent=28302"}],"wp:term":[{"taxonomy":"category","embeddable":true,"href":"https:\/\/fram.is\/is\/wp-json\/wp\/v2\/categories?post=28302"},{"taxonomy":"post_tag","embeddable":true,"href":"https:\/\/fram.is\/is\/wp-json\/wp\/v2\/tags?post=28302"}],"curies":[{"name":"wp","href":"https:\/\/api.w.org\/{rel}","templated":true}]}}