{"id":28308,"date":"2021-12-13T09:38:08","date_gmt":"2021-12-13T09:38:08","guid":{"rendered":"https:\/\/fram.is\/?p=28308"},"modified":"2021-12-13T09:43:27","modified_gmt":"2021-12-13T09:43:27","slug":"fimm-ungar-og-efnilegar-skrifa-undir-vid-fram","status":"publish","type":"post","link":"https:\/\/fram.is\/is\/2021\/12\/13\/fimm-ungar-og-efnilegar-skrifa-undir-vid-fram\/","title":{"rendered":"Fimm ungar og efnilegar skrifa undir vi\u00f0 Fram"},"content":{"rendered":"<div data-elementor-type=\"wp-post\" data-elementor-id=\"28308\" class=\"elementor elementor-28308\" data-elementor-post-type=\"post\">\n\t\t\t\t<section class=\"elementor-section elementor-top-section elementor-element elementor-element-66ff6fdb elementor-section-boxed elementor-section-height-default elementor-section-height-default\" data-id=\"66ff6fdb\" data-element_type=\"section\">\n\t\t\t\t\t\t<div class=\"elementor-container elementor-column-gap-default\">\n\t\t\t\t\t<div class=\"elementor-column elementor-col-100 elementor-top-column elementor-element elementor-element-61a8ecbf\" data-id=\"61a8ecbf\" data-element_type=\"column\">\n\t\t\t<div class=\"elementor-widget-wrap elementor-element-populated\">\n\t\t\t\t\t\t<div class=\"elementor-element elementor-element-49b5ddfb elementor-widget elementor-widget-text-editor\" data-id=\"49b5ddfb\" data-element_type=\"widget\" data-widget_type=\"text-editor.default\">\n\t\t\t\t<div class=\"elementor-widget-container\"><p><img fetchpriority=\"high\" decoding=\"async\" class=\"size-medium wp-image-28311 alignright\" src=\"https:\/\/fram.is\/wp-content\/uploads\/2021\/12\/Kristin-gyda--169x300.png\" alt=\"\" width=\"169\" height=\"300\" srcset=\"https:\/\/fram.is\/wp-content\/uploads\/2021\/12\/Kristin-gyda--169x300.png 169w, https:\/\/fram.is\/wp-content\/uploads\/2021\/12\/Kristin-gyda--800x1422.png 800w, https:\/\/fram.is\/wp-content\/uploads\/2021\/12\/Kristin-gyda--576x1024.png 576w, https:\/\/fram.is\/wp-content\/uploads\/2021\/12\/Kristin-gyda--768x1365.png 768w, https:\/\/fram.is\/wp-content\/uploads\/2021\/12\/Kristin-gyda--864x1536.png 864w, https:\/\/fram.is\/wp-content\/uploads\/2021\/12\/Kristin-gyda-.png 1080w\" sizes=\"(max-width: 169px) 100vw, 169px\" \/><img decoding=\"async\" class=\"size-medium wp-image-28312 alignright\" src=\"https:\/\/fram.is\/wp-content\/uploads\/2021\/12\/Oddny--169x300.png\" alt=\"\" width=\"169\" height=\"300\" srcset=\"https:\/\/fram.is\/wp-content\/uploads\/2021\/12\/Oddny--169x300.png 169w, https:\/\/fram.is\/wp-content\/uploads\/2021\/12\/Oddny--800x1422.png 800w, https:\/\/fram.is\/wp-content\/uploads\/2021\/12\/Oddny--576x1024.png 576w, https:\/\/fram.is\/wp-content\/uploads\/2021\/12\/Oddny--768x1365.png 768w, https:\/\/fram.is\/wp-content\/uploads\/2021\/12\/Oddny--864x1536.png 864w, https:\/\/fram.is\/wp-content\/uploads\/2021\/12\/Oddny-.png 1080w\" sizes=\"(max-width: 169px) 100vw, 169px\" \/>J\u00f3lin koma snemma hj\u00e1 meistaraflokki kvenna \u00feetta \u00e1ri\u00f0. Fimm ungir og efnilegir leikmenn voru a\u00f0 skrifa undir samninga og framt\u00ed\u00f0in ver\u00f0ur s\u00edfellt bjartari.<\/p><p>Krist\u00edn Gy\u00f0a Dav\u00ed\u00f0sd\u00f3ttir er 18 \u00e1ra varnarsinna\u00f0ur mi\u00f0juma\u00f0ur sem getur einnig leyst vinstri bakv\u00f6r\u00f0. H\u00fan hefur spila\u00f0 me\u00f0 Fram s\u00ed\u00f0ustu 2 t\u00edmabil sem l\u00e1nsma\u00f0ur fr\u00e1 Aftureldingu en er n\u00fa alfari\u00f0 komin yfir til okkar.<\/p><p>Oddn\u00fd Sara Helgad\u00f3ttir er tv\u00edtugur s\u00f3knarsinna\u00f0ur mi\u00f0juma\u00f0ur sem gekk til li\u00f0s vi\u00f0 Fram fr\u00e1 FH fyrir s\u00ed\u00f0asta t\u00edmabil. Oddn\u00fd b\u00fdr yfir miklum hra\u00f0a og t\u00e6kni og kann a\u00f0 skora m\u00f6rk.\u00a0<\/p><p>Oddn\u00fd\u00a0 og Krist\u00edn Gy\u00f0a gegndu b\u00e1\u00f0ar lykilhlutverki \u00ed velgengni s\u00ed\u00f0asta t\u00edmabils. \u00dea\u00f0 eru \u00fev\u00ed fr\u00e1b\u00e6rar fr\u00e9ttir fyrir li\u00f0i\u00f0 a\u00f0 \u00fe\u00e6r semji b\u00e1\u00f0ar vi\u00f0 li\u00f0i\u00f0 til n\u00e6stu tveggja \u00e1ra.<\/p><p><br \/><img decoding=\"async\" class=\"size-medium wp-image-28313 alignright\" src=\"https:\/\/fram.is\/wp-content\/uploads\/2021\/12\/Fanney--169x300.png\" alt=\"\" width=\"169\" height=\"300\" srcset=\"https:\/\/fram.is\/wp-content\/uploads\/2021\/12\/Fanney--169x300.png 169w, https:\/\/fram.is\/wp-content\/uploads\/2021\/12\/Fanney--800x1422.png 800w, https:\/\/fram.is\/wp-content\/uploads\/2021\/12\/Fanney--576x1024.png 576w, https:\/\/fram.is\/wp-content\/uploads\/2021\/12\/Fanney--768x1365.png 768w, https:\/\/fram.is\/wp-content\/uploads\/2021\/12\/Fanney--864x1536.png 864w, https:\/\/fram.is\/wp-content\/uploads\/2021\/12\/Fanney-.png 1080w\" sizes=\"(max-width: 169px) 100vw, 169px\" \/><img loading=\"lazy\" decoding=\"async\" class=\"size-medium wp-image-28314 alignright\" src=\"https:\/\/fram.is\/wp-content\/uploads\/2021\/12\/Asta-Fanney-169x300.png\" alt=\"\" width=\"169\" height=\"300\" srcset=\"https:\/\/fram.is\/wp-content\/uploads\/2021\/12\/Asta-Fanney-169x300.png 169w, https:\/\/fram.is\/wp-content\/uploads\/2021\/12\/Asta-Fanney-800x1422.png 800w, https:\/\/fram.is\/wp-content\/uploads\/2021\/12\/Asta-Fanney-576x1024.png 576w, https:\/\/fram.is\/wp-content\/uploads\/2021\/12\/Asta-Fanney-768x1365.png 768w, https:\/\/fram.is\/wp-content\/uploads\/2021\/12\/Asta-Fanney-864x1536.png 864w, https:\/\/fram.is\/wp-content\/uploads\/2021\/12\/Asta-Fanney.png 1080w\" sizes=\"(max-width: 169px) 100vw, 169px\" \/><img loading=\"lazy\" decoding=\"async\" class=\"size-medium wp-image-28315 alignright\" src=\"https:\/\/fram.is\/wp-content\/uploads\/2021\/12\/Gudlaug--169x300.png\" alt=\"\" width=\"169\" height=\"300\" srcset=\"https:\/\/fram.is\/wp-content\/uploads\/2021\/12\/Gudlaug--169x300.png 169w, https:\/\/fram.is\/wp-content\/uploads\/2021\/12\/Gudlaug--800x1422.png 800w, https:\/\/fram.is\/wp-content\/uploads\/2021\/12\/Gudlaug--576x1024.png 576w, https:\/\/fram.is\/wp-content\/uploads\/2021\/12\/Gudlaug--768x1365.png 768w, https:\/\/fram.is\/wp-content\/uploads\/2021\/12\/Gudlaug--864x1536.png 864w, https:\/\/fram.is\/wp-content\/uploads\/2021\/12\/Gudlaug-.png 1080w\" sizes=\"(max-width: 169px) 100vw, 169px\" \/>\u00der\u00edr n\u00fdjir leikmenn hafa svo gengi\u00f0 til li\u00f0s vi\u00f0 f\u00e9lagi\u00f0.<\/p><p>Fanney Birna Bergsveinsd\u00f3ttir og \u00c1sta Fanney Hrei\u00f0arsd\u00f3ttir eru b\u00e1\u00f0ar mj\u00f6g efnilegir 18 \u00e1ra s\u00f3knarmenn sem koma fr\u00e1 V\u00edkingi.\u00a0<\/p><p>Gu\u00f0laug Embla Helgad\u00f3ttir er svo virkilega spennandi 17 \u00e1ra mi\u00f0v\u00f6r\u00f0ur sem kemur fr\u00e1 Brei\u00f0ablik.\u00a0<\/p><p>Allar gera \u00fe\u00e6r tveggja \u00e1ra samning vi\u00f0 f\u00e9lagi\u00f0 og vi\u00f0 hl\u00f6kkum gr\u00ed\u00f0arlega til a\u00f0 sj\u00e1 \u00fe\u00e6r bl\u00f3mstra me\u00f0 f\u00e9laginu \u00e1 n\u00fdjum og gl\u00e6silegum velli \u00ed \u00dalfars\u00e1rdal n\u00e6stu \u00e1rin.<\/p>\n<p>Knattspyrnudeild Fram\u00a0<\/p><\/div>\n\t\t\t\t<\/div>\n\t\t\t\t\t<\/div>\n\t\t<\/div>\n\t\t\t\t\t<\/div>\n\t\t<\/section>\t\t<\/div>","protected":false},"excerpt":{"rendered":"<p>J\u00f3lin koma snemma hj\u00e1 meistaraflokki kvenna \u00feetta \u00e1ri\u00f0. Fimm ungir og efnilegir leikmenn voru a\u00f0 skrifa undir samninga og framt\u00ed\u00f0in ver\u00f0ur s\u00edfellt bjartari. Krist\u00edn Gy\u00f0a Dav\u00ed\u00f0sd\u00f3ttir er 18 \u00e1ra varnarsinna\u00f0ur [&hellip;]<\/p>","protected":false},"author":5,"featured_media":28309,"comment_status":"closed","ping_status":"closed","sticky":false,"template":"","format":"standard","meta":{"_monsterinsights_skip_tracking":false,"_monsterinsights_sitenote_active":false,"_monsterinsights_sitenote_note":"","_monsterinsights_sitenote_category":0,"_jetpack_memberships_contains_paid_content":false,"footnotes":""},"categories":[9,12],"tags":[],"class_list":["post-28308","post","type-post","status-publish","format-standard","has-post-thumbnail","hentry","category-fotbolti","category-mflkvenna"],"jetpack_sharing_enabled":true,"jetpack_featured_media_url":"https:\/\/fram.is\/wp-content\/uploads\/2021\/12\/5-nyjar-gera-samning-vid-Fram-vefur-scaled.jpg","_links":{"self":[{"href":"https:\/\/fram.is\/is\/wp-json\/wp\/v2\/posts\/28308","targetHints":{"allow":["GET"]}}],"collection":[{"href":"https:\/\/fram.is\/is\/wp-json\/wp\/v2\/posts"}],"about":[{"href":"https:\/\/fram.is\/is\/wp-json\/wp\/v2\/types\/post"}],"author":[{"embeddable":true,"href":"https:\/\/fram.is\/is\/wp-json\/wp\/v2\/users\/5"}],"replies":[{"embeddable":true,"href":"https:\/\/fram.is\/is\/wp-json\/wp\/v2\/comments?post=28308"}],"version-history":[{"count":4,"href":"https:\/\/fram.is\/is\/wp-json\/wp\/v2\/posts\/28308\/revisions"}],"predecessor-version":[{"id":28318,"href":"https:\/\/fram.is\/is\/wp-json\/wp\/v2\/posts\/28308\/revisions\/28318"}],"wp:featuredmedia":[{"embeddable":true,"href":"https:\/\/fram.is\/is\/wp-json\/wp\/v2\/media\/28309"}],"wp:attachment":[{"href":"https:\/\/fram.is\/is\/wp-json\/wp\/v2\/media?parent=28308"}],"wp:term":[{"taxonomy":"category","embeddable":true,"href":"https:\/\/fram.is\/is\/wp-json\/wp\/v2\/categories?post=28308"},{"taxonomy":"post_tag","embeddable":true,"href":"https:\/\/fram.is\/is\/wp-json\/wp\/v2\/tags?post=28308"}],"curies":[{"name":"wp","href":"https:\/\/api.w.org\/{rel}","templated":true}]}}